{"id":20246,"date":"2023-11-06T09:54:20","date_gmt":"2023-11-06T12:54:20","guid":{"rendered":"https:\/\/imais.online\/portal\/?p=20246"},"modified":"2023-11-06T09:54:21","modified_gmt":"2023-11-06T12:54:21","slug":"morre-decimar-goncalves-filha-unica-de-dercy-goncalves-aos-88-anos","status":"publish","type":"post","link":"https:\/\/imais.online\/portal\/morre-decimar-goncalves-filha-unica-de-dercy-goncalves-aos-88-anos\/","title":{"rendered":"Morre Decimar Gon\u00e7alves, filha \u00fanica de Dercy Gon\u00e7alves, aos 88 anos"},"content":{"rendered":"<div class=\"imais-before-content-placement\" id=\"imais-2719035085\"><script async src=\"\/\/pagead2.googlesyndication.com\/pagead\/js\/adsbygoogle.js?client=ca-pub-8787528412751566\" crossorigin=\"anonymous\"><\/script><ins class=\"adsbygoogle\" style=\"display:block;\" data-ad-client=\"ca-pub-8787528412751566\" \ndata-ad-slot=\"\" \ndata-ad-format=\"auto\"><\/ins>\n<script> \n(adsbygoogle = window.adsbygoogle || []).push({}); \n<\/script>\n<\/div>\n<h2 class=\"wp-block-heading\">Not\u00edcia foi confirmada pela neta, Melissa Senra, em um post publicado nas redes sociais; n\u00e3o h\u00e1 informa\u00e7\u00f5es sobre a causa da morte<\/h2>\n\n\n\n<p>Decimar Gon\u00e7alves Senra,\u00a0<a rel=\"noreferrer noopener\" href=\"https:\/\/entretenimento.r7.com\/famosos-e-tv\/filha-de-dercy-goncalves-troca-posicao-do-caixao-da-mae-na-tumba-07102019\" target=\"_blank\">filha \u00fanica da atriz Dercy Gon\u00e7alves<\/a>\u00a0(1907 &#8211; 2008), morreu, aos 88 anos, neste domingo (5). A not\u00edcia foi confirmada pela neta, Melissa Senra, em um post publicado nas redes sociais.\u00a0N\u00e3o h\u00e1 informa\u00e7\u00f5es sobre a causa da morte.<\/p>\n\n\n\n<p>&#8220;O meu mundo ficou mais triste e vazio, mas o c\u00e9u est\u00e1 em festa!!! Hoje me despedi de uma das paix\u00f5es da minha vida. Ela foi uma av\u00f3 extraordin\u00e1ria, meio pai, meio m\u00e3e, minha gostosa (como eu a chamava), minha amigona, companheira\u00e7a, parceirona, sempre ao meu lado, jogando no meu time e torcendo muito&#8221;, escreveu ela.<\/p>\n\n\n\n<p>&#8220;Ela era sin\u00f4nimo de alegria, amor, bondade, generosidade, amizade, e muito mais! Te amo para todo sempre vozinha&#8221;, completou.<\/p>\n\n\n\n<p>Melissa n\u00e3o informou quando e onde ser\u00e3o realizados o vel\u00f3rio e o enterro de Decimar.<\/p>\n\n\n\n<p><a rel=\"noreferrer noopener\" href=\"https:\/\/entretenimento.r7.com\/famosos-e-tv\/dez-anos-apos-morte-dercy-goncalves-continua-revolucionaria-06102019\" target=\"_blank\">Dercy Gon\u00e7alves, por sua vez, morreu aos 101 ap\u00f3s complica\u00e7\u00f5es decorrentes de uma pneumonia<\/a>, em 2018. A artista pediu \u00e0 fam\u00edlia que seu corpo fosse enterrado em p\u00e9 no mausol\u00e9u que construiu em um cemit\u00e9rio, mas, na ocasi\u00e3o,\u00a0<a rel=\"noreferrer noopener\" href=\"https:\/\/entretenimento.r7.com\/famosos-e-tv\/filha-de-dercy-goncalves-troca-posicao-do-caixao-da-mae-na-tumba-07102019\" target=\"_blank\">a pr\u00f3pria Decimar decidiu n\u00e3o atender ao pedido da m\u00e3e e mudou o caix\u00e3o de posi\u00e7\u00e3o<\/a>.<\/p>\n\n\n\n<p>Fonte R7<\/p>\n","protected":false},"excerpt":{"rendered":"<p>Not\u00edcia foi confirmada pela neta, Melissa Senra, em um post publicado nas redes sociais; n\u00e3o h\u00e1 informa\u00e7\u00f5es sobre a causa da morte Decimar Gon\u00e7alves Senra,\u00a0filha \u00fanica da atriz Dercy Gon\u00e7alves\u00a0(1907 &#8211; 2008), morreu, aos 88 anos, neste domingo (5). A not\u00edcia foi confirmada pela neta, Melissa Senra, em um post publicado nas redes sociais.\u00a0N\u00e3o h\u00e1 [&hellip;]<\/p>\n","protected":false},"author":8,"featured_media":20247,"comment_status":"closed","ping_status":"open","sticky":false,"template":"","format":"standard","meta":{"rop_custom_images_group":[],"rop_custom_messages_group":[],"rop_publish_now":"initial","rop_publish_now_accounts":[],"rop_publish_now_history":[],"rop_publish_now_status":"pending","footnotes":""},"categories":[237],"tags":[],"class_list":["post-20246","post","type-post","status-publish","format-standard","has-post-thumbnail","hentry","category-luto"],"amp_enabled":true,"_links":{"self":[{"href":"https:\/\/imais.online\/portal\/wp-json\/wp\/v2\/posts\/20246","targetHints":{"allow":["GET"]}}],"collection":[{"href":"https:\/\/imais.online\/portal\/wp-json\/wp\/v2\/posts"}],"about":[{"href":"https:\/\/imais.online\/portal\/wp-json\/wp\/v2\/types\/post"}],"author":[{"embeddable":true,"href":"https:\/\/imais.online\/portal\/wp-json\/wp\/v2\/users\/8"}],"replies":[{"embeddable":true,"href":"https:\/\/imais.online\/portal\/wp-json\/wp\/v2\/comments?post=20246"}],"version-history":[{"count":1,"href":"https:\/\/imais.online\/portal\/wp-json\/wp\/v2\/posts\/20246\/revisions"}],"predecessor-version":[{"id":20248,"href":"https:\/\/imais.online\/portal\/wp-json\/wp\/v2\/posts\/20246\/revisions\/20248"}],"wp:featuredmedia":[{"embeddable":true,"href":"https:\/\/imais.online\/portal\/wp-json\/wp\/v2\/media\/20247"}],"wp:attachment":[{"href":"https:\/\/imais.online\/portal\/wp-json\/wp\/v2\/media?parent=20246"}],"wp:term":[{"taxonomy":"category","embeddable":true,"href":"https:\/\/imais.online\/portal\/wp-json\/wp\/v2\/categories?post=20246"},{"taxonomy":"post_tag","embeddable":true,"href":"https:\/\/imais.online\/portal\/wp-json\/wp\/v2\/tags?post=20246"}],"curies":[{"name":"wp","href":"https:\/\/api.w.org\/{rel}","templated":true}]}}