{"id":20258,"date":"2023-11-06T10:29:27","date_gmt":"2023-11-06T13:29:27","guid":{"rendered":"https:\/\/imais.online\/portal\/?p=20258"},"modified":"2023-11-06T10:29:28","modified_gmt":"2023-11-06T13:29:28","slug":"como-sera-a-cidade-secreta-que-bilionarios-vao-erguer-do-zero-na-california-veja-desenhos","status":"publish","type":"post","link":"https:\/\/imais.online\/portal\/como-sera-a-cidade-secreta-que-bilionarios-vao-erguer-do-zero-na-california-veja-desenhos\/","title":{"rendered":"Como ser\u00e1 a cidade secreta que bilion\u00e1rios v\u00e3o erguer do zero na Calif\u00f3rnia; veja desenhos"},"content":{"rendered":"<div class=\"imais-before-content-placement\" id=\"imais-3619893101\"><script async src=\"\/\/pagead2.googlesyndication.com\/pagead\/js\/adsbygoogle.js?client=ca-pub-8787528412751566\" crossorigin=\"anonymous\"><\/script><ins class=\"adsbygoogle\" style=\"display:block;\" data-ad-client=\"ca-pub-8787528412751566\" \ndata-ad-slot=\"\" \ndata-ad-format=\"auto\"><\/ins>\n<script> \n(adsbygoogle = window.adsbygoogle || []).push({}); \n<\/script>\n<\/div>\n<h2 class=\"wp-block-heading\">Empreendimento imobili\u00e1rio, que tem entre os investidores executivos que trabalharam no Goldman Sachs, no LinkedIn e no fundo Sequoia Capital, enfrenta oposi\u00e7\u00e3o de moradores locais<\/h2>\n\n\n\n<p>A\u00a0<a class=\"\" href=\"https:\/\/oglobo.globo.com\/economia\/noticia\/2023\/11\/05\/grupo-de-bilionarios-diz-ter-comprado-toda-a-terra-necessaria-para-cidade-secreta-na-california.ghtml\">cidade perfeita idealizada pelos magnatas do Vale do Sil\u00edcio\u00a0<\/a>tem ruas estreitas onde as pessoas t\u00eam prioridade sobre os ve\u00edculos. H\u00e1 muitas \u00e1rvores e \u00e1reas verdes, e muita vida ao ar livre. Os restaurantes t\u00eam terra\u00e7os e h\u00e1 muitas vias para os pedestres explorarem a zona comercial. As crian\u00e7as andam de bicicleta com tranquilidade e os pais n\u00e3o se preocupam com a seguran\u00e7a. O projeto est\u00e1 pronto e a terra, comprada \u2014 agora falta tirar do papel.<\/p>\n\n\n\n<p>A Flannery Associates, empresa do Vale do Sil\u00edcio, afirmou ter adquirido toda a terra necess\u00e1ria para construir&nbsp;<a class=\"\" href=\"https:\/\/oglobo.globo.com\/economia\/negocios\/noticia\/2023\/09\/06\/a-cidade-secreta-que-milionarios-do-vale-do-silicio-vao-erguer-do-zero-na-california.ghtml\">a cidade ut\u00f3pica no norte da Calif\u00f3rnia<\/a>, ap\u00f3s comprar discretamente mais propriedades no \u00faltimo m\u00eas, no projeto California Forever, que tem investimento de um grupo de bilion\u00e1rios.<\/p>\n\n\n\n<p>A empresa adquiriu pelo menos sete lotes de terra, totalizando cerca de 330 hectares no Condado de Solano em outubro, de acordo com registros do governo local.<\/p>\n\n\n\n<p>Na verdade, o plano \u00e9 construir tr\u00eas ou quatro cidades de m\u00e9dio porte com moradias acess\u00edveis, que possam ser percorridas a p\u00e9 e que respeitem o meio ambiente. A Flannery Associates agora possui cerca de 21,4 mil hectares \u2013 o Rio tem pouco menos de seis vezes mais, com 120 mil hectares \u2013 na regi\u00e3o, onde planeja criar uma comunidade verde e acess\u00edvel, que geraria milhares de empregos.<\/p>\n\n\n\n<p>&#8220;Os residentes do condado querem mais oportunidades de viver em comunidades seguras e que possam ser percorridas a p\u00e9. Eles querem empregos bem remunerados que lhes permitam viver e trabalhar no condado&#8221;, disse a empresa em sua apresenta\u00e7\u00e3o do projeto California Living, em setembro.<\/p>\n\n\n\n<p>Um porta-voz da Flannery Associates afirmou, neste in\u00edcio de novembro, que o projeto reuniu toda a terra necess\u00e1ria e n\u00e3o preveem fazer compras adicionais.<\/p>\n\n\n\n<p>\u201cCom rela\u00e7\u00e3o a compras futuras, exceto por algumas propriedades restantes que a Flannery tem sob contrato e fechar\u00e1 nas pr\u00f3ximas semanas, a Flannery reuniu toda a terra de que necessita e n\u00e3o prev\u00ea fazer compras adicionais\u201d, disse a empresa, em um comunicado.<\/p>\n\n\n\n<p>O grupo de investidores \u00e9 liderado por Jan Sramek, um ex-operador do Goldman Sachs, e apoiado por magnatas da tecnologia como o ex-presidente da Sequoia Capital, Mike Moritz, o cofundador do LinkedIn Reid Hoffman e o investidor de risco Marc Andreessen.<\/p>\n\n\n\n<p>O grupo gastou mais de US$ 800 milh\u00f5es (pouco menos de R$ 4 bilh\u00f5es) comprando terras para o projeto, de forma discreta ao longo de v\u00e1rios anos, o que foi revelado pela m\u00eddia pela primeira vez no fim de agosto.<\/p>\n\n\n\n<h2 class=\"wp-block-heading\">Resist\u00eancia local<\/h2>\n\n\n\n<p>Desde ent\u00e3o, o projeto&nbsp;<a class=\"\" href=\"https:\/\/oglobo.globo.com\/economia\/noticia\/2023\/09\/17\/rancho-de-apenas-400-hectares-diz-nao-para-cidade-secreta-de-milionarios-do-vale-do-silicio.ghtml\">tem enfrentado cr\u00edticas de autoridades locais e residentes que temem o impacto<\/a>&nbsp;de seus planos no meio ambiente, na economia agr\u00edcola local e na seguran\u00e7a da vizinha Base A\u00e9rea de Travis.<\/p>\n\n\n\n<p>Para aumentar as tens\u00f5es, a Flannery est\u00e1 processando um grupo de propriet\u00e1rios de terras de Solano, por supostamente conspirarem para inflar os valores de suas propriedades em US$ 170 milh\u00f5es.<\/p>\n\n\n\n<p>A Flannery busca pelo menos US$ 510 milh\u00f5es de indeniza\u00e7\u00e3o, ou tr\u00eas vezes o valor supostamente inflacionado pela fixa\u00e7\u00e3o de pre\u00e7os. Os propriet\u00e1rios de terras negam a acusa\u00e7\u00e3o e buscam a rejei\u00e7\u00e3o do processo.<\/p>\n\n\n\n<p>Alguns dos terrenos que a Flannery comprou no \u00faltimo m\u00eas eram de propriedade de Barnes Family Ranch Associates, Lambie Ranch Associates e Kirby Hill Associates, tr\u00eas dos r\u00e9us no processo que a empresa iniciou em maio, no Tribunal Federal de Sacramento.<\/p>\n\n\n\n<p>A Flannery confirmou na quinta-feira que pagou US$ 18.000 por acre (equivalente a US$ 7.284 por hectare) para acertar com Barnes, Lambie e Kirby, o equivalente a tr\u00eas vezes o valor de mercado justo.<\/p>\n\n\n\n<h2 class=\"wp-block-heading\">Acusa\u00e7\u00f5es de propriet\u00e1rios<\/h2>\n\n\n\n<p>As vendas de terras vieram \u00e0 tona ap\u00f3s as a\u00e7\u00f5es judiciais revelarem as acusa\u00e7\u00f5es dos propriet\u00e1rios de terras contra a Flannery.<\/p>\n\n\n\n<figure class=\"wp-block-image\"><img decoding=\"async\" src=\"https:\/\/s2-oglobo.glbimg.com\/R7b27qP-pfNsuJLRfgkDXoBUTsU=\/0x0:1247x792\/984x0\/smart\/filters:strip_icc()\/i.s3.glbimg.com\/v1\/AUTH_da025474c0c44edd99332dddb09cabe8\/internal_photos\/bs\/2023\/8\/j\/nw8wAmT0SyrtIsh2E1Lw\/vista-de-alguns-terrenos-adquiridos-por-empresarios-do-vale-do-silicio.-carlos-rosillo-el-pais.jpg\" alt=\"Alguns terrenos adquiridos por empres\u00e1rios do Vale do Sil\u00edcio no norte da Callif\u00f3rnia, para construir uma cidade do zero \u2014 Foto: Carlos Rosillo\/El Pa\u00eds\"\/><figcaption class=\"wp-element-caption\">Alguns terrenos adquiridos por empres\u00e1rios do Vale do Sil\u00edcio no norte da Callif\u00f3rnia, para construir uma cidade do zero \u2014 Foto: Carlos Rosillo\/El Pa\u00eds<\/figcaption><\/figure>\n\n\n\n<p>Os r\u00e9us do processo alegam que a Flannery usou t\u00e1ticas de press\u00e3o para convencer agricultores, alguns dos quais cultivam na regi\u00e3o por mais de um s\u00e9culo, a vender suas terras contra a vontade deles.<\/p>\n\n\n\n<p>Eles afirmam que a Flannery criou conflitos entre membros da fam\u00edlia, despejou e encerrou contratos de arrendamento com agricultores que se recusaram a negociar e usou o custo judicial para for\u00e7ar vendas de terras, de acordo com os registros.<\/p>\n\n\n\n<p>Um advogado representando os r\u00e9us n\u00e3o foi encontrado para comentar.<\/p>\n\n\n\n<p>O projeto California Forever tem sido envolto em sigilo desde o in\u00edcio. As compras misteriosas h\u00e1 muito tempo levantaram preocupa\u00e7\u00f5es de seguran\u00e7a nacional, j\u00e1 que parte da terra circunda a base de Travis, da For\u00e7a A\u00e9rea, um importante centro militar dos EUA. Isso levou legisladores locais a pedir uma investiga\u00e7\u00e3o federal e buscar mais transpar\u00eancia em torno da divulga\u00e7\u00e3o de compras de terras agr\u00edcolas.<\/p>\n\n\n\n<figure class=\"wp-block-image size-full is-resized\"><img loading=\"lazy\" decoding=\"async\" width=\"629\" height=\"645\" src=\"https:\/\/imais.online\/portal\/wp-content\/uploads\/2023\/11\/screenshot-7.webp\" alt=\"\" class=\"wp-image-20259\" style=\"aspect-ratio:0.9751937984496124;width:740px;height:auto\" srcset=\"https:\/\/imais.online\/portal\/wp-content\/uploads\/2023\/11\/screenshot-7.webp 629w, https:\/\/imais.online\/portal\/wp-content\/uploads\/2023\/11\/screenshot-7-293x300.webp 293w\" sizes=\"auto, (max-width: 629px) 100vw, 629px\" \/><\/figure>\n\n\n\n<figure class=\"wp-block-image size-full\"><img loading=\"lazy\" decoding=\"async\" width=\"635\" height=\"623\" src=\"https:\/\/imais.online\/portal\/wp-content\/uploads\/2023\/11\/screenshot-8.webp\" alt=\"\" class=\"wp-image-20260\" srcset=\"https:\/\/imais.online\/portal\/wp-content\/uploads\/2023\/11\/screenshot-8.webp 635w, https:\/\/imais.online\/portal\/wp-content\/uploads\/2023\/11\/screenshot-8-300x294.webp 300w\" sizes=\"auto, (max-width: 635px) 100vw, 635px\" \/><\/figure>\n\n\n\n<p>Fonte O Globo <\/p>\n","protected":false},"excerpt":{"rendered":"<p>Empreendimento imobili\u00e1rio, que tem entre os investidores executivos que trabalharam no Goldman Sachs, no LinkedIn e no fundo Sequoia Capital, enfrenta oposi\u00e7\u00e3o de moradores locais A\u00a0cidade perfeita idealizada pelos magnatas do Vale do Sil\u00edcio\u00a0tem ruas estreitas onde as pessoas t\u00eam prioridade sobre os ve\u00edculos. H\u00e1 muitas \u00e1rvores e \u00e1reas verdes, e muita vida ao ar [&hellip;]<\/p>\n","protected":false},"author":8,"featured_media":20261,"comment_status":"closed","ping_status":"open","sticky":false,"template":"","format":"standard","meta":{"rop_custom_images_group":[],"rop_custom_messages_group":[],"rop_publish_now":"initial","rop_publish_now_accounts":[],"rop_publish_now_history":[],"rop_publish_now_status":"pending","footnotes":""},"categories":[212],"tags":[],"class_list":["post-20258","post","type-post","status-publish","format-standard","has-post-thumbnail","hentry","category-internacional"],"amp_enabled":true,"_links":{"self":[{"href":"https:\/\/imais.online\/portal\/wp-json\/wp\/v2\/posts\/20258","targetHints":{"allow":["GET"]}}],"collection":[{"href":"https:\/\/imais.online\/portal\/wp-json\/wp\/v2\/posts"}],"about":[{"href":"https:\/\/imais.online\/portal\/wp-json\/wp\/v2\/types\/post"}],"author":[{"embeddable":true,"href":"https:\/\/imais.online\/portal\/wp-json\/wp\/v2\/users\/8"}],"replies":[{"embeddable":true,"href":"https:\/\/imais.online\/portal\/wp-json\/wp\/v2\/comments?post=20258"}],"version-history":[{"count":1,"href":"https:\/\/imais.online\/portal\/wp-json\/wp\/v2\/posts\/20258\/revisions"}],"predecessor-version":[{"id":20262,"href":"https:\/\/imais.online\/portal\/wp-json\/wp\/v2\/posts\/20258\/revisions\/20262"}],"wp:featuredmedia":[{"embeddable":true,"href":"https:\/\/imais.online\/portal\/wp-json\/wp\/v2\/media\/20261"}],"wp:attachment":[{"href":"https:\/\/imais.online\/portal\/wp-json\/wp\/v2\/media?parent=20258"}],"wp:term":[{"taxonomy":"category","embeddable":true,"href":"https:\/\/imais.online\/portal\/wp-json\/wp\/v2\/categories?post=20258"},{"taxonomy":"post_tag","embeddable":true,"href":"https:\/\/imais.online\/portal\/wp-json\/wp\/v2\/tags?post=20258"}],"curies":[{"name":"wp","href":"https:\/\/api.w.org\/{rel}","templated":true}]}}