{"id":20295,"date":"2023-11-07T11:42:11","date_gmt":"2023-11-07T14:42:11","guid":{"rendered":"https:\/\/imais.online\/portal\/?p=20295"},"modified":"2023-11-07T11:42:11","modified_gmt":"2023-11-07T14:42:11","slug":"matthew-perry-atores-de-friends-nao-acompanharam-funeral-do-ator-ate-o-fim","status":"publish","type":"post","link":"https:\/\/imais.online\/portal\/matthew-perry-atores-de-friends-nao-acompanharam-funeral-do-ator-ate-o-fim\/","title":{"rendered":"Matthew Perry: Atores de \u201cFriends\u201d n\u00e3o acompanharam funeral do ator at\u00e9 o fim"},"content":{"rendered":"<div class=\"imais-before-content-placement\" id=\"imais-667592457\"><script async src=\"\/\/pagead2.googlesyndication.com\/pagead\/js\/adsbygoogle.js?client=ca-pub-8787528412751566\" crossorigin=\"anonymous\"><\/script><ins class=\"adsbygoogle\" style=\"display:block;\" data-ad-client=\"ca-pub-8787528412751566\" \ndata-ad-slot=\"\" \ndata-ad-format=\"auto\"><\/ins>\n<script> \n(adsbygoogle = window.adsbygoogle || []).push({}); \n<\/script>\n<\/div>\n<h2 class=\"wp-block-heading\" id=\"elenco-da-serie-esteve-em-funeral\">Elenco da s\u00e9rie esteve em funeral<\/h2>\n\n\n\n<p>Os colegas de elenco de<strong>\u00a0Matthew Perry<\/strong>, conhecido por seu papel como\u00a0<a href=\"https:\/\/www.youtube.com\/watch?v=9SZ0sL3Wng8&amp;pp=ygUNbWF0dGhldyBwZXJyeQ%3D%3D\">Chandler Bing na s\u00e9rie<em>\u00a0\u201cFriends,\u201d<\/em><\/a><em>\u00a0<\/em>n\u00e3o estiveram presentes no enterro do ator, mas participaram do funeral e da cerim\u00f4nia de despedida.<\/p>\n\n\n\n<p><strong>Jennifer Aniston, Lisa Kudrow, Courteney Cox, David Schwimmer<\/strong>\u00a0e\u00a0<strong>Matt LeBlanc\u00a0<\/strong>estiveram no Forest Lawn Cemetery de Los Angeles na \u00faltima sexta-feira, 3 de novembro. O cemit\u00e9rio, local de descanso de diversos famosos, fica em frente aos est\u00fadios onde \u201cFriends\u201d era gravado.<\/p>\n\n\n\n<p>De acordo com fontes do jornal brit\u00e2nico Daily Mail, Jennifer Aniston, Lisa Kudrow, Courteney Cox e David Schwimmer estiveram no cemit\u00e9rio durante a maior parte do funeral, enquanto Matt LeBlanc chegou ap\u00f3s o cerimonial religioso que durou cerca de uma hora.<\/p>\n\n\n\n<h2 class=\"wp-block-heading\" id=\"matthew-perry-morreu-na-semana-passada\">Matthew Perry morreu na semana passada<\/h2>\n\n\n\n<p>Os cinco colegas de elenco t\u00eam se mantido discretos e evitado falar publicamente sobre a morte de Perry. Eles divulgaram um comunicado conjunto\u00a0<a href=\"https:\/\/hitsite.com.br\/entretenimento\/series\/elenco-de-friends-esta-devastado-com-perda-de-matthew-perry-conta-diretor\/\">lamentando profundamente a perda de seu amigo<\/a>\u00a0e colega de elenco, destacando que eram mais do que apenas colegas de trabalho, eram uma fam\u00edlia.<\/p>\n\n\n\n<p>O comunicado expressou o profundo pesar deles e afirmou que, com o tempo, compartilhariam mais detalhes, mas, por enquanto, est\u00e3o reservando um momento para lamentar e processar a perda. Eles expressaram seus pensamentos e amor \u00e0 fam\u00edlia de Matthew Perry, seus amigos e todos que o amavam ao redor do mundo.<\/p>\n\n\n\n<p>Fonte Hit Site <\/p>\n","protected":false},"excerpt":{"rendered":"<p>Elenco da s\u00e9rie esteve em funeral Os colegas de elenco de\u00a0Matthew Perry, conhecido por seu papel como\u00a0Chandler Bing na s\u00e9rie\u00a0\u201cFriends,\u201d\u00a0n\u00e3o estiveram presentes no enterro do ator, mas participaram do funeral e da cerim\u00f4nia de despedida. Jennifer Aniston, Lisa Kudrow, Courteney Cox, David Schwimmer\u00a0e\u00a0Matt LeBlanc\u00a0estiveram no Forest Lawn Cemetery de Los Angeles na \u00faltima sexta-feira, 3 [&hellip;]<\/p>\n","protected":false},"author":8,"featured_media":20296,"comment_status":"closed","ping_status":"open","sticky":false,"template":"","format":"standard","meta":{"rop_custom_images_group":[],"rop_custom_messages_group":[],"rop_publish_now":"initial","rop_publish_now_accounts":[],"rop_publish_now_history":[],"rop_publish_now_status":"pending","footnotes":""},"categories":[237],"tags":[],"class_list":["post-20295","post","type-post","status-publish","format-standard","has-post-thumbnail","hentry","category-luto"],"amp_enabled":true,"_links":{"self":[{"href":"https:\/\/imais.online\/portal\/wp-json\/wp\/v2\/posts\/20295","targetHints":{"allow":["GET"]}}],"collection":[{"href":"https:\/\/imais.online\/portal\/wp-json\/wp\/v2\/posts"}],"about":[{"href":"https:\/\/imais.online\/portal\/wp-json\/wp\/v2\/types\/post"}],"author":[{"embeddable":true,"href":"https:\/\/imais.online\/portal\/wp-json\/wp\/v2\/users\/8"}],"replies":[{"embeddable":true,"href":"https:\/\/imais.online\/portal\/wp-json\/wp\/v2\/comments?post=20295"}],"version-history":[{"count":1,"href":"https:\/\/imais.online\/portal\/wp-json\/wp\/v2\/posts\/20295\/revisions"}],"predecessor-version":[{"id":20297,"href":"https:\/\/imais.online\/portal\/wp-json\/wp\/v2\/posts\/20295\/revisions\/20297"}],"wp:featuredmedia":[{"embeddable":true,"href":"https:\/\/imais.online\/portal\/wp-json\/wp\/v2\/media\/20296"}],"wp:attachment":[{"href":"https:\/\/imais.online\/portal\/wp-json\/wp\/v2\/media?parent=20295"}],"wp:term":[{"taxonomy":"category","embeddable":true,"href":"https:\/\/imais.online\/portal\/wp-json\/wp\/v2\/categories?post=20295"},{"taxonomy":"post_tag","embeddable":true,"href":"https:\/\/imais.online\/portal\/wp-json\/wp\/v2\/tags?post=20295"}],"curies":[{"name":"wp","href":"https:\/\/api.w.org\/{rel}","templated":true}]}}