{"id":20345,"date":"2023-11-12T22:08:45","date_gmt":"2023-11-13T01:08:45","guid":{"rendered":"https:\/\/imais.online\/portal\/?p=20345"},"modified":"2023-11-12T22:08:46","modified_gmt":"2023-11-13T01:08:46","slug":"matthew-perry-certidao-de-obito-do-ator-e-divulgada","status":"publish","type":"post","link":"https:\/\/imais.online\/portal\/matthew-perry-certidao-de-obito-do-ator-e-divulgada\/","title":{"rendered":"Matthew Perry: certid\u00e3o de \u00f3bito do ator \u00e9 divulgada"},"content":{"rendered":"<div class=\"imais-before-content-placement\" id=\"imais-9349185\"><script async src=\"\/\/pagead2.googlesyndication.com\/pagead\/js\/adsbygoogle.js?client=ca-pub-8787528412751566\" crossorigin=\"anonymous\"><\/script><ins class=\"adsbygoogle\" style=\"display:block;\" data-ad-client=\"ca-pub-8787528412751566\" \ndata-ad-slot=\"\" \ndata-ad-format=\"auto\"><\/ins>\n<script> \n(adsbygoogle = window.adsbygoogle || []).push({}); \n<\/script>\n<\/div>\n<h2 class=\"wp-block-heading\">Ap\u00f3s quase duas semanas da morte da estrela de &#8216;Friends&#8217;, autoridades divulgaram documento com detalhes do ocorrido<\/h2>\n\n\n\n<p>Ap\u00f3s quase duas semanas da\u00a0<a href=\"https:\/\/entretenimento.r7.com\/matthew-perry-ex-astro-de-friends-e-encontrado-morto-aos-54-anos-28102023\">morte de Matthew Perry<\/a>, de 54 anos, a certid\u00e3o de \u00f3bito do ator foi divulgada pelo Los Angeles County Department of Public Health (Departamento de Sa\u00fade P\u00fablica do Condado de Los Angeles). O documento traz a hora em que a morte do int\u00e9rprete do personagem Chandler Bing do seriado\u00a0<em>Friends\u00a0<\/em>foi constatada em sua casa, 16h17 do dia 28 de outubro.<\/p>\n\n\n\n<p>A certid\u00e3o, por\u00e9m, n\u00e3o esclarece a causa da morte, que supostamente teria sido por afogamento. O corpo de Perry foi encontrado dentro de uma banheira na casa onde ele vivia, em Los Angeles.<\/p>\n\n\n\n<p>Autoridades americanas j\u00e1 haviam declarado anteriormente que a aut\u00f3psia feita no corpo de Perry teve resultado inconclusivo e que era preciso aguardar a divulga\u00e7\u00e3o dos exames toxicol\u00f3gicos, que n\u00e3o ficaram prontos at\u00e9 o momento. Nenhuma droga il\u00edcita foi encontrada pela pol\u00edcia no local onde o ator morreu.<\/p>\n\n\n\n<p>A morte de Perry causou como\u00e7\u00e3o nos f\u00e3s de\u00a0<em>Friends\u00a0<\/em>no mundo todo. O ator, que j\u00e1 havia enfrentado problemas com o abuso de \u00e1lcool e subst\u00e2ncias il\u00edcitas, aparentemente estava em um bom momento da vida. No dia de sua morte, ele praticou exerc\u00edcios f\u00edsicos e fez contato com seu assistente pessoal.<\/p>\n\n\n\n<p>Os atores Jennifer Aniston, Courteney Cox, David Schwimmer, Matt LeBlanc e Lisa Kudrow, do elenco principal de&nbsp;<em>Friends,<\/em>&nbsp;se pronunciaram sobre o ocorrido a partir de um comunicado em conjunto, divulgado dois dias ap\u00f3s a morte do colega.<\/p>\n\n\n\n<p>&#8220;Estamos todos absolutamente devastados com a perda de Matthew. \u00c9ramos mais do que simples colegas de elenco. Somos uma fam\u00edlia&#8221;, diz a declara\u00e7\u00e3o, publicada com exclusividade para a People. &#8220;H\u00e1 tanto a ser dito, mas neste momento vamos nos permitir um instante para lamentar e processar esta perda inimagin\u00e1vel.&#8221;<\/p>\n\n\n\n<p>Fonte R7<\/p>\n","protected":false},"excerpt":{"rendered":"<p>Ap\u00f3s quase duas semanas da morte da estrela de &#8216;Friends&#8217;, autoridades divulgaram documento com detalhes do ocorrido Ap\u00f3s quase duas semanas da\u00a0morte de Matthew Perry, de 54 anos, a certid\u00e3o de \u00f3bito do ator foi divulgada pelo Los Angeles County Department of Public Health (Departamento de Sa\u00fade P\u00fablica do Condado de Los Angeles). O documento [&hellip;]<\/p>\n","protected":false},"author":8,"featured_media":20346,"comment_status":"closed","ping_status":"open","sticky":false,"template":"","format":"standard","meta":{"rop_custom_images_group":[],"rop_custom_messages_group":[],"rop_publish_now":"initial","rop_publish_now_accounts":[],"rop_publish_now_history":[],"rop_publish_now_status":"pending","footnotes":""},"categories":[237],"tags":[],"class_list":["post-20345","post","type-post","status-publish","format-standard","has-post-thumbnail","hentry","category-luto"],"amp_enabled":true,"_links":{"self":[{"href":"https:\/\/imais.online\/portal\/wp-json\/wp\/v2\/posts\/20345","targetHints":{"allow":["GET"]}}],"collection":[{"href":"https:\/\/imais.online\/portal\/wp-json\/wp\/v2\/posts"}],"about":[{"href":"https:\/\/imais.online\/portal\/wp-json\/wp\/v2\/types\/post"}],"author":[{"embeddable":true,"href":"https:\/\/imais.online\/portal\/wp-json\/wp\/v2\/users\/8"}],"replies":[{"embeddable":true,"href":"https:\/\/imais.online\/portal\/wp-json\/wp\/v2\/comments?post=20345"}],"version-history":[{"count":1,"href":"https:\/\/imais.online\/portal\/wp-json\/wp\/v2\/posts\/20345\/revisions"}],"predecessor-version":[{"id":20347,"href":"https:\/\/imais.online\/portal\/wp-json\/wp\/v2\/posts\/20345\/revisions\/20347"}],"wp:featuredmedia":[{"embeddable":true,"href":"https:\/\/imais.online\/portal\/wp-json\/wp\/v2\/media\/20346"}],"wp:attachment":[{"href":"https:\/\/imais.online\/portal\/wp-json\/wp\/v2\/media?parent=20345"}],"wp:term":[{"taxonomy":"category","embeddable":true,"href":"https:\/\/imais.online\/portal\/wp-json\/wp\/v2\/categories?post=20345"},{"taxonomy":"post_tag","embeddable":true,"href":"https:\/\/imais.online\/portal\/wp-json\/wp\/v2\/tags?post=20345"}],"curies":[{"name":"wp","href":"https:\/\/api.w.org\/{rel}","templated":true}]}}