{"id":20551,"date":"2023-11-22T09:54:11","date_gmt":"2023-11-22T12:54:11","guid":{"rendered":"https:\/\/imais.online\/portal\/?p=20551"},"modified":"2023-11-22T09:54:12","modified_gmt":"2023-11-22T12:54:12","slug":"guaruja-sp-quer-cobrar-taxa-ambiental-de-turistas","status":"publish","type":"post","link":"https:\/\/imais.online\/portal\/guaruja-sp-quer-cobrar-taxa-ambiental-de-turistas\/","title":{"rendered":"Guaruj\u00e1 (SP) quer cobrar taxa ambiental de turistas"},"content":{"rendered":"<div class=\"imais-before-content-placement\" id=\"imais-3485413937\"><script async src=\"\/\/pagead2.googlesyndication.com\/pagead\/js\/adsbygoogle.js?client=ca-pub-8787528412751566\" crossorigin=\"anonymous\"><\/script><ins class=\"adsbygoogle\" style=\"display:block;\" data-ad-client=\"ca-pub-8787528412751566\" \ndata-ad-slot=\"\" \ndata-ad-format=\"auto\"><\/ins>\n<script> \n(adsbygoogle = window.adsbygoogle || []).push({}); \n<\/script>\n<\/div>\n<h2 class=\"wp-block-heading\">Prefeitura apresentar\u00e1 a proposta em audi\u00eancia p\u00fablica na sexta-feira; ideia \u00e9 encaminhar projeto \u00e0 C\u00e2mara Municipal neste ano<\/h2>\n\n\n\n<p>A Prefeitura de&nbsp;<strong><a href=\"https:\/\/noticias.r7.com\/sao-paulo\" target=\"_blank\" rel=\"noreferrer noopener\">Guaruj\u00e1<\/a><\/strong>&nbsp;planeja cobrar uma taxa de ve\u00edculos que entrem na cidade para turismo. O projeto prev\u00ea o pagamento di\u00e1rio de taxas que variam de&nbsp;R$ 4,26 para motocicletas at\u00e9 R$ 119,28 para \u00f4nibus e caminh\u00f5es.<\/p>\n\n\n\n<p>O projeto ainda est\u00e1 em discuss\u00e3o. Na pr\u00f3xima sexta-feira (24), ser\u00e1 feita uma audi\u00eancia p\u00fablica para a cria\u00e7\u00e3o da TPA (Taxa de Preserva\u00e7\u00e3o Ambiental).<\/p>\n\n\n\n<p>A iniciativa copia estrat\u00e9gia j\u00e1 adotada por outros munic\u00edpios, como Ubatuba. A exemplo da cidade do litoral norte paulista, o Guaruj\u00e1 tamb\u00e9m v\u00ea o n\u00famero de pessoas e ve\u00edculos se multiplicar v\u00e1rias vezes em \u00e9pocas como feriados e temporada de ver\u00e3o.&nbsp;<\/p>\n\n\n\n<p>O documento, elaborado pela Semam (Secretaria Municipal de Meio Ambiente), prev\u00ea cobran\u00e7as di\u00e1rias sobre o ingresso e a perman\u00eancia de ve\u00edculos de fora da Baixada Santista por mais de tr\u00eas horas, com valores equivalentes a at\u00e9 28 UFMs (Unidades Fiscais do Munic\u00edpio).<\/p>\n\n\n\n<p>A expectativa \u00e9 que a proposta seja encaminhada \u00e0 C\u00e2mara Municipal ainda neste ano.<\/p>\n\n\n\n<p>O projeto de lei ser\u00e1 apresentado \u00e0 popula\u00e7\u00e3o no audit\u00f3rio do Sindserv (Sindicato dos Funcion\u00e1rios P\u00fablicos da Prefeitura de Guaruj\u00e1). Na oportunidade, ser\u00e3o divulgados todos os detalhes do texto, bem como os objetivos e a destina\u00e7\u00e3o da TPA.<\/p>\n\n\n\n<p>A aplica\u00e7\u00e3o da TPA \u00e9 exclusiva para visitantes, ou seja, ser\u00e3o isentos ve\u00edculos de moradores de Guaruj\u00e1 e das oito demais cidades da Baixada Santista, desde que estejam devidamente cadastrados.<\/p>\n\n\n\n<p>O mesmo valer\u00e1 para ve\u00edculos de servi\u00e7os essenciais, como ambul\u00e2ncias, viaturas policiais, transporte p\u00fablico coletivo e carros f\u00fanebres. Aqueles que est\u00e3o a trabalho, abastecendo o com\u00e9rcio local ou de passagem breve, inferior a 3 horas, tamb\u00e9m n\u00e3o v\u00e3o pagar a taxa.<\/p>\n\n\n\n<p>O secret\u00e1rio do meio ambiente de Guaruj\u00e1, Ricardo de Souza, destaca que a TPA estabelece uma esp\u00e9cie de compensa\u00e7\u00e3o ambiental, considerando o grande n\u00famero de visitantes que a cidade recebe em per\u00edodos de f\u00e9rias, alta temporada e feriados prolongados.<\/p>\n\n\n\n<p>\u201cUm exemplo disso se verifica na produ\u00e7\u00e3o de res\u00edduos s\u00f3lidos: uma pessoa produz de 1kg a 1,6kg por dia, em m\u00e9dia. E o servi\u00e7o de coleta de lixo \u00e9 medido por peso\u201d, explica ele.<\/p>\n\n\n\n<p>Todo o dinheiro arrecadado pela TPA ser\u00e1 destinado ao Fundo Municipal de Meio Ambiente, que vai usar a verba em servi\u00e7os administrativos e medidas ambientais vindas da degrada\u00e7\u00e3o ocasionada pela circula\u00e7\u00e3o de ve\u00edculos.&nbsp;<\/p>\n\n\n\n<p>A cobran\u00e7a da TPA acontecer\u00e1 de forma autom\u00e1tica. Todos os ve\u00edculos de fora da Baixada Santista que circularem na cidade dever\u00e3o efetuar cadastro pela internet ou postos f\u00edsicos de recolhimento definidos pela prefeitura.<\/p>\n\n\n\n<p>Os condutores ter\u00e3o at\u00e9 72 horas para registrar a sua entrada. Entretanto, caso isso n\u00e3o aconte\u00e7a, o munic\u00edpio emitir\u00e1 um boleto de pagamento correspondente ao valor das di\u00e1rias, al\u00e9m de multa prevista na lei.<\/p>\n\n\n\n<p>Confira todos os valores previstos para a TPA<\/p>\n\n\n\n<p>\u2022 R$ 4,26 para motocicletas, motonetas e ciclomotores (acima de 50 cilindradas);<\/p>\n\n\n\n<p>\u2022 R$ 12,78 para ve\u00edculos de pequeno porte (compactos e m\u00e9dios);<\/p>\n\n\n\n<p>\u2022 R$ 17,04 para ve\u00edculos utilit\u00e1rios (caminhonetes, SUVs, kombis e outros);<\/p>\n\n\n\n<p>\u2022 R$ 42,60 + taxa de entrada de ve\u00edculos de tur\u00edsticos para vans;<\/p>\n\n\n\n<p>\u2022 R$ 55,38 + taxa de entrada de ve\u00edculos tur\u00edsticos para micro\u00f4nibus, motorhomes e caminh\u00f5es (dois eixos);<\/p>\n\n\n\n<p>\u2022 R$ 119,28 + taxa entrada de ve\u00edculos tur\u00edsticos para \u00f4nibus e caminh\u00f5es (acima de tr\u00eas eixos).<\/p>\n\n\n\n<p>Fonte R7<\/p>\n","protected":false},"excerpt":{"rendered":"<p>Prefeitura apresentar\u00e1 a proposta em audi\u00eancia p\u00fablica na sexta-feira; ideia \u00e9 encaminhar projeto \u00e0 C\u00e2mara Municipal neste ano A Prefeitura de&nbsp;Guaruj\u00e1&nbsp;planeja cobrar uma taxa de ve\u00edculos que entrem na cidade para turismo. O projeto prev\u00ea o pagamento di\u00e1rio de taxas que variam de&nbsp;R$ 4,26 para motocicletas at\u00e9 R$ 119,28 para \u00f4nibus e caminh\u00f5es. O projeto [&hellip;]<\/p>\n","protected":false},"author":8,"featured_media":20552,"comment_status":"closed","ping_status":"open","sticky":false,"template":"","format":"standard","meta":{"rop_custom_images_group":[],"rop_custom_messages_group":[],"rop_publish_now":"initial","rop_publish_now_accounts":[],"rop_publish_now_history":[],"rop_publish_now_status":"pending","footnotes":""},"categories":[263],"tags":[],"class_list":["post-20551","post","type-post","status-publish","format-standard","has-post-thumbnail","hentry","category-litoral"],"amp_enabled":true,"_links":{"self":[{"href":"https:\/\/imais.online\/portal\/wp-json\/wp\/v2\/posts\/20551","targetHints":{"allow":["GET"]}}],"collection":[{"href":"https:\/\/imais.online\/portal\/wp-json\/wp\/v2\/posts"}],"about":[{"href":"https:\/\/imais.online\/portal\/wp-json\/wp\/v2\/types\/post"}],"author":[{"embeddable":true,"href":"https:\/\/imais.online\/portal\/wp-json\/wp\/v2\/users\/8"}],"replies":[{"embeddable":true,"href":"https:\/\/imais.online\/portal\/wp-json\/wp\/v2\/comments?post=20551"}],"version-history":[{"count":1,"href":"https:\/\/imais.online\/portal\/wp-json\/wp\/v2\/posts\/20551\/revisions"}],"predecessor-version":[{"id":20553,"href":"https:\/\/imais.online\/portal\/wp-json\/wp\/v2\/posts\/20551\/revisions\/20553"}],"wp:featuredmedia":[{"embeddable":true,"href":"https:\/\/imais.online\/portal\/wp-json\/wp\/v2\/media\/20552"}],"wp:attachment":[{"href":"https:\/\/imais.online\/portal\/wp-json\/wp\/v2\/media?parent=20551"}],"wp:term":[{"taxonomy":"category","embeddable":true,"href":"https:\/\/imais.online\/portal\/wp-json\/wp\/v2\/categories?post=20551"},{"taxonomy":"post_tag","embeddable":true,"href":"https:\/\/imais.online\/portal\/wp-json\/wp\/v2\/tags?post=20551"}],"curies":[{"name":"wp","href":"https:\/\/api.w.org\/{rel}","templated":true}]}}