{"id":20560,"date":"2023-11-22T10:09:14","date_gmt":"2023-11-22T13:09:14","guid":{"rendered":"https:\/\/imais.online\/portal\/?p=20560"},"modified":"2023-11-22T10:09:15","modified_gmt":"2023-11-22T13:09:15","slug":"arqueologos-peruanos-encontram-mumias-de-criancas-de-mil-anos-em-lima","status":"publish","type":"post","link":"https:\/\/imais.online\/portal\/arqueologos-peruanos-encontram-mumias-de-criancas-de-mil-anos-em-lima\/","title":{"rendered":"Arque\u00f3logos peruanos encontram m\u00famias de crian\u00e7as de mil anos em Lima"},"content":{"rendered":"<div class=\"imais-before-content-placement\" id=\"imais-2944842305\"><script async src=\"\/\/pagead2.googlesyndication.com\/pagead\/js\/adsbygoogle.js?client=ca-pub-8787528412751566\" crossorigin=\"anonymous\"><\/script><ins class=\"adsbygoogle\" style=\"display:block;\" data-ad-client=\"ca-pub-8787528412751566\" \ndata-ad-slot=\"\" \ndata-ad-format=\"auto\"><\/ins>\n<script> \n(adsbygoogle = window.adsbygoogle || []).push({}); \n<\/script>\n<\/div>\n<h2 class=\"wp-block-heading\">Os pesquisadores acreditam que as crian\u00e7as, encontradas na segunda-feira, juntamente com os restos mortais de um adulto, prov\u00eam da cultura Ychsma, que se desenvolveu na costa central do Peru antes da ascens\u00e3o do Imp\u00e9rio Inca.<\/h2>\n\n\n\n<p><strong>A<\/strong>rque\u00f3logos peruanos encontraram quatro m\u00famias de crian\u00e7as que se acredita terem pelo menos mil anos, em um espa\u00e7o cerimonial sagrado localizado em um dos bairros mais antigos da cidade de Lima.<\/p>\n\n\n\n<p>Os pesquisadores acreditam que as crian\u00e7as, encontradas na segunda-feira, juntamente com os restos mortais de um adulto, prov\u00eam da cultura Ychsma, que se desenvolveu na costa central do Peru antes da ascens\u00e3o do Imp\u00e9rio Inca.<\/p>\n\n\n\n<p>Alguns restos mortais foram encontrados ao p\u00e9 de uma escadaria numa pequena colina que se acredita ter escondido um templo. Luis Takuda, um arque\u00f3logo do distrito de Rimac, em Lima, disse que o templo foi provavelmente constru\u00eddo h\u00e1 3.500 anos.<\/p>\n\n\n\n<p>&#8220;Toda esta \u00e1rea \u00e9 uma c\u00e2mara cerimonial muito importante. As pessoas que viviam aqui durante o per\u00edodo Ychsma ainda o consideravam um espa\u00e7o sagrado e, por isso, enterravam os mortos aqui&#8221;, disse Takuda.<\/p>\n\n\n\n<p>Os restos mortais foram encontrados juntamente com cer\u00e2micas e os cr\u00e2nios das m\u00famias ainda tinham cabelo.<\/p>\n\n\n\n<p>Lima, com uma popula\u00e7\u00e3o de cerca de 10 milh\u00f5es de habitantes, abriga cerca de 400 ru\u00ednas arqueol\u00f3gicas. Os maiores s\u00edtios arqueol\u00f3gicos do Peru est\u00e3o localizados fora de Lima, em zonas como Cusco, que foi a capital do Imp\u00e9rio Inca e caiu nas m\u00e3os dos conquistadores espanh\u00f3is no s\u00e9culo XVI.<\/p>\n\n\n\n<p>Fonte Mundo ao Minuto<\/p>\n","protected":false},"excerpt":{"rendered":"<p>Os pesquisadores acreditam que as crian\u00e7as, encontradas na segunda-feira, juntamente com os restos mortais de um adulto, prov\u00eam da cultura Ychsma, que se desenvolveu na costa central do Peru antes da ascens\u00e3o do Imp\u00e9rio Inca. Arque\u00f3logos peruanos encontraram quatro m\u00famias de crian\u00e7as que se acredita terem pelo menos mil anos, em um espa\u00e7o cerimonial sagrado [&hellip;]<\/p>\n","protected":false},"author":8,"featured_media":20561,"comment_status":"closed","ping_status":"open","sticky":false,"template":"","format":"standard","meta":{"rop_custom_images_group":[],"rop_custom_messages_group":[],"rop_publish_now":"initial","rop_publish_now_accounts":[],"rop_publish_now_history":[],"rop_publish_now_status":"pending","footnotes":""},"categories":[212],"tags":[],"class_list":["post-20560","post","type-post","status-publish","format-standard","has-post-thumbnail","hentry","category-internacional"],"amp_enabled":true,"_links":{"self":[{"href":"https:\/\/imais.online\/portal\/wp-json\/wp\/v2\/posts\/20560","targetHints":{"allow":["GET"]}}],"collection":[{"href":"https:\/\/imais.online\/portal\/wp-json\/wp\/v2\/posts"}],"about":[{"href":"https:\/\/imais.online\/portal\/wp-json\/wp\/v2\/types\/post"}],"author":[{"embeddable":true,"href":"https:\/\/imais.online\/portal\/wp-json\/wp\/v2\/users\/8"}],"replies":[{"embeddable":true,"href":"https:\/\/imais.online\/portal\/wp-json\/wp\/v2\/comments?post=20560"}],"version-history":[{"count":1,"href":"https:\/\/imais.online\/portal\/wp-json\/wp\/v2\/posts\/20560\/revisions"}],"predecessor-version":[{"id":20562,"href":"https:\/\/imais.online\/portal\/wp-json\/wp\/v2\/posts\/20560\/revisions\/20562"}],"wp:featuredmedia":[{"embeddable":true,"href":"https:\/\/imais.online\/portal\/wp-json\/wp\/v2\/media\/20561"}],"wp:attachment":[{"href":"https:\/\/imais.online\/portal\/wp-json\/wp\/v2\/media?parent=20560"}],"wp:term":[{"taxonomy":"category","embeddable":true,"href":"https:\/\/imais.online\/portal\/wp-json\/wp\/v2\/categories?post=20560"},{"taxonomy":"post_tag","embeddable":true,"href":"https:\/\/imais.online\/portal\/wp-json\/wp\/v2\/tags?post=20560"}],"curies":[{"name":"wp","href":"https:\/\/api.w.org\/{rel}","templated":true}]}}