{"id":20580,"date":"2023-11-23T12:01:00","date_gmt":"2023-11-23T15:01:00","guid":{"rendered":"https:\/\/imais.online\/portal\/?p=20580"},"modified":"2023-11-23T12:01:01","modified_gmt":"2023-11-23T15:01:01","slug":"calor-vai-piorar-efeitos-do-el-nino-serao-mais-extremos-em-dezembro-e-inicio-de-2024","status":"publish","type":"post","link":"https:\/\/imais.online\/portal\/calor-vai-piorar-efeitos-do-el-nino-serao-mais-extremos-em-dezembro-e-inicio-de-2024\/","title":{"rendered":"Calor vai piorar: efeitos do El Ni\u00f1o ser\u00e3o mais extremos em dezembro e in\u00edcio de 2024"},"content":{"rendered":"<div class=\"imais-before-content-placement\" id=\"imais-2064225956\"><script async src=\"\/\/pagead2.googlesyndication.com\/pagead\/js\/adsbygoogle.js?client=ca-pub-8787528412751566\" crossorigin=\"anonymous\"><\/script><ins class=\"adsbygoogle\" style=\"display:block;\" data-ad-client=\"ca-pub-8787528412751566\" \ndata-ad-slot=\"\" \ndata-ad-format=\"auto\"><\/ins>\n<script> \n(adsbygoogle = window.adsbygoogle || []).push({}); \n<\/script>\n<\/div>\n<h2 class=\"wp-block-heading\">Pesquisadores clim\u00e1ticos afirmam que o fen\u00f4meno tamb\u00e9m aumentar\u00e1 tempestades e pode p\u00f4r popula\u00e7\u00e3o em risco<\/h2>\n\n\n\n<p>Enquanto 2023 caminha para ser o ano\u00a0<a href=\"https:\/\/noticias.r7.com\/tecnologia-e-ciencia\/onu-primeira-semana-de-julho-foi-a-mais-quente-ja-registrada-10072023\">mais quente j\u00e1 registrado<\/a>\u00a0na hist\u00f3ria, a previs\u00e3o \u00e9 que o pior ainda vai chegar. Segundo pesquisadores clim\u00e1ticos,<strong>\u00a0dezembro deve ser ainda mais quente e seco que os \u00faltimos meses, com\u00a0<a href=\"https:\/\/noticias.r7.com\/tecnologia-e-ciencia\/risco-de-morte-por-calor-extremo-pode-quintuplicar-ate-2050-15112023\">temperaturas extremas<\/a>\u00a0que devem ser sentidas tamb\u00e9m no in\u00edcio de 2024<\/strong>.<\/p>\n\n\n\n<p>A culpa, como esperado, \u00e9 a intensifica\u00e7\u00e3o dos efeitos do\u00a0<a href=\"https:\/\/noticias.r7.com\/tecnologia-e-ciencia\/entendendo-el-nino-e-la-nina-10072023\">fen\u00f4meno El Ni\u00f1o<\/a>, que ocorre com o aquecimento das \u00e1guas do oceano Pac\u00edfico.<\/p>\n\n\n\n<p>A conclus\u00e3o \u00e9 dos cientistas da ABC (Academia Brasileira de Ci\u00eancias), durante a confer\u00eancia &#8220;Crise clim\u00e1tica e desastres como consequ\u00eancia do El Ni\u00f1o 2023-2024: impactos observados e esperados no Brasil&#8221;, realizada no dia 16.<\/p>\n\n\n\n<p><strong>Para o per\u00edodo, \u00e9 esperado um grande aumento da&nbsp;<a href=\"https:\/\/noticias.r7.com\/cidades\/em-periodo-de-seca-severa-amazonas-tem-alerta-para-chuvas-intensas-ate-terca-feira-21112023\">seca no centro da Amaz\u00f4nia<\/a>&nbsp;e no interior do semi\u00e1rido<\/strong>, regi\u00f5es que j\u00e1 sofreram bastante com estiagem devido ao El Ni\u00f1o.<\/p>\n\n\n\n<figure class=\"wp-block-image\"><img decoding=\"async\" src=\"https:\/\/img.r7.com\/images\/infografico-el-nino-la-nina-mudancas-climaticas-04072023175531940\" alt=\"\" title=\"\"\/><\/figure>\n\n\n\n<p>SOPHIE RAMIS, GAL ROMA, MARIA-CECILIA REZENDE \/ AFP &#8211; 04.07.2023<\/p>\n\n\n\n<p>Para piorar, os efeitos do fen\u00f4meno se somam \u00e0 devasta\u00e7\u00e3o causada pelas&nbsp;<a href=\"https:\/\/noticias.r7.com\/tecnologia-e-ciencia\/onu-mundo-deve-fazer-muito-mais-para-frear-a-mudanca-climatica-08092023\">mudan\u00e7as clim\u00e1ticas<\/a>&nbsp;recentes, que tornaram os \u00faltimos anos mais quentes que o esperado.<\/p>\n\n\n\n<p>&#8220;O que esperamos nas proje\u00e7\u00f5es futuras, que est\u00e3o convergindo mais, \u00e9 que teremos mais El Ni\u00f1os extremos, com aumento da magnitude desses eventos fortes como estamos vendo agora&#8221;, afirmou&nbsp;Regina Rodrigues, professora de oceanografia da Universidade Federal de Santa Catarina (UFSC), durante o evento.<\/p>\n\n\n\n<p>&#8220;Os eventos\u00a0<a href=\"https:\/\/noticias.r7.com\/tecnologia-e-ciencia\/peso-do-mundo-caiu-sobre-os-ombros-de-um-geologo-jan-zalasiewicz-11072023\">do clima est\u00e3o mais extremos<\/a>\u00a0e frequentes com as mudan\u00e7as clim\u00e1ticas&#8221;, completa\u00a0Carlos Nobre,\u00a0do Instituto de Estudos Avan\u00e7ados da USP.<\/p>\n\n\n\n<h3 class=\"wp-block-heading\">Desafios clim\u00e1ticos<\/h3>\n\n\n\n<p>Os cientistas afirmam que o Brasil enfrenta desafios espec\u00edficos com a\u00a0<a href=\"https:\/\/noticias.r7.com\/sao-paulo\/apos-dia-quente-em-sp-temporal-faz-corregos-transbordarem-e-bairros-entram-em-estado-de-alerta-15112023\">chegada de tempestades<\/a>\u00a0e calor\u00e3o, principalmente porque parte da popula\u00e7\u00e3o do pa\u00eds vive em\u00a0<a href=\"https:\/\/noticias.r7.com\/brasilia\/brasil-tem-135-mil-areas-de-risco-mapeadas-para-desastres-naturais-22022023\">\u00e1reas de risco<\/a>.<\/p>\n\n\n\n<p>S\u00e3o mais de 3.000 quil\u00f4metros quadrados de \u00e1reas sob risco de&nbsp;<a href=\"https:\/\/noticias.r7.com\/cidades\/desastres-naturais-atingiram-93-dos-municipios-nos-ultimos-10-anos-27072023\">desastres clim\u00e1ticos<\/a>, o que coloca o Brasil entre os dez pa\u00edses com mais \u00e1reas afetadas por deslizamentos de terra.<\/p>\n\n\n\n<p>Para enfrentar problemas t\u00e3o grandes, \u00e9 preciso criar protocolos para per\u00edodos de\u00a0<a href=\"https:\/\/noticias.r7.com\/sao-paulo\/apos-dia-quente-em-sp-temporal-faz-corregos-transbordarem-e-bairros-entram-em-estado-de-alerta-15112023\">grandes chuvas<\/a>\u00a0\u2014 com reservat\u00f3rios de \u00e1gua e a\u00e7\u00f5es de deslocar popula\u00e7\u00f5es em \u00e1reas perigosas antes da chegada de tempestades.<\/p>\n\n\n\n<p>Al\u00e9m dos riscos causados por chuvas cada vez maiores, h\u00e1 ainda a possibilidade da chegada de um &#8220;ponto de n\u00e3o retorno&#8221;, que p\u00f5e em&nbsp;<a href=\"https:\/\/noticias.r7.com\/cidades\/sem-agua-nao-tem-vida-seca-na-amazonia-brasileira-aumenta-o-temor-pelo-futuro-12102023\">risco a Amaz\u00f4nia<\/a>, que pode se tornar uma \u00e1rea de desertifica\u00e7\u00e3o.<\/p>\n\n\n\n<p>&#8220;Estamos entrando em territ\u00f3rio desconhecido.\u00a0Nenhum El Ni\u00f1o \u00e9 igual a outro, mas o que temos notado \u00e9 que esse fen\u00f4meno tem se alterado. E h\u00e1 uma variabilidade maior. Os picos m\u00ednimos e m\u00e1ximos est\u00e3o mais amplos&#8221;, ressaltou\u00a0Chou Sin Chan, especialista em\u00a0meteorologia que trabalha no Inpe (Instituto Nacional de Pesquisas Espaciais).<\/p>\n\n\n\n<p>Fonte R7<\/p>\n","protected":false},"excerpt":{"rendered":"<p>Pesquisadores clim\u00e1ticos afirmam que o fen\u00f4meno tamb\u00e9m aumentar\u00e1 tempestades e pode p\u00f4r popula\u00e7\u00e3o em risco Enquanto 2023 caminha para ser o ano\u00a0mais quente j\u00e1 registrado\u00a0na hist\u00f3ria, a previs\u00e3o \u00e9 que o pior ainda vai chegar. Segundo pesquisadores clim\u00e1ticos,\u00a0dezembro deve ser ainda mais quente e seco que os \u00faltimos meses, com\u00a0temperaturas extremas\u00a0que devem ser sentidas tamb\u00e9m [&hellip;]<\/p>\n","protected":false},"author":8,"featured_media":20581,"comment_status":"closed","ping_status":"open","sticky":false,"template":"","format":"standard","meta":{"rop_custom_images_group":[],"rop_custom_messages_group":[],"rop_publish_now":"initial","rop_publish_now_accounts":[],"rop_publish_now_history":[],"rop_publish_now_status":"pending","footnotes":""},"categories":[212],"tags":[73],"class_list":["post-20580","post","type-post","status-publish","format-standard","has-post-thumbnail","hentry","category-internacional","tag-featured"],"amp_enabled":true,"_links":{"self":[{"href":"https:\/\/imais.online\/portal\/wp-json\/wp\/v2\/posts\/20580","targetHints":{"allow":["GET"]}}],"collection":[{"href":"https:\/\/imais.online\/portal\/wp-json\/wp\/v2\/posts"}],"about":[{"href":"https:\/\/imais.online\/portal\/wp-json\/wp\/v2\/types\/post"}],"author":[{"embeddable":true,"href":"https:\/\/imais.online\/portal\/wp-json\/wp\/v2\/users\/8"}],"replies":[{"embeddable":true,"href":"https:\/\/imais.online\/portal\/wp-json\/wp\/v2\/comments?post=20580"}],"version-history":[{"count":1,"href":"https:\/\/imais.online\/portal\/wp-json\/wp\/v2\/posts\/20580\/revisions"}],"predecessor-version":[{"id":20582,"href":"https:\/\/imais.online\/portal\/wp-json\/wp\/v2\/posts\/20580\/revisions\/20582"}],"wp:featuredmedia":[{"embeddable":true,"href":"https:\/\/imais.online\/portal\/wp-json\/wp\/v2\/media\/20581"}],"wp:attachment":[{"href":"https:\/\/imais.online\/portal\/wp-json\/wp\/v2\/media?parent=20580"}],"wp:term":[{"taxonomy":"category","embeddable":true,"href":"https:\/\/imais.online\/portal\/wp-json\/wp\/v2\/categories?post=20580"},{"taxonomy":"post_tag","embeddable":true,"href":"https:\/\/imais.online\/portal\/wp-json\/wp\/v2\/tags?post=20580"}],"curies":[{"name":"wp","href":"https:\/\/api.w.org\/{rel}","templated":true}]}}