{"id":20640,"date":"2023-11-24T11:32:47","date_gmt":"2023-11-24T14:32:47","guid":{"rendered":"https:\/\/imais.online\/portal\/?p=20640"},"modified":"2023-11-24T11:32:48","modified_gmt":"2023-11-24T14:32:48","slug":"assim-como-a-china-franca-entra-em-alerta-apos-aumento-dos-casos-de-pneumonia-em-criancas","status":"publish","type":"post","link":"https:\/\/imais.online\/portal\/assim-como-a-china-franca-entra-em-alerta-apos-aumento-dos-casos-de-pneumonia-em-criancas\/","title":{"rendered":"Assim como a China, Fran\u00e7a entra em alerta ap\u00f3s aumento dos casos de pneumonia em crian\u00e7as"},"content":{"rendered":"<div class=\"imais-before-content-placement\" id=\"imais-2946717960\"><script async src=\"\/\/pagead2.googlesyndication.com\/pagead\/js\/adsbygoogle.js?client=ca-pub-8787528412751566\" crossorigin=\"anonymous\"><\/script><ins class=\"adsbygoogle\" style=\"display:block;\" data-ad-client=\"ca-pub-8787528412751566\" \ndata-ad-slot=\"\" \ndata-ad-format=\"auto\"><\/ins>\n<script> \n(adsbygoogle = window.adsbygoogle || []).push({}); \n<\/script>\n<\/div>\n<h2 class=\"wp-block-heading\">M\u00e9dicos identificaram que muitos pacientes com menos de 15 anos foram infectados pela bact\u00e9ria\u00a0Mycoplasma pneumoniae<\/h2>\n\n\n\n<p>A Fran\u00e7a enfrenta um aumento significativo de casos de pneumonia entre crian\u00e7as e adolescentes, um&nbsp;<a href=\"https:\/\/noticias.r7.com\/saude\/pneumonia-misteriosa-lota-hospitais-infantis-na-china-e-acende-alerta-de-nova-epidemia-23112023\"><strong>cen\u00e1rio parecido com o observado na China<\/strong><\/a>.<\/p>\n\n\n\n<p>Uma reportagem da emissora de televis\u00e3o parisiense BFMTV informa que os atendimentos para essa doen\u00e7a aumentaram 36% na semana de 13 a 19 de novembro.<\/p>\n\n\n\n<p>Cresceram tamb\u00e9m as notifica\u00e7\u00f5es de gripe (+24%), bronquite (+23%) e suspeitas de Covid-19 (+44%) em menores de 15 anos.<\/p>\n\n\n\n<p>Em rela\u00e7\u00e3o aos casos espec\u00edficos de pneumonia, chamam aten\u00e7\u00e3o dos m\u00e9dicos aqueles causados pela bact\u00e9ria\u00a0<em>Mycoplasma pneumoniae<\/em>, a mesma relatada em alguns pacientes chineses, segundo a OMS (Organiza\u00e7\u00e3o Mundial da Sa\u00fade).<\/p>\n\n\n\n<p>&#8220;H\u00e1 mais casos, e eles s\u00e3o mais graves, com casos em terapia intensiva&#8221;, diz \u00e0 BFMTV o m\u00e9dico pediatra Andreas Werner, presidente da AFPA (Associa\u00e7\u00e3o Francesa de Pediatria Ambulatorial).<\/p>\n\n\n\n<p>Os pacientes apresentam tosse e febre alta. O m\u00e9dico alerta que h\u00e1 situa\u00e7\u00f5es em que antibi\u00f3ticos convencionais s\u00e3o ineficazes.<\/p>\n\n\n\n<p>O especialista acrescenta que, normalmente, a infec\u00e7\u00e3o afeta indiv\u00edduos de 6 a 15 anos, sendo muito mais rara entre crian\u00e7as abaixo de 5 ou 6 anos.<\/p>\n\n\n\n<p>Segundo o virologista Bruno Lina, tamb\u00e9m ouvido pela emissora parisiense, os casos &#8220;s\u00e3o pneumonias agudas comunit\u00e1rias, ou seja, n\u00e3o s\u00e3o adquiridas no hospital, mas na cidade&#8221;.<\/p>\n\n\n\n<p>Ele pontua os principais sintomas: &#8220;Febre, tosse, espirros, dor de cabe\u00e7a e, quando a pneumonia se desenvolve, tosse com falta de ar&#8221;.<\/p>\n\n\n\n<p>O aumento de casos em territ\u00f3rio franc\u00eas \u00e9 acompanhado pelas autoridades sanit\u00e1rias. A tend\u00eancia de aumento precisa ser confirmada nas pr\u00f3ximas duas a tr\u00eas semanas.<\/p>\n\n\n\n<p>A bact\u00e9ria&nbsp;<em>Mycoplasma pneumoniae<\/em>&nbsp;costuma aparecer de tempos em tempos, salienta o virologista.<\/p>\n\n\n\n<p>&#8220;Sabemos que \u00e9 uma bact\u00e9ria que tem ciclos de circula\u00e7\u00e3o internacional, aproximadamente a cada cinco anos. O inverno de 2023-2024 [no hemisf\u00e9rio norte] ocorre nos cinco anos que se seguiram \u00e0 \u00faltima vez que a\u00a0<em>Mycoplasma pneumoniae<\/em>\u00a0causou uma epidemia internacional com um aumento no n\u00famero de casos.&#8221;<\/p>\n\n\n\n<p>Fonte R7<\/p>\n","protected":false},"excerpt":{"rendered":"<p>M\u00e9dicos identificaram que muitos pacientes com menos de 15 anos foram infectados pela bact\u00e9ria\u00a0Mycoplasma pneumoniae A Fran\u00e7a enfrenta um aumento significativo de casos de pneumonia entre crian\u00e7as e adolescentes, um&nbsp;cen\u00e1rio parecido com o observado na China. Uma reportagem da emissora de televis\u00e3o parisiense BFMTV informa que os atendimentos para essa doen\u00e7a aumentaram 36% na semana [&hellip;]<\/p>\n","protected":false},"author":8,"featured_media":20641,"comment_status":"closed","ping_status":"open","sticky":false,"template":"","format":"standard","meta":{"rop_custom_images_group":[],"rop_custom_messages_group":[],"rop_publish_now":"initial","rop_publish_now_accounts":[],"rop_publish_now_history":[],"rop_publish_now_status":"pending","footnotes":""},"categories":[212],"tags":[],"class_list":["post-20640","post","type-post","status-publish","format-standard","has-post-thumbnail","hentry","category-internacional"],"amp_enabled":true,"_links":{"self":[{"href":"https:\/\/imais.online\/portal\/wp-json\/wp\/v2\/posts\/20640","targetHints":{"allow":["GET"]}}],"collection":[{"href":"https:\/\/imais.online\/portal\/wp-json\/wp\/v2\/posts"}],"about":[{"href":"https:\/\/imais.online\/portal\/wp-json\/wp\/v2\/types\/post"}],"author":[{"embeddable":true,"href":"https:\/\/imais.online\/portal\/wp-json\/wp\/v2\/users\/8"}],"replies":[{"embeddable":true,"href":"https:\/\/imais.online\/portal\/wp-json\/wp\/v2\/comments?post=20640"}],"version-history":[{"count":1,"href":"https:\/\/imais.online\/portal\/wp-json\/wp\/v2\/posts\/20640\/revisions"}],"predecessor-version":[{"id":20642,"href":"https:\/\/imais.online\/portal\/wp-json\/wp\/v2\/posts\/20640\/revisions\/20642"}],"wp:featuredmedia":[{"embeddable":true,"href":"https:\/\/imais.online\/portal\/wp-json\/wp\/v2\/media\/20641"}],"wp:attachment":[{"href":"https:\/\/imais.online\/portal\/wp-json\/wp\/v2\/media?parent=20640"}],"wp:term":[{"taxonomy":"category","embeddable":true,"href":"https:\/\/imais.online\/portal\/wp-json\/wp\/v2\/categories?post=20640"},{"taxonomy":"post_tag","embeddable":true,"href":"https:\/\/imais.online\/portal\/wp-json\/wp\/v2\/tags?post=20640"}],"curies":[{"name":"wp","href":"https:\/\/api.w.org\/{rel}","templated":true}]}}