{"id":20649,"date":"2023-11-24T11:41:06","date_gmt":"2023-11-24T14:41:06","guid":{"rendered":"https:\/\/imais.online\/portal\/?p=20649"},"modified":"2023-11-24T11:41:07","modified_gmt":"2023-11-24T14:41:07","slug":"veneza-passara-a-cobrar-taxa-contra-excesso-de-visitantes-em-abril-do-ano-de-2024","status":"publish","type":"post","link":"https:\/\/imais.online\/portal\/veneza-passara-a-cobrar-taxa-contra-excesso-de-visitantes-em-abril-do-ano-de-2024\/","title":{"rendered":"Veneza passar\u00e1 a cobrar taxa contra excesso de visitantes em abril do ano de 2024"},"content":{"rendered":"<div class=\"imais-before-content-placement\" id=\"imais-208031587\"><script async src=\"\/\/pagead2.googlesyndication.com\/pagead\/js\/adsbygoogle.js?client=ca-pub-8787528412751566\" crossorigin=\"anonymous\"><\/script><ins class=\"adsbygoogle\" style=\"display:block;\" data-ad-client=\"ca-pub-8787528412751566\" \ndata-ad-slot=\"\" \ndata-ad-format=\"auto\"><\/ins>\n<script> \n(adsbygoogle = window.adsbygoogle || []).push({}); \n<\/script>\n<\/div>\n<h2 class=\"wp-block-heading\">A tarifa, de R$ 27, ser\u00e1 cobrada somente dos turistas que chegarem \u00e0 cidade velha entre 8h30 e 16h, informou a prefeitura local<\/h2>\n\n\n\n<p>A cidade de&nbsp;<a href=\"https:\/\/busca.r7.com\/#gsc.tab=0&amp;gsc.q=veneza&amp;gsc.sort=date\" target=\"_blank\" rel=\"noreferrer noopener\">Veneza, na It\u00e1lia<\/a>,&nbsp;aplicar\u00e1, a partir do m\u00eas de abril de 2024, uma nova taxa, de 5 euros (cerca de R$ 27), aos turistas que v\u00e3o passar um dia na cidade, que apresenta danos causados pelo turismo de massa, anunciou a prefeitura nesta quinta-feira (23).<\/p>\n\n\n\n<p>As primeiras datas em que o imposto vai vigorar, concentradas na alta temporada tur\u00edstica, v\u00e3o de 25 de abril a 5 de maio. Depois, ser\u00e3o tr\u00eas fins de semana de maio (11 e 12, 18 e 19, 25 e 26), os de junho (8 e 9, 15 e 16, 22 e 23, 29 e 30) e dois fins de semana de julho (6 e 7, 13 e 14). No total, a taxa ser\u00e1 aplicada por 29 dias durante o ano.<\/p>\n\n\n\n<p>O imposto ser\u00e1 cobrado somente dos turistas que chegarem \u00e0 cidade velha entre 8h30 e 16h, detalhou a prefeitura em um comunicado.<\/p>\n\n\n\n<p>&#8220;N\u00e3o \u00e9 uma revolu\u00e7\u00e3o, mas o primeiro passo de um sistema que regulamenta o acesso dos visitantes di\u00e1rios&#8221;, explicou o prefeito Luigi Brugnaro, citado na nota.<\/p>\n\n\n\n<p>&#8220;\u00c9 uma experi\u00eancia cujo objetivo \u00e9 melhorar a qualidade de vida da cidade, para os que vivem e para os que trabalham&#8221; nela, detalhou o texto, destacando que &#8220;Veneza \u00e9 a primeira cidade do mundo a implementar esse sistema&#8221;.<\/p>\n\n\n\n<p>O projeto, anunciado em setembro, busca dissuadir os visitantes de um dia, que lotam a cidade mundialmente conhecida por seus canais, pontes, pal\u00e1cios e obras de arte.<\/p>\n\n\n\n<p>Em setembro, Veneza escapou por pouco de ser inclu\u00edda na lista de patrim\u00f4nio mundial em perigo da Unesco, como haviam pedido em julho os especialistas dessa ag\u00eancia da ONU, devido ao risco que representam \u00e0 cidade o turismo de massa e a mudan\u00e7a clim\u00e1tica.<\/p>\n\n\n\n<p>Fonte R7<\/p>\n","protected":false},"excerpt":{"rendered":"<p>A tarifa, de R$ 27, ser\u00e1 cobrada somente dos turistas que chegarem \u00e0 cidade velha entre 8h30 e 16h, informou a prefeitura local A cidade de&nbsp;Veneza, na It\u00e1lia,&nbsp;aplicar\u00e1, a partir do m\u00eas de abril de 2024, uma nova taxa, de 5 euros (cerca de R$ 27), aos turistas que v\u00e3o passar um dia na cidade, [&hellip;]<\/p>\n","protected":false},"author":8,"featured_media":20650,"comment_status":"closed","ping_status":"open","sticky":false,"template":"","format":"standard","meta":{"rop_custom_images_group":[],"rop_custom_messages_group":[],"rop_publish_now":"initial","rop_publish_now_accounts":[],"rop_publish_now_history":[],"rop_publish_now_status":"pending","footnotes":""},"categories":[212],"tags":[],"class_list":["post-20649","post","type-post","status-publish","format-standard","has-post-thumbnail","hentry","category-internacional"],"amp_enabled":true,"_links":{"self":[{"href":"https:\/\/imais.online\/portal\/wp-json\/wp\/v2\/posts\/20649","targetHints":{"allow":["GET"]}}],"collection":[{"href":"https:\/\/imais.online\/portal\/wp-json\/wp\/v2\/posts"}],"about":[{"href":"https:\/\/imais.online\/portal\/wp-json\/wp\/v2\/types\/post"}],"author":[{"embeddable":true,"href":"https:\/\/imais.online\/portal\/wp-json\/wp\/v2\/users\/8"}],"replies":[{"embeddable":true,"href":"https:\/\/imais.online\/portal\/wp-json\/wp\/v2\/comments?post=20649"}],"version-history":[{"count":1,"href":"https:\/\/imais.online\/portal\/wp-json\/wp\/v2\/posts\/20649\/revisions"}],"predecessor-version":[{"id":20651,"href":"https:\/\/imais.online\/portal\/wp-json\/wp\/v2\/posts\/20649\/revisions\/20651"}],"wp:featuredmedia":[{"embeddable":true,"href":"https:\/\/imais.online\/portal\/wp-json\/wp\/v2\/media\/20650"}],"wp:attachment":[{"href":"https:\/\/imais.online\/portal\/wp-json\/wp\/v2\/media?parent=20649"}],"wp:term":[{"taxonomy":"category","embeddable":true,"href":"https:\/\/imais.online\/portal\/wp-json\/wp\/v2\/categories?post=20649"},{"taxonomy":"post_tag","embeddable":true,"href":"https:\/\/imais.online\/portal\/wp-json\/wp\/v2\/tags?post=20649"}],"curies":[{"name":"wp","href":"https:\/\/api.w.org\/{rel}","templated":true}]}}