{"id":20675,"date":"2023-11-25T13:44:55","date_gmt":"2023-11-25T16:44:55","guid":{"rendered":"https:\/\/imais.online\/portal\/?p=20675"},"modified":"2023-11-25T13:44:56","modified_gmt":"2023-11-25T16:44:56","slug":"chapeu-usado-por-napoleao-bonaparte-e-leiloado-por-r-10-milhoes","status":"publish","type":"post","link":"https:\/\/imais.online\/portal\/chapeu-usado-por-napoleao-bonaparte-e-leiloado-por-r-10-milhoes\/","title":{"rendered":"Chap\u00e9u usado por Napole\u00e3o Bonaparte \u00e9 leiloado por R$ 10 milh\u00f5es"},"content":{"rendered":"<div class=\"imais-before-content-placement\" id=\"imais-3740634645\"><script async src=\"\/\/pagead2.googlesyndication.com\/pagead\/js\/adsbygoogle.js?client=ca-pub-8787528412751566\" crossorigin=\"anonymous\"><\/script><ins class=\"adsbygoogle\" style=\"display:block;\" data-ad-client=\"ca-pub-8787528412751566\" \ndata-ad-slot=\"\" \ndata-ad-format=\"auto\"><\/ins>\n<script> \n(adsbygoogle = window.adsbygoogle || []).push({}); \n<\/script>\n<\/div>\n<h2 class=\"wp-block-heading\">Adere\u00e7o \u00e9 um dos 120 que o l\u00edder franc\u00eas usou durante per\u00edodo de 15 anos; itens frequentemente aparecem em preg\u00f5es<\/h2>\n\n\n\n<p>Um chap\u00e9u bicorne (de dois bicos) de feltro preto que pertenceu a Napole\u00e3o Bonaparte foi vendido em um leil\u00e3o da Fran\u00e7a por 1,93 milh\u00e3o de euros (cerca de R$ 10,3 milh\u00f5es), no \u00faltimo fim de semana. O valor pago foi recorde, superando uma venda de\u00a0 1,88 milh\u00e3o de euros de (aproximadamente R$ 9,2 milh\u00f5es), em 2014.<\/p>\n\n\n\n<p>Os lances pelo objeto come\u00e7aram com em 500 mil euros (R$ 2,6 milh\u00f5es) e superaram com folga a avalia\u00e7\u00e3o inicial de entre 600 mil euros (R$ 3,2 milh\u00f5es) e 800 mil euros (R$ 4,2 milh\u00f5es). A identidade e a nacionalidade do comprador n\u00e3o foram divulgadas.<\/p>\n\n\n\n<p>Segundo especialistas, Napole\u00e3o usou por volta de 120 chap\u00e9us em um per\u00edodo de 15 anos, o que explica o motivo de as pe\u00e7as aparecerem com certa frequ\u00eancia em leil\u00f5es. &#8220;O chap\u00e9u por si s\u00f3 representa a imagem do imperador&#8221;, disse \u00e0 ag\u00eancia de not\u00edcias France-Presse em outubro passado o diretor do leil\u00e3o, Jean-Pierre Osenat.<\/p>\n\n\n\n<p>Em 2018, um chap\u00e9u preto desbotado e rasgado atribu\u00eddo a Napole\u00e3o, que teria sido encontrado em um campo de batalha em Waterloo, foi vendido por mais de US$ 400 mil (R$ 1,9 milh\u00e3o). O exemplar de 2014, que detinha o recorde, foi vendido a Kim Hong-kuk, fundador sul-coreano e presidente do conglomerado alimentar Harim, e custou cerca de cinco vezes o pre\u00e7o pedido no lance inicial. Esse chap\u00e9u veio de uma cole\u00e7\u00e3o que pertencia \u00e0 fam\u00edlia real de M\u00f4naco.<\/p>\n\n\n\n<p>Outros leil\u00f5es de itens de Napole\u00e3o nos \u00faltimos anos inclu\u00edram retratos, cartas, seus frascos de col\u00f4nia, uma faca usada em uma tentativa frustrada de assassinato, um ber\u00e7o dourado, um rifle de ca\u00e7a enfeitado com joias e at\u00e9 mesmo suas meias. Um anel de noivado pertencente \u00e0 mulher do imperador, Josephine, foi vendido por US$ 1,2 milh\u00e3o (R$ 5,88 milh\u00f5es) em 2013.<\/p>\n\n\n\n<h3 class=\"wp-block-heading\">Chapeleiro oficial<\/h3>\n\n\n\n<p>O bicorne leiloado no fim de semana passado foi produzido por Pierre-Quentin-Joseph Baillon, assessor pessoal do imperador desde 1806. De acordo com especialistas, Napole\u00e3o adicionou ao acess\u00f3rio uma roseta com as cores da bandeira da Fran\u00e7a quando estava no Mediterr\u00e2neo, ao retornar da Ilha de Elba, em 1.\u00ba de mar\u00e7o de 1815.<\/p>\n\n\n\n<p>O chap\u00e9u permaneceu na fam\u00edlia de Napole\u00e3o at\u00e9 o fim do s\u00e9culo 19, antes de ser revendido a diversos colecionadores. Ele fazia parte de uma cole\u00e7\u00e3o do empres\u00e1rio franc\u00eas Jean Louis Noisiez, que morreu no ano passado.<\/p>\n\n\n\n<h3 class=\"wp-block-heading\">Fasc\u00ednio<\/h3>\n\n\n\n<p>Napole\u00e3o, um forasteiro da C\u00f3rsega que governou a Fran\u00e7a em 1799, h\u00e1 muito fascina colecionadores de todo o mundo. O primeiro leil\u00e3o dos seus pertences aconteceu nos anos seguintes \u00e0 sua morte, em 1821, na ilha de Santa Helena, onde vivia no ex\u00edlio. No preg\u00e3o do fim de semana passado, uma espada de Josephine e uma pistola n\u00e3o foram vendidos e ser\u00e3o leiloados novamente. (Com ag\u00eancias internacionais.)<\/p>\n\n\n\n<p>As informa\u00e7\u00f5es s\u00e3o do jornal O Estado de S. Paulo.<\/p>\n\n\n\n<p>Fonte R7<\/p>\n","protected":false},"excerpt":{"rendered":"<p>Adere\u00e7o \u00e9 um dos 120 que o l\u00edder franc\u00eas usou durante per\u00edodo de 15 anos; itens frequentemente aparecem em preg\u00f5es Um chap\u00e9u bicorne (de dois bicos) de feltro preto que pertenceu a Napole\u00e3o Bonaparte foi vendido em um leil\u00e3o da Fran\u00e7a por 1,93 milh\u00e3o de euros (cerca de R$ 10,3 milh\u00f5es), no \u00faltimo fim de [&hellip;]<\/p>\n","protected":false},"author":8,"featured_media":20676,"comment_status":"closed","ping_status":"open","sticky":false,"template":"","format":"standard","meta":{"rop_custom_images_group":[],"rop_custom_messages_group":[],"rop_publish_now":"initial","rop_publish_now_accounts":[],"rop_publish_now_history":[],"rop_publish_now_status":"pending","footnotes":""},"categories":[212],"tags":[],"class_list":["post-20675","post","type-post","status-publish","format-standard","has-post-thumbnail","hentry","category-internacional"],"amp_enabled":true,"_links":{"self":[{"href":"https:\/\/imais.online\/portal\/wp-json\/wp\/v2\/posts\/20675","targetHints":{"allow":["GET"]}}],"collection":[{"href":"https:\/\/imais.online\/portal\/wp-json\/wp\/v2\/posts"}],"about":[{"href":"https:\/\/imais.online\/portal\/wp-json\/wp\/v2\/types\/post"}],"author":[{"embeddable":true,"href":"https:\/\/imais.online\/portal\/wp-json\/wp\/v2\/users\/8"}],"replies":[{"embeddable":true,"href":"https:\/\/imais.online\/portal\/wp-json\/wp\/v2\/comments?post=20675"}],"version-history":[{"count":1,"href":"https:\/\/imais.online\/portal\/wp-json\/wp\/v2\/posts\/20675\/revisions"}],"predecessor-version":[{"id":20677,"href":"https:\/\/imais.online\/portal\/wp-json\/wp\/v2\/posts\/20675\/revisions\/20677"}],"wp:featuredmedia":[{"embeddable":true,"href":"https:\/\/imais.online\/portal\/wp-json\/wp\/v2\/media\/20676"}],"wp:attachment":[{"href":"https:\/\/imais.online\/portal\/wp-json\/wp\/v2\/media?parent=20675"}],"wp:term":[{"taxonomy":"category","embeddable":true,"href":"https:\/\/imais.online\/portal\/wp-json\/wp\/v2\/categories?post=20675"},{"taxonomy":"post_tag","embeddable":true,"href":"https:\/\/imais.online\/portal\/wp-json\/wp\/v2\/tags?post=20675"}],"curies":[{"name":"wp","href":"https:\/\/api.w.org\/{rel}","templated":true}]}}