{"id":2068,"date":"2021-10-04T16:06:17","date_gmt":"2021-10-04T19:06:17","guid":{"rendered":"https:\/\/imais.online\/portal\/?p=2068"},"modified":"2021-10-04T16:06:19","modified_gmt":"2021-10-04T19:06:19","slug":"prefeito-de-sp-diz-que-muito-provavelmente-capital-tera-carnaval-2022","status":"publish","type":"post","link":"https:\/\/imais.online\/portal\/prefeito-de-sp-diz-que-muito-provavelmente-capital-tera-carnaval-2022\/","title":{"rendered":"Prefeito de SP diz que muito provavelmente capital ter\u00e1 carnaval 2022"},"content":{"rendered":"<div class=\"imais-before-content-placement\" id=\"imais-2457736089\"><script async src=\"\/\/pagead2.googlesyndication.com\/pagead\/js\/adsbygoogle.js?client=ca-pub-8787528412751566\" crossorigin=\"anonymous\"><\/script><ins class=\"adsbygoogle\" style=\"display:block;\" data-ad-client=\"ca-pub-8787528412751566\" \ndata-ad-slot=\"\" \ndata-ad-format=\"auto\"><\/ins>\n<script> \n(adsbygoogle = window.adsbygoogle || []).push({}); \n<\/script>\n<\/div>\n<p class=\"has-text-align-center\">Ricardo Nunes estima que 15 milh\u00f5es de pessoas devem ir \u00e0s ruas<\/p>\n\n\n\n<p>O prefeito de S\u00e3o Paulo, Ricardo Nunes, disse hoje (4) que a cidade de S\u00e3o Paulo poder\u00e1 ter carnaval no pr\u00f3ximo ano se mantiver os indicadores relacionados \u00e0 covid-19 em queda.<img decoding=\"async\" src=\"https:\/\/agenciabrasil.ebc.com.br\/ebc.png?id=1423491&amp;o=node\"><img decoding=\"async\" src=\"https:\/\/agenciabrasil.ebc.com.br\/ebc.gif?id=1423491&amp;o=node\"><\/p>\n\n\n\n<p>\u201cA tend\u00eancia hoje \u00e9 que tenha o carnaval. Muito provavelmente, teremos carnaval. Isso se continuar com os dados de hoje [da pandemia], com aumento da vacina\u00e7\u00e3o e queda do n\u00famero de \u00f3bitos. Se continuar assim, vamos ter carnaval\u201d, disse ele.<\/p>\n\n\n\n<p>Se os n\u00fameros da pandemia permitirem e se os \u00f3rg\u00e3os sanit\u00e1rios autorizarem, a expectativa da prefeitura \u00e9 que o carnaval de rua em S\u00e3o Paulo seja o maior de todos os tempos, com estimativa de participa\u00e7\u00e3o de 15 milh\u00f5es de pessoas, disse o prefeito.<\/p>\n\n\n\n<p>\u201cEst\u00e1 tudo preparado. Vamos soltar os editais. Por que preparamos tudo? Porque n\u00e3o se consegue fazer um evento desse tamanho sem planejar. Te diria que muito possivelmente teremos [carnaval], com exce\u00e7\u00e3o se tivermos fato adverso at\u00e9 l\u00e1.\u201d<\/p>\n\n\n\n<p>Em setembro, o prefeito j\u00e1 havia&nbsp;<a href=\"https:\/\/agenciabrasil.ebc.com.br\/geral\/noticia\/2021-09\/prefeitura-de-sao-paulo-autoriza-preparativos-para-o-carnaval-2022\" target=\"_blank\" rel=\"noreferrer noopener\">autorizado que os preparativos<\/a>&nbsp;para a realiza\u00e7\u00e3o do carnaval na cidade de S\u00e3o Paulo fossem iniciados. No entanto, na ocasi\u00e3o, a prefeitura informou que a realiza\u00e7\u00e3o do carnaval s\u00f3 seria permitida se pelo menos 70% da popula\u00e7\u00e3o paulistana estivesse vacinada contra a covid-19 e se houvesse autoriza\u00e7\u00e3o dos \u00f3rg\u00e3os municipais, tal como da Secretaria Municipal da Sa\u00fade. No \u00faltimo fim de semana, a prefeitura divulgou que mais de&nbsp;<a href=\"https:\/\/agenciabrasil.ebc.com.br\/saude\/noticia\/2021-10\/sp-capital-passa-dos-18-mi-de-doses-aplicadas-da-vacina-contra-covid\" target=\"_blank\" rel=\"noreferrer noopener\">80% dos adultos<\/a>&nbsp;da capital est\u00e3o com o esquema de vacina contra a covid-19 completo.<\/p>\n","protected":false},"excerpt":{"rendered":"<p>Ricardo Nunes estima que 15 milh\u00f5es de pessoas devem ir \u00e0s ruas O prefeito de S\u00e3o Paulo, Ricardo Nunes, disse hoje (4) que a cidade de S\u00e3o Paulo poder\u00e1 ter carnaval no pr\u00f3ximo ano se mantiver os indicadores relacionados \u00e0 covid-19 em queda. \u201cA tend\u00eancia hoje \u00e9 que tenha o carnaval. Muito provavelmente, teremos carnaval. [&hellip;]<\/p>\n","protected":false},"author":7,"featured_media":2069,"comment_status":"closed","ping_status":"open","sticky":false,"template":"","format":"standard","meta":{"rop_custom_images_group":[],"rop_custom_messages_group":[],"rop_publish_now":"initial","rop_publish_now_accounts":[],"rop_publish_now_history":[],"rop_publish_now_status":"pending","footnotes":""},"categories":[195],"tags":[],"class_list":["post-2068","post","type-post","status-publish","format-standard","has-post-thumbnail","hentry","category-sao-paulo"],"amp_enabled":true,"_links":{"self":[{"href":"https:\/\/imais.online\/portal\/wp-json\/wp\/v2\/posts\/2068","targetHints":{"allow":["GET"]}}],"collection":[{"href":"https:\/\/imais.online\/portal\/wp-json\/wp\/v2\/posts"}],"about":[{"href":"https:\/\/imais.online\/portal\/wp-json\/wp\/v2\/types\/post"}],"author":[{"embeddable":true,"href":"https:\/\/imais.online\/portal\/wp-json\/wp\/v2\/users\/7"}],"replies":[{"embeddable":true,"href":"https:\/\/imais.online\/portal\/wp-json\/wp\/v2\/comments?post=2068"}],"version-history":[{"count":1,"href":"https:\/\/imais.online\/portal\/wp-json\/wp\/v2\/posts\/2068\/revisions"}],"predecessor-version":[{"id":2070,"href":"https:\/\/imais.online\/portal\/wp-json\/wp\/v2\/posts\/2068\/revisions\/2070"}],"wp:featuredmedia":[{"embeddable":true,"href":"https:\/\/imais.online\/portal\/wp-json\/wp\/v2\/media\/2069"}],"wp:attachment":[{"href":"https:\/\/imais.online\/portal\/wp-json\/wp\/v2\/media?parent=2068"}],"wp:term":[{"taxonomy":"category","embeddable":true,"href":"https:\/\/imais.online\/portal\/wp-json\/wp\/v2\/categories?post=2068"},{"taxonomy":"post_tag","embeddable":true,"href":"https:\/\/imais.online\/portal\/wp-json\/wp\/v2\/tags?post=2068"}],"curies":[{"name":"wp","href":"https:\/\/api.w.org\/{rel}","templated":true}]}}