{"id":20754,"date":"2023-11-29T10:41:30","date_gmt":"2023-11-29T13:41:30","guid":{"rendered":"https:\/\/imais.online\/portal\/?p=20754"},"modified":"2023-11-29T10:41:31","modified_gmt":"2023-11-29T13:41:31","slug":"tumbas-pre-vulcanicas-com-mais-de-3-mil-anos-sao-achadas-no-mexico","status":"publish","type":"post","link":"https:\/\/imais.online\/portal\/tumbas-pre-vulcanicas-com-mais-de-3-mil-anos-sao-achadas-no-mexico\/","title":{"rendered":"Tumbas pr\u00e9-vulc\u00e2nicas com mais de 3 mil anos s\u00e3o achadas no M\u00e9xico"},"content":{"rendered":"<div class=\"imais-before-content-placement\" id=\"imais-3168028785\"><script async src=\"\/\/pagead2.googlesyndication.com\/pagead\/js\/adsbygoogle.js?client=ca-pub-8787528412751566\" crossorigin=\"anonymous\"><\/script><ins class=\"adsbygoogle\" style=\"display:block;\" data-ad-client=\"ca-pub-8787528412751566\" \ndata-ad-slot=\"\" \ndata-ad-format=\"auto\"><\/ins>\n<script> \n(adsbygoogle = window.adsbygoogle || []).push({}); \n<\/script>\n<\/div>\n<h2 class=\"wp-block-heading\">Arque\u00f3logos descobriram na \u00e1rea de Lomas de Chapultepec 10 t\u00famulos com formato semelhante ao de um cone; metade das estruturas cont\u00e9m restos humanos<\/h2>\n\n\n\n<p>Arque\u00f3logos do<a class=\"\" href=\"https:\/\/revistagalileu.globo.com\/ciencia\/arqueologia\/noticia\/2023\/11\/estatua-de-guerreiro-maia-com-elmo-de-serpente-e-achada-em-templo-no-mexico.ghtml\">&nbsp;Instituto Nacional de Antropologia e Hist\u00f3ria (INAH)<\/a>&nbsp;encontraram uma s\u00e9rie de&nbsp;<a class=\"\" href=\"https:\/\/revistagalileu.globo.com\/ciencia\/arqueologia\/noticia\/2023\/08\/anel-de-jade-e-encontrado-em-jovem-maia-enterrado-em-vaso-ha-12-mil-anos.ghtml\">sepulturas pr\u00e9-hisp\u00e2nicas<\/a>&nbsp;e pr\u00e9-vulc\u00e2nicas no M\u00e9xico, entre as quais se destacam 10<a class=\"\" href=\"https:\/\/revistagalileu.globo.com\/ciencia\/arqueologia\/noticia\/2023\/10\/jarras-de-vinho-de-5-mil-anos-sao-encontradas-em-tumulo-de-rainha-egipcia.ghtml\">&nbsp;t\u00famulos<\/a>&nbsp;com aproximadamente 3,5 mil anos e formato semelhante ao de um cone.<\/p>\n\n\n\n<p>Conforme divulgou o INAH em 24 de novembro, metade desses t\u00famulos cont\u00e9m\u00a0<a class=\"\" href=\"https:\/\/revistagalileu.globo.com\/Ciencia\/Arqueologia\/noticia\/2020\/09\/restos-humanos-eram-guardados-como-reliquias-na-idade-do-bronze.html\">restos humanos.<\/a>\u00a0Os achados estavam a poucos metros do tr\u00e1fego de ve\u00edculos na Avenida Constituyentes, na fronteira da terceira se\u00e7\u00e3o do Bosque de Chapultepec.<\/p>\n\n\n\n<p>Ocorrida em junho de 2023, a descoberta aconteceu na \u00e1rea de Lomas de Chapultepec, que fica pr\u00f3xima ao Parque Cri-Cri. A coordenadora das escava\u00e7\u00f5es do INAH, Mar\u00eda de Lourdes L\u00f3pez Camacho, conta,\u00a0<a class=\"\" rel=\"noreferrer noopener\" href=\"https:\/\/www.inah.gob.mx\/boletines\/con-mas-de-3-000-anos-de-antigueedad-descubren-fosas-funerarias-en-el-bosque-de-chapultepec\" target=\"_blank\">em comunicado,<\/a>\u00a0que as investiga\u00e7\u00f5es revelaram uma grande aldeia que deve ter existido nesta \u00e1rea entre os per\u00edodos Pr\u00e9-Cl\u00e1ssico Inicial e M\u00e9dio (2500-400 a.C.).<\/p>\n\n\n\n<p>Segundo o INAH, \u00e9 a primeira vez que se localiza a&nbsp;<a class=\"\" href=\"https:\/\/revistagalileu.globo.com\/ciencia\/arqueologia\/noticia\/2023\/02\/assentamento-de-mais-de-mil-anos-e-descoberto-em-obras-no-mexico.ghtml\">arquitetura funer\u00e1ria<\/a>&nbsp;das primeiras aldeias agr\u00edcolas a terem ocupado esse territ\u00f3rio. Hoje, tal \u00e1rea compreende o oeste da Cidade do M\u00e9xico, ficando a 2.416 metros acima do n\u00edvel do mar.<\/p>\n\n\n\n<p>&#8220;Imaginem: essa comunidade estava vivendo aqui antes da erup\u00e7\u00e3o do vulc\u00e3o Xitle e da forma\u00e7\u00e3o do Pedregal de Coyoac\u00e1n. E este subsolo permaneceu intacto por mais de 3 mil anos&#8221;, afirma L\u00f3pez Camacho. &#8220;Isso \u00e9 fant\u00e1stico!&#8221;, acrescenta.<\/p>\n\n\n\n<p>Os pesquisadores do INAH fizeram&nbsp;<a class=\"\" href=\"https:\/\/revistagalileu.globo.com\/ciencia\/arqueologia\/noticia\/2023\/11\/mais-antiga-fabrica-de-armas-existiu-ha-7200-anos-em-israel-diz-estudo.ghtml\">escava\u00e7\u00f5es<\/a>&nbsp;extensivas em uma \u00e1rea de 200 m\u00b2. As c\u00e2meras funer\u00e1rias escavadas t\u00eam di\u00e2metros variando entre um e dois metros, e altura m\u00e1xima de 1,50 metro. Os t\u00famulos tronc\u00f4nicos, tamb\u00e9m chamados de &#8220;t\u00famulos de sino&#8221; por alguns arque\u00f3logos, s\u00e3o definidos por uma forma c\u00f4nica recortada na ponta mais estreita.<\/p>\n\n\n\n<p>&#8220;\u00c9 uma arquitetura funer\u00e1ria muito particular&#8221;, afirma L\u00f3pez Camacho, acrescentando que exemplos dessas estruturas s\u00e3o encontrados em outras \u00e1reas mexicanas antigas, como a costa do Golfo e o oeste, e em \u00e1reas atuais na Bacia do M\u00e9xico. &#8220;Faltava encontr\u00e1-los em seu lado oeste, agora os temos&#8221;, ela diz.<\/p>\n\n\n\n<p>Segundo uma an\u00e1lise preliminar, os t\u00famulos tronc\u00f4nicos datam do per\u00edodo Pr\u00e9-Cl\u00e1ssico M\u00e9dio (1200-400 a.C.), mas j\u00e1 pr\u00f3ximos ao Pr\u00e9-Cl\u00e1ssico Inicial (2500-1200 a.C.). No interior de cinco deles estavam os\u00a0<a class=\"\" href=\"https:\/\/revistagalileu.globo.com\/ciencia\/arqueologia\/noticia\/2023\/09\/ossos-de-27-mil-anos-na-turquia-seriam-de-membro-da-elite-morto-em-terremoto.ghtml\">ossos de indiv\u00edduos\u00a0<\/a>que foram depositados, na maioria das vezes, de forma flexionada. Quatro eram mulheres e o outro era um homem, todos jovens adultos, segundo indicaram seus tra\u00e7os morfol\u00f3gicos.<\/p>\n\n\n\n<p>Al\u00e9m dos restos mortais, os arque\u00f3logos descobriram objetos funer\u00e1rios, alguns dispostos como oferendas: quatro hastes de veado trabalhadas como ferramentas, pun\u00e7\u00f5es, uma ta\u00e7a, vasos, um fragmento de um disco de ard\u00f3sia (um material importado, talvez vindo da costa do Golfo), entre outros.<\/p>\n\n\n\n<p>Os artefatos foram transferidos para o Museu Nacional de Hist\u00f3ria Castelo de Chapultepec, no M\u00e9xico, para classifica\u00e7\u00e3o e estudo. Algumas<a class=\"\" href=\"https:\/\/revistagalileu.globo.com\/ciencia\/arqueologia\/noticia\/2023\/08\/peca-de-ceramica-achada-no-doi-codi-pode-ser-de-periodo-mais-recente.ghtml\">\u00a0pe\u00e7as cer\u00e2micas<\/a>\u00a0est\u00e3o sendo microescavadas para obter vest\u00edgios sobre o uso que lhes foi dado por essas comunidades antigas.<\/p>\n\n\n\n<p>Fonte Revista Galileu<\/p>\n","protected":false},"excerpt":{"rendered":"<p>Arque\u00f3logos descobriram na \u00e1rea de Lomas de Chapultepec 10 t\u00famulos com formato semelhante ao de um cone; metade das estruturas cont\u00e9m restos humanos Arque\u00f3logos do&nbsp;Instituto Nacional de Antropologia e Hist\u00f3ria (INAH)&nbsp;encontraram uma s\u00e9rie de&nbsp;sepulturas pr\u00e9-hisp\u00e2nicas&nbsp;e pr\u00e9-vulc\u00e2nicas no M\u00e9xico, entre as quais se destacam 10&nbsp;t\u00famulos&nbsp;com aproximadamente 3,5 mil anos e formato semelhante ao de um cone. [&hellip;]<\/p>\n","protected":false},"author":8,"featured_media":20755,"comment_status":"closed","ping_status":"open","sticky":false,"template":"","format":"standard","meta":{"rop_custom_images_group":[],"rop_custom_messages_group":[],"rop_publish_now":"initial","rop_publish_now_accounts":[],"rop_publish_now_history":[],"rop_publish_now_status":"pending","footnotes":""},"categories":[212],"tags":[],"class_list":["post-20754","post","type-post","status-publish","format-standard","has-post-thumbnail","hentry","category-internacional"],"amp_enabled":true,"_links":{"self":[{"href":"https:\/\/imais.online\/portal\/wp-json\/wp\/v2\/posts\/20754","targetHints":{"allow":["GET"]}}],"collection":[{"href":"https:\/\/imais.online\/portal\/wp-json\/wp\/v2\/posts"}],"about":[{"href":"https:\/\/imais.online\/portal\/wp-json\/wp\/v2\/types\/post"}],"author":[{"embeddable":true,"href":"https:\/\/imais.online\/portal\/wp-json\/wp\/v2\/users\/8"}],"replies":[{"embeddable":true,"href":"https:\/\/imais.online\/portal\/wp-json\/wp\/v2\/comments?post=20754"}],"version-history":[{"count":1,"href":"https:\/\/imais.online\/portal\/wp-json\/wp\/v2\/posts\/20754\/revisions"}],"predecessor-version":[{"id":20756,"href":"https:\/\/imais.online\/portal\/wp-json\/wp\/v2\/posts\/20754\/revisions\/20756"}],"wp:featuredmedia":[{"embeddable":true,"href":"https:\/\/imais.online\/portal\/wp-json\/wp\/v2\/media\/20755"}],"wp:attachment":[{"href":"https:\/\/imais.online\/portal\/wp-json\/wp\/v2\/media?parent=20754"}],"wp:term":[{"taxonomy":"category","embeddable":true,"href":"https:\/\/imais.online\/portal\/wp-json\/wp\/v2\/categories?post=20754"},{"taxonomy":"post_tag","embeddable":true,"href":"https:\/\/imais.online\/portal\/wp-json\/wp\/v2\/tags?post=20754"}],"curies":[{"name":"wp","href":"https:\/\/api.w.org\/{rel}","templated":true}]}}