{"id":20787,"date":"2023-11-29T14:12:17","date_gmt":"2023-11-29T17:12:17","guid":{"rendered":"https:\/\/imais.online\/portal\/?p=20787"},"modified":"2023-11-29T14:12:19","modified_gmt":"2023-11-29T17:12:19","slug":"peixe-do-fim-do-mundo-e-achado-em-praia-perto-de-falha-geologica-e-moradores-temem-tragedias","status":"publish","type":"post","link":"https:\/\/imais.online\/portal\/peixe-do-fim-do-mundo-e-achado-em-praia-perto-de-falha-geologica-e-moradores-temem-tragedias\/","title":{"rendered":"&#8216;Peixe do fim do mundo&#8217; \u00e9 achado em praia perto de falha geol\u00f3gica e moradores temem trag\u00e9dias"},"content":{"rendered":"<div class=\"imais-before-content-placement\" id=\"imais-2377719519\"><script async src=\"\/\/pagead2.googlesyndication.com\/pagead\/js\/adsbygoogle.js?client=ca-pub-8787528412751566\" crossorigin=\"anonymous\"><\/script><ins class=\"adsbygoogle\" style=\"display:block;\" data-ad-client=\"ca-pub-8787528412751566\" \ndata-ad-slot=\"\" \ndata-ad-format=\"auto\"><\/ins>\n<script> \n(adsbygoogle = window.adsbygoogle || []).push({}); \n<\/script>\n<\/div>\n<h2 class=\"wp-block-heading\">Animal raro foi encontrado pouco antes de morrer, em praia da Rep\u00fablica Dominicana, e causou alarme entre os locais<\/h2>\n\n\n\n<p>Moradores da Rep\u00fablica Dominicana, um dos maiores\u00a0<a href=\"https:\/\/hora7.r7.com\/tubarao-da-groelandia-500-anos-e-encontrado-a-mais-de-6000-km-de-casa-29082023\">pa\u00edses do Caribe<\/a>, encontraram um raro peixe-remo em uma das praias da regi\u00e3o. Tamb\u00e9m conhecido como\u00a0<a href=\"https:\/\/noticias.r7.com\/hora-7\/fotos\/peixe-do-fim-do-mundo-gigante-e-pescado-no-chile-e-deixa-moradores-apavorados-15072022\">&#8220;peixe do fim do mundo&#8221;<\/a>, o animal \u00e9 apontado por hist\u00f3rias japonesas como\u00a0<a href=\"https:\/\/hora7.r7.com\/peixe-remo-terremotos-taiwan-mergulhadores-video-viral-20072023\">pren\u00fancio de terremotos<\/a>\u00a0e outras trag\u00e9dias geol\u00f3gicas.<\/p>\n\n\n\n<p>O peixe-remo foi avistado na segunda-feira (27), na praia de\u00a0Los Coquitos, no noroeste do pa\u00eds, ainda se debatendo. Segundo os moradores, o animal morreu pouco depois.<\/p>\n\n\n\n<p>A m\u00eddia local informou que o avistamento foi\u00a0<a href=\"https:\/\/noticias.r7.com\/tecnologia-e-ciencia\/liquido-brota-de-falha-geologica-9c-mais-quente-e-fornece-pistas-de-tsunami-letal-para-ao-menos-20-mil-26042023\">perto da falha geol\u00f3gica<\/a>\u00a0Setentrional, localizada no norte do pa\u00eds, que faz fronteira com o Haiti. A falha foi a respons\u00e1vel pelo terremoto e tsun\u00e2mi de 1842, no Haiti, que matou cerca de 5.300 pessoas.<\/p>\n\n\n\n<p>Apesar de todas as hist\u00f3rias e lendas sobre o peixe-remo, vastos&nbsp;<a href=\"https:\/\/monitor7.r7.com\/falso-aparicao-de-peixe-do-fim-do-mundo-nao-tem-relacao-com-terremotos-31072022\">estudos cient\u00edficos descartaram<\/a>&nbsp;uma correla\u00e7\u00e3o entre o aparecimento deles e a ocorr\u00eancia de terremotos.<\/p>\n\n\n\n<p>Foi o que ressaltou&nbsp;Jos\u00e9 Ram\u00f3n Reyes, ministro dominicano de Recursos Costeiros e Oce\u00e2nicos, em um pronunciamento feito no mesmo dia do achado, para acalmar os temores da popula\u00e7\u00e3o.<\/p>\n\n\n\n<p>&#8220;\u00c9 um peixe de \u00e1guas profundas. \u00c9 incomum encontr\u00e1-lo na superf\u00edcie, mas ele n\u00e3o representa nenhuma amea\u00e7a&#8221;, afirmou.<\/p>\n\n\n\n<p>As hist\u00f3rias sobre o peixe-remo, que chega a 17 m de comprimento, t\u00eam origem no Jap\u00e3o e foram revividas recentemente, quando dez deles foram avistados na costa do pa\u00eds, em 2010, meses antes do\u00a0<a href=\"https:\/\/noticias.r7.com\/hora-7\/fotos\/estudo-detecta-hibridos-radioativos-de-porcos-e-javalis-em-fukushima-02072021\">terremoto devastador<\/a>\u00a0de Tohoku.<\/p>\n\n\n\n<p>Segundo as teorias, esse peixe s\u00f3 sai das \u00e1guas profundas onde vive quando sente movimentos de placas tect\u00f4nicas e altera\u00e7\u00f5es eletromagn\u00e9ticas.<\/p>\n\n\n\n<p>Fonte R7<\/p>\n","protected":false},"excerpt":{"rendered":"<p>Animal raro foi encontrado pouco antes de morrer, em praia da Rep\u00fablica Dominicana, e causou alarme entre os locais Moradores da Rep\u00fablica Dominicana, um dos maiores\u00a0pa\u00edses do Caribe, encontraram um raro peixe-remo em uma das praias da regi\u00e3o. Tamb\u00e9m conhecido como\u00a0&#8220;peixe do fim do mundo&#8221;, o animal \u00e9 apontado por hist\u00f3rias japonesas como\u00a0pren\u00fancio de terremotos\u00a0e [&hellip;]<\/p>\n","protected":false},"author":8,"featured_media":20788,"comment_status":"closed","ping_status":"open","sticky":false,"template":"","format":"standard","meta":{"rop_custom_images_group":[],"rop_custom_messages_group":[],"rop_publish_now":"initial","rop_publish_now_accounts":[],"rop_publish_now_history":[],"rop_publish_now_status":"pending","footnotes":""},"categories":[212],"tags":[],"class_list":["post-20787","post","type-post","status-publish","format-standard","has-post-thumbnail","hentry","category-internacional"],"amp_enabled":true,"_links":{"self":[{"href":"https:\/\/imais.online\/portal\/wp-json\/wp\/v2\/posts\/20787","targetHints":{"allow":["GET"]}}],"collection":[{"href":"https:\/\/imais.online\/portal\/wp-json\/wp\/v2\/posts"}],"about":[{"href":"https:\/\/imais.online\/portal\/wp-json\/wp\/v2\/types\/post"}],"author":[{"embeddable":true,"href":"https:\/\/imais.online\/portal\/wp-json\/wp\/v2\/users\/8"}],"replies":[{"embeddable":true,"href":"https:\/\/imais.online\/portal\/wp-json\/wp\/v2\/comments?post=20787"}],"version-history":[{"count":1,"href":"https:\/\/imais.online\/portal\/wp-json\/wp\/v2\/posts\/20787\/revisions"}],"predecessor-version":[{"id":20789,"href":"https:\/\/imais.online\/portal\/wp-json\/wp\/v2\/posts\/20787\/revisions\/20789"}],"wp:featuredmedia":[{"embeddable":true,"href":"https:\/\/imais.online\/portal\/wp-json\/wp\/v2\/media\/20788"}],"wp:attachment":[{"href":"https:\/\/imais.online\/portal\/wp-json\/wp\/v2\/media?parent=20787"}],"wp:term":[{"taxonomy":"category","embeddable":true,"href":"https:\/\/imais.online\/portal\/wp-json\/wp\/v2\/categories?post=20787"},{"taxonomy":"post_tag","embeddable":true,"href":"https:\/\/imais.online\/portal\/wp-json\/wp\/v2\/tags?post=20787"}],"curies":[{"name":"wp","href":"https:\/\/api.w.org\/{rel}","templated":true}]}}