{"id":20808,"date":"2023-11-30T11:56:04","date_gmt":"2023-11-30T14:56:04","guid":{"rendered":"https:\/\/imais.online\/portal\/?p=20808"},"modified":"2023-11-30T11:56:05","modified_gmt":"2023-11-30T14:56:05","slug":"seis-anos-apos-1-leilao-mansao-de-clodovil-em-ubatuba-no-litoral-de-sp-pode-ser-demolida","status":"publish","type":"post","link":"https:\/\/imais.online\/portal\/seis-anos-apos-1-leilao-mansao-de-clodovil-em-ubatuba-no-litoral-de-sp-pode-ser-demolida\/","title":{"rendered":"Seis anos ap\u00f3s 1\u00b0 leil\u00e3o, mans\u00e3o de Clodovil em Ubatuba, no Litoral de SP, pode ser demolida"},"content":{"rendered":"<div class=\"imais-before-content-placement\" id=\"imais-1342555925\"><script async src=\"\/\/pagead2.googlesyndication.com\/pagead\/js\/adsbygoogle.js?client=ca-pub-8787528412751566\" crossorigin=\"anonymous\"><\/script><ins class=\"adsbygoogle\" style=\"display:block;\" data-ad-client=\"ca-pub-8787528412751566\" \ndata-ad-slot=\"\" \ndata-ad-format=\"auto\"><\/ins>\n<script> \n(adsbygoogle = window.adsbygoogle || []).push({}); \n<\/script>\n<\/div>\n<h2 class=\"wp-block-heading\">Im\u00f3vel chegou a ser arrematado, mas a compradora nunca p\u00f4de us\u00e1-lo e tentou anular o leil\u00e3o, ap\u00f3s desistir do neg\u00f3cio. Minist\u00e9rio P\u00fablico quer a demoli\u00e7\u00e3o do pr\u00e9dio.<\/h2>\n\n\n\n<p><a class=\"\" href=\"https:\/\/g1.globo.com\/sp\/vale-do-paraiba-regiao\/noticia\/mansao-de-clodovil-no-litoral-norte-de-sp-vai-a-leilao-a-partir-de-r-900-mil.ghtml\">Seis anos ap\u00f3s ser levada a leil\u00e3o pela primeira vez<\/a>, uma mans\u00e3o com vista para o mar&nbsp;<a class=\"\" href=\"http:\/\/g1.globo.com\/sp\/vale-do-paraiba-regiao\/noticia\/2015\/03\/mansao-de-clodovil-vai-venda-no-litoral-6-anos-apos-morte-do-estilista.html\">que pertenceu a&nbsp;<strong>Clodovil Hernandes<\/strong><\/a>&nbsp;est\u00e1 sem uso desde a morte do estilista em 2009 e corre o risco de ser demolida em&nbsp;<a class=\"\" href=\"https:\/\/g1.globo.com\/sp\/vale-do-paraiba-regiao\/cidade\/ubatuba\/\">Ubatuba<\/a>, no Litoral Norte de S\u00e3o Paulo.<\/p>\n\n\n\n<p>Com sinais de abandono e deteriorado com o passar do tempo, o im\u00f3vel que\u00a0<a class=\"\" href=\"https:\/\/g1.globo.com\/sp\/vale-do-paraiba-regiao\/noticia\/2015\/03\/mansao-de-clodovil-vai-venda-no-litoral-6-anos-apos-morte-do-estilista.html\">chegou a ser avaliado em R$ 1,6 milh\u00e3o<\/a>\u00a0est\u00e1 no centro de uma disputa judicial, que envolve a posse por uma moradora de\u00a0<a class=\"\" href=\"https:\/\/g1.globo.com\/sp\/campinas-regiao\/cidade\/campinas\/\">Campinas (SP)<\/a>\u00a0e\u00a0<a class=\"\" href=\"https:\/\/g1.globo.com\/sp\/vale-do-paraiba-regiao\/noticia\/2016\/03\/parte-da-mansao-de-clodovil-hernandes-e-demolida-em-ubatuba.html\">um pedido de demoli\u00e7\u00e3o feito pelo Minist\u00e9rio P\u00fablico<\/a>\u00a0&#8211;\u00a0<em>entenda mais abaixo.<\/em><\/p>\n\n\n\n<figure class=\"wp-block-image\"><img decoding=\"async\" src=\"https:\/\/s2-g1.glbimg.com\/1lsFIbmKp-uml19OcBivGJdfDSU=\/0x0:620x465\/984x0\/smart\/filters:strip_icc()\/s.glbimg.com\/jo\/g1\/f\/original\/2015\/03\/17\/vista.jpg\" alt=\"Imagem de arquivo - Seis anos ap\u00f3s primeiro leil\u00e3o, mans\u00e3o de Clodovil em Ubatuba est\u00e1 em ru\u00ednas \u2014 Foto: Daniel Corr\u00e1\/ G1\"\/><\/figure>\n\n\n\n<p>Imagem de arquivo &#8211; Seis anos ap\u00f3s primeiro leil\u00e3o, mans\u00e3o de Clodovil em Ubatuba est\u00e1 em ru\u00ednas \u2014 Foto: Daniel Corr\u00e1\/ G1<\/p>\n\n\n\n<p><a class=\"\" href=\"http:\/\/g1.globo.com\/Noticias\/Politica\/0,,MUL1046968-5601,00.html\">O estilista, ator e apresentador Clodovil Hernandes morreu em 2009<\/a>. Para pagar d\u00edvidas deixadas por ele, a Justi\u00e7a autorizou que a mans\u00e3o que pertenceu a ele&nbsp;<a class=\"\" href=\"https:\/\/g1.globo.com\/sp\/vale-do-paraiba-regiao\/noticia\/mansao-de-clodovil-no-litoral-norte-de-sp-vai-a-leilao-a-partir-de-r-900-mil.ghtml\">fosse a leil\u00e3o<\/a>.<\/p>\n\n\n\n<p>A primeira tentativa foi em 30 de novembro de 2017,&nbsp;<a class=\"\" href=\"https:\/\/g1.globo.com\/sp\/vale-do-paraiba-regiao\/noticia\/mansao-de-clodovil-em-ubatuba-nao-recebe-propostas-em-leilao-e-deve-ser-vendida-por-valor-mais-baixo.ghtml\">mas n\u00e3o atraiu interessados<\/a>. S\u00f3 na terceira tentativa, no ano seguinte,&nbsp;<a class=\"\" href=\"https:\/\/g1.globo.com\/sp\/vale-do-paraiba-regiao\/noticia\/2018\/08\/17\/mansao-de-clodovil-em-ubatuba-e-arrematada-por-r-750-mil-em-leilao.ghtml\">\u00e9 que o im\u00f3vel foi arrematado<\/a>.<\/p>\n\n\n\n<figure class=\"wp-block-image\"><img decoding=\"async\" src=\"https:\/\/s2-g1.glbimg.com\/hAUS3lFIG4FVBdcduqTdt76Khys=\/0x0:535x335\/984x0\/smart\/filters:strip_icc()\/i.s3.glbimg.com\/v1\/AUTH_59edd422c0c84a879bd37670ae4f538a\/internal_photos\/bs\/2018\/J\/R\/8yX4O9QcCg1FLtdrJECg\/clodovil2.jpg\" alt=\"Seis anos ap\u00f3s 1\u00b0 leil\u00e3o, mans\u00e3o de Clodovil em Ubatuba est\u00e1 em ru\u00ednas e pode ser demolida \u2014 Foto:  Jos\u00e9 Cruz\/Ag\u00eancia Brasil\"\/><\/figure>\n\n\n\n<p>Seis anos ap\u00f3s 1\u00b0 leil\u00e3o, mans\u00e3o de Clodovil em Ubatuba est\u00e1 em ru\u00ednas e pode ser demolida \u2014 Foto: Jos\u00e9 Cruz\/Ag\u00eancia Brasil<\/p>\n\n\n\n<p><a class=\"\" href=\"https:\/\/g1.globo.com\/sp\/vale-do-paraiba-regiao\/noticia\/2018\/08\/17\/mansao-de-clodovil-em-ubatuba-e-arrematada-por-r-750-mil-em-leilao.ghtml\">Thalita Daiane de Melo arrematou o im\u00f3vel com um lance de R$ 750 mil<\/a>, mas nunca chegou a usufruir do espa\u00e7o. Isso porque ela mesmo&nbsp;<a class=\"\" href=\"https:\/\/g1.globo.com\/sp\/vale-do-paraiba-regiao\/noticia\/2019\/01\/30\/compradora-da-mansao-de-clodovil-desiste-do-negocio-e-tenta-na-justica-anular-leilao.ghtml\">tentou anular o leil\u00e3o ap\u00f3s vencer o certame<\/a>.<\/p>\n\n\n\n<p>Na Justi\u00e7a, a defesa dela chegou a dizer que Thalita &#8216;comprou gato por lebre&#8217; ao arrematar apenas o direito de uso da \u00e1rea, e n\u00e3o a propriedade do im\u00f3vel em si.<\/p>\n\n\n\n<p>O pedido para anular o leil\u00e3o foi negado e, neste ano, a Justi\u00e7a ainda determinou que o direito para uso do im\u00f3vel fosse transmitido para Thalita.<\/p>\n\n\n\n<figure class=\"wp-block-image\"><img decoding=\"async\" src=\"https:\/\/s2-g1.glbimg.com\/ohDgTPj5ywk9gsJVg22kbR_k97E=\/0x0:620x465\/984x0\/smart\/filters:strip_icc()\/s.glbimg.com\/jo\/g1\/f\/original\/2015\/03\/17\/capela.jpg\" alt=\"Imagem de arquivo - Seis anos ap\u00f3s primeiro leil\u00e3o, mans\u00e3o de Clodovil em Ubatuba est\u00e1 em ru\u00ednas \u2014 Foto: Carlos Santos\/ G1\"\/><\/figure>\n\n\n\n<p>Imagem de arquivo &#8211; Seis anos ap\u00f3s primeiro leil\u00e3o, mans\u00e3o de Clodovil em Ubatuba est\u00e1 em ru\u00ednas \u2014 Foto: Carlos Santos\/ G1<\/p>\n\n\n\n<p>Segundo a advogada Maria Hebe Queiroz, que representa o esp\u00f3lio de Clodovil, isso ainda n\u00e3o aconteceu porque o Minist\u00e9rio P\u00fablico pediu a demoli\u00e7\u00e3o total do im\u00f3vel. O pedido foi feito em 2021 e ainda n\u00e3o h\u00e1 uma decis\u00e3o.<\/p>\n\n\n\n<p>&#8220;O valor da arremata\u00e7\u00e3o encontra-se depositado em ju\u00edzo e a posse ainda n\u00e3o foi transmitida para Thalita tendo em vista que um promotor solicitou a demoli\u00e7\u00e3o da casa. N\u00f3s contestamos e n\u00e3o vamos demolir. \u00c9 muito caro para demolir. A n\u00e3o ser que o poder p\u00fablico queira assumir as despesas&#8221;, explicou.<\/p>\n\n\n\n<p>O&nbsp;<a class=\"\" href=\"http:\/\/g1.globo\/\" target=\"_blank\" rel=\"noreferrer noopener\">g1&nbsp;<\/a>tenta contato com a compradora, Thalita Daiana de Melo, e seu advogado, Jos\u00e9 de Ara\u00fajo, para entender se houve desist\u00eancia do pedido de anula\u00e7\u00e3o do leil\u00e3o e se h\u00e1 planos para a mans\u00e3o, mas n\u00e3o teve retorno. A reportagem ser\u00e1 atualizada caso eles se manifestem.<\/p>\n\n\n\n<p>O Minist\u00e9rio P\u00fablico tamb\u00e9m foi procurado, mas n\u00e3o se manifestou at\u00e9 a publica\u00e7\u00e3o.<\/p>\n\n\n\n<p><\/p>\n\n\n\n<figure class=\"wp-block-image\"><img decoding=\"async\" src=\"https:\/\/s2-g1.glbimg.com\/1GPrDYCzS6agQxjnc7qXMTJtGSA=\/0x0:620x465\/984x0\/smart\/filters:strip_icc()\/s.glbimg.com\/jo\/g1\/f\/original\/2015\/03\/17\/salao_demolido.jpg\" alt=\"Imagem de arquivo - Seis anos ap\u00f3s primeiro leil\u00e3o, mans\u00e3o de Clodovil em Ubatuba est\u00e1 em ru\u00ednas \u2014 Foto: Daniel Corr\u00e1\/ G1\"\/><\/figure>\n\n\n\n<p>Imagem de arquivo &#8211; Seis anos ap\u00f3s primeiro leil\u00e3o, mans\u00e3o de Clodovil em Ubatuba est\u00e1 em ru\u00ednas \u2014 Foto: Daniel Corr\u00e1\/ G1<\/p>\n\n\n\n<p>A representante legal do esp\u00f3lio de Clodovil, a advogada Maria Hebe Queiroz, afirmou ao&nbsp;<a class=\"\" href=\"http:\/\/g1.globo\/\" target=\"_blank\" rel=\"noreferrer noopener\">g1<\/a>&nbsp;que pouca coisa mudou de l\u00e1 pra c\u00e1 e que a casa est\u00e1 em p\u00e9ssimo estado de conserva\u00e7\u00e3o.<\/p>\n\n\n\n<p>Segundo ela, a Justi\u00e7a nunca autorizou reformas no local. Atualmente, um caseiro trabalha no im\u00f3vel apenas para cortar o mato alto e impedir que haja invas\u00f5es.<\/p>\n\n\n\n<p>Os m\u00f3veis e objetos da casa foram retirados h\u00e1 muitos anos. Um ic\u00f4nico vaso sanit\u00e1rio do estilista foi vendido. O valor n\u00e3o foi revelado.<\/p>\n\n\n\n<figure class=\"wp-block-image\"><img decoding=\"async\" src=\"https:\/\/s2-g1.glbimg.com\/WSxqMhPb5_4PtdHhxvpxL0Ouzfs=\/0x0:620x465\/984x0\/smart\/filters:strip_icc()\/s.glbimg.com\/jo\/g1\/f\/original\/2015\/03\/17\/sanitario.jpg\" alt=\"Imagem de arquivo - Seis anos ap\u00f3s primeiro leil\u00e3o, mans\u00e3o de Clodovil em Ubatuba est\u00e1 em ru\u00ednas \u2014 Foto: Carlos Santos\/ G1\"\/><\/figure>\n\n\n\n<p>Imagem de arquivo &#8211; Seis anos ap\u00f3s primeiro leil\u00e3o, mans\u00e3o de Clodovil em Ubatuba est\u00e1 em ru\u00ednas \u2014 Foto: Carlos Santos\/ G1<\/p>\n\n\n\n<figure class=\"wp-block-image\"><img decoding=\"async\" src=\"https:\/\/s2-g1.glbimg.com\/Q1spVo4he0_9wg1Tp9H4VWK1Iqg=\/0x0:620x465\/984x0\/smart\/filters:strip_icc()\/s.glbimg.com\/jo\/g1\/f\/original\/2015\/03\/17\/quarto_001.jpg\" alt=\"Imagem de arquivo - Seis anos ap\u00f3s primeiro leil\u00e3o, mans\u00e3o de Clodovil em Ubatuba est\u00e1 em ru\u00ednas \u2014 Foto: Daniel Corr\u00e1\/ G1\"\/><\/figure>\n\n\n\n<p>Imagem de arquivo &#8211; Seis anos ap\u00f3s primeiro leil\u00e3o, mans\u00e3o de Clodovil em Ubatuba est\u00e1 em ru\u00ednas \u2014 Foto: Daniel Corr\u00e1\/ G1<\/p>\n\n\n\n<figure class=\"wp-block-image\"><img decoding=\"async\" src=\"https:\/\/s2-g1.glbimg.com\/BETNY26Mzj0tvbi-Vterte64AiI=\/0x0:620x465\/984x0\/smart\/filters:strip_icc()\/s.glbimg.com\/jo\/g1\/f\/original\/2015\/03\/17\/lounge.jpg\" alt=\"Imagem de arquivo - Seis anos ap\u00f3s primeiro leil\u00e3o, mans\u00e3o de Clodovil em Ubatuba est\u00e1 em ru\u00ednas \u2014 Foto: Carlos Santos\/ G1\"\/><\/figure>\n\n\n\n<p>Imagem de arquivo &#8211; Seis anos ap\u00f3s primeiro leil\u00e3o, mans\u00e3o de Clodovil em Ubatuba est\u00e1 em ru\u00ednas \u2014 Foto: Carlos Santos\/ G1<\/p>\n\n\n\n<p>Fonte G1<\/p>\n\n\n\n<p><a href=\"https:\/\/g1.globo.com\/saude\/noticia\/2023\/11\/30\/paciente-relata-graxa-no-pulmao-por-uso-de-vape-diz-que-aparelho-mata-e-que-legalizacao-nao-deve-ser-debatida.ghtml\"><\/a><\/p>\n","protected":false},"excerpt":{"rendered":"<p>Im\u00f3vel chegou a ser arrematado, mas a compradora nunca p\u00f4de us\u00e1-lo e tentou anular o leil\u00e3o, ap\u00f3s desistir do neg\u00f3cio. Minist\u00e9rio P\u00fablico quer a demoli\u00e7\u00e3o do pr\u00e9dio. Seis anos ap\u00f3s ser levada a leil\u00e3o pela primeira vez, uma mans\u00e3o com vista para o mar&nbsp;que pertenceu a&nbsp;Clodovil Hernandes&nbsp;est\u00e1 sem uso desde a morte do estilista em [&hellip;]<\/p>\n","protected":false},"author":8,"featured_media":20809,"comment_status":"closed","ping_status":"open","sticky":false,"template":"","format":"standard","meta":{"rop_custom_images_group":[],"rop_custom_messages_group":[],"rop_publish_now":"initial","rop_publish_now_accounts":[],"rop_publish_now_history":[],"rop_publish_now_status":"pending","footnotes":""},"categories":[263],"tags":[],"class_list":["post-20808","post","type-post","status-publish","format-standard","has-post-thumbnail","hentry","category-litoral"],"amp_enabled":true,"_links":{"self":[{"href":"https:\/\/imais.online\/portal\/wp-json\/wp\/v2\/posts\/20808","targetHints":{"allow":["GET"]}}],"collection":[{"href":"https:\/\/imais.online\/portal\/wp-json\/wp\/v2\/posts"}],"about":[{"href":"https:\/\/imais.online\/portal\/wp-json\/wp\/v2\/types\/post"}],"author":[{"embeddable":true,"href":"https:\/\/imais.online\/portal\/wp-json\/wp\/v2\/users\/8"}],"replies":[{"embeddable":true,"href":"https:\/\/imais.online\/portal\/wp-json\/wp\/v2\/comments?post=20808"}],"version-history":[{"count":1,"href":"https:\/\/imais.online\/portal\/wp-json\/wp\/v2\/posts\/20808\/revisions"}],"predecessor-version":[{"id":20810,"href":"https:\/\/imais.online\/portal\/wp-json\/wp\/v2\/posts\/20808\/revisions\/20810"}],"wp:featuredmedia":[{"embeddable":true,"href":"https:\/\/imais.online\/portal\/wp-json\/wp\/v2\/media\/20809"}],"wp:attachment":[{"href":"https:\/\/imais.online\/portal\/wp-json\/wp\/v2\/media?parent=20808"}],"wp:term":[{"taxonomy":"category","embeddable":true,"href":"https:\/\/imais.online\/portal\/wp-json\/wp\/v2\/categories?post=20808"},{"taxonomy":"post_tag","embeddable":true,"href":"https:\/\/imais.online\/portal\/wp-json\/wp\/v2\/tags?post=20808"}],"curies":[{"name":"wp","href":"https:\/\/api.w.org\/{rel}","templated":true}]}}