{"id":2082,"date":"2021-10-05T14:15:07","date_gmt":"2021-10-05T17:15:07","guid":{"rendered":"https:\/\/imais.online\/portal\/?p=2082"},"modified":"2021-10-05T14:15:09","modified_gmt":"2021-10-05T17:15:09","slug":"sp-blocos-podem-se-inscrever-para-carnaval-a-partir-de-15-de-outubro","status":"publish","type":"post","link":"https:\/\/imais.online\/portal\/sp-blocos-podem-se-inscrever-para-carnaval-a-partir-de-15-de-outubro\/","title":{"rendered":"SP: blocos podem se inscrever para carnaval a partir de 15 de outubro"},"content":{"rendered":"<div class=\"imais-before-content-placement\" id=\"imais-2607207896\"><script async src=\"\/\/pagead2.googlesyndication.com\/pagead\/js\/adsbygoogle.js?client=ca-pub-8787528412751566\" crossorigin=\"anonymous\"><\/script><ins class=\"adsbygoogle\" style=\"display:block;\" data-ad-client=\"ca-pub-8787528412751566\" \ndata-ad-slot=\"\" \ndata-ad-format=\"auto\"><\/ins>\n<script> \n(adsbygoogle = window.adsbygoogle || []).push({}); \n<\/script>\n<\/div>\n<h3 class=\"has-text-align-center wp-block-heading\">Blocos de rua devem fazer inscri\u00e7\u00e3o no site da prefeitura<\/h3>\n\n\n\n<p>Os blocos que desejarem participar do carnaval de rua de 2022 na cidade de S\u00e3o Paulo podem fazer suas inscri\u00e7\u00f5es na prefeitura, pela internet, entre os dias 15 de outubro e 5 de novembro. A informa\u00e7\u00e3o foi divulgada&nbsp;hoje&nbsp;(5) pela prefeitura paulistana. Segundo a administra\u00e7\u00e3o municipal, a prioridade ser\u00e1 dada aos blocos tradicionais de rua da cidade. O edital para os patrocinadores ser\u00e1 divulgado no dia&nbsp;18 de outubro.<img decoding=\"async\" src=\"https:\/\/agenciabrasil.ebc.com.br\/ebc.png?id=1423614&amp;o=node\"><img decoding=\"async\" src=\"https:\/\/agenciabrasil.ebc.com.br\/ebc.gif?id=1423614&amp;o=node\"><\/p>\n\n\n\n<p>A prefeitura de S\u00e3o Paulo apresentou&nbsp;hoje, em entrevista coletiva, informa\u00e7\u00f5es sobre como deve ocorrer o carnaval de rua na capital paulista em 2022. A prefeitura tem trabalhado para que o evento aconte\u00e7a e seja o maior de toda a hist\u00f3ria, atraindo mais de 15 milh\u00f5es de foli\u00f5es para as ruas da cidade. No entanto, a realiza\u00e7\u00e3o do carnaval vai depender do cen\u00e1rio da pandemia de covid-19, podendo at\u00e9 ser cancelado caso uma nova variante surja e a situa\u00e7\u00e3o epidemiol\u00f3gica piore.<\/p>\n\n\n\n<p>\u201cEsse cen\u00e1rio [epidemiol\u00f3gico] n\u00f3s vamos ter que acompanhar para, no momento adequado, dar a autoriza\u00e7\u00e3o sanit\u00e1ria para que esse evento, com mais de 15 milh\u00f5es de pessoas, aconte\u00e7a. Mas a prefeitura n\u00e3o poderia se furtar a iniciar o planejamento. O evento adverso [que prejudicaria a realiza\u00e7\u00e3o do carnaval] seria o surgimento de uma nova variante, o que&nbsp;hoje&nbsp;n\u00f3s n\u00e3o temos\u201d, disse o secret\u00e1rio municipal da Sa\u00fade, Edson Aparecido. \u201cUm conjunto de fatores ser\u00e1 analisado. Se eles n\u00e3o forem favor\u00e1veis, n\u00e3o daremos autoriza\u00e7\u00e3o para a realiza\u00e7\u00e3o do evento\u201d, disse.<\/p>\n\n\n\n<p>Segundo ele, por ser um evento muito grande, n\u00e3o haver\u00e1 como cobrar dos foli\u00f5es um comprovante de vacina\u00e7\u00e3o. Mas a prefeitura espera que mais de 90% de sua popula\u00e7\u00e3o esteja completamente vacinada at\u00e9 outubro.<\/p>\n\n\n\n<h2 class=\"wp-block-heading\">Estudo<\/h2>\n\n\n\n<p>Durante a entrevista, a prefeitura apresentou um estudo que demonstrou o grande crescimento do carnaval de rua na cidade, especialmente ap\u00f3s o ano de 2017. Em 2014, por exemplo, havia 200 blocos desfilando nas ruas da capital. Em 2017, esse n\u00famero saltou para 400. J\u00e1 no ano passado havia&nbsp;644 blocos. A quantidade de p\u00fablico tamb\u00e9m acompanhou esse aumento e saltou de 200 mil pessoas em 2014 para 3,5 milh\u00f5es em 2017 e 15 milh\u00f5es em 2020. Neste ano de 2021, o carnaval foi cancelado na cidade de S\u00e3o Paulo por causa da pandemia.<\/p>\n\n\n\n<p>Com a divulga\u00e7\u00e3o desse estudo, a prefeitura espera fazer uma melhor prepara\u00e7\u00e3o para o carnaval de rua, evitando a concentra\u00e7\u00e3o de pessoas em um s\u00f3 espa\u00e7o. Por isso, tem calculado a \u00e1rea do desfile e realizado uma estimativa de densidade do p\u00fablico.<\/p>\n\n\n\n<p>\u201cA comiss\u00e3o se dedicou a&nbsp;fazer um levantamento e uma estimativa de densidade de p\u00fablico para cada trajeto e com isso conseguir fazer planejamento mais adequado da infraestrutura necess\u00e1ria\u201d, disse o secret\u00e1rio municipal das Subprefeituras, Alexandre Modonezi.<\/p>\n\n\n\n<p>Ontem&nbsp;(4), o prefeito de S\u00e3o Paulo, Ricardo Nunes, disse que h\u00e1 uma&nbsp;<a href=\"https:\/\/agenciabrasil.ebc.com.br\/geral\/noticia\/2021-10\/prefeito-de-sp-diz-que-muito-provavelmente-capital-tera-carnaval-2022\" target=\"_blank\" rel=\"noreferrer noopener\">grande possibilidade de a cidade de S\u00e3o Paulo&nbsp;ter&nbsp;Carnaval no pr\u00f3ximo ano<\/a>. Isto, no entanto, alertou o prefeito, vai depender dos indicadores relacionados \u00e0 covid-19 que dever\u00e3o estar&nbsp;em queda.<\/p>\n\n\n\n<p>\u201cA tend\u00eancia&nbsp;hoje&nbsp;\u00e9 que tenha o carnaval. Muito provavelmente, teremos carnaval. Isso se continuar com os dados de&nbsp;hoje [da pandemia], com aumento da vacina\u00e7\u00e3o e queda do n\u00famero de \u00f3bitos. Se continuar assim, vamos&nbsp;ter&nbsp;Carnaval\u201d, disse ele.<\/p>\n\n\n\n<p>Em setembro, o prefeito j\u00e1 havia&nbsp;<a href=\"https:\/\/agenciabrasil.ebc.com.br\/geral\/noticia\/2021-09\/prefeitura-de-sao-paulo-autoriza-preparativos-para-o-carnaval-2022\" target=\"_blank\" rel=\"noreferrer noopener\">autorizado que os preparativos<\/a>&nbsp;para a realiza\u00e7\u00e3o do carnaval na cidade de S\u00e3o Paulo fossem iniciados. No entanto, na ocasi\u00e3o, a prefeitura informou que a realiza\u00e7\u00e3o do Carnaval s\u00f3 seria permitida se pelo menos 70% da popula\u00e7\u00e3o paulistana estivesse vacinada contra a covid-19 e se houvesse autoriza\u00e7\u00e3o dos \u00f3rg\u00e3os municipais, tal como a Secretaria Municipal da Sa\u00fade.<\/p>\n\n\n\n<h2 class=\"wp-block-heading\">N\u00e3o \u00e0 discrimina\u00e7\u00e3o e \u00e0 viol\u00eancia<\/h2>\n\n\n\n<p>O carnaval de rua de S\u00e3o Paulo em 2022 pretende combater a viol\u00eancia contra a mulher, o racismo e a LGBTfobia. Para isso, deve distribuir adesivos e construir tendas, com equipes multidisciplinares, para atender os foli\u00f5es. A prefeitura tamb\u00e9m vai distribuir pulseiras de localiza\u00e7\u00e3o para as crian\u00e7as.<\/p>\n\n\n\n<p>\u201cDentro das tendas haver\u00e1 uma \u00e1rea de localiza\u00e7\u00e3o para as crian\u00e7as que se perderam durante a folia. Os pais, quando levarem as crian\u00e7as, j\u00e1 coloquem as pulseiras antes para poder facilitar a localiza\u00e7\u00e3o durante o carnaval\u201d, disse a secret\u00e1ria de Direitos Humanos e Cidadania, Claudia Carlleto.<\/p>\n\n\n\n<p>Por Elaine Patricia Cruz \u2013 Rep\u00f3rter da Ag\u00eancia Brasil &#8211; S\u00e3o Paulo<\/p>\n","protected":false},"excerpt":{"rendered":"<p>Blocos de rua devem fazer inscri\u00e7\u00e3o no site da prefeitura Os blocos que desejarem participar do carnaval de rua de 2022 na cidade de S\u00e3o Paulo podem fazer suas inscri\u00e7\u00f5es na prefeitura, pela internet, entre os dias 15 de outubro e 5 de novembro. A informa\u00e7\u00e3o foi divulgada&nbsp;hoje&nbsp;(5) pela prefeitura paulistana. Segundo a administra\u00e7\u00e3o municipal, [&hellip;]<\/p>\n","protected":false},"author":8,"featured_media":2083,"comment_status":"closed","ping_status":"open","sticky":false,"template":"","format":"standard","meta":{"rop_custom_images_group":[],"rop_custom_messages_group":[],"rop_publish_now":"initial","rop_publish_now_accounts":[],"rop_publish_now_history":[],"rop_publish_now_status":"pending","footnotes":""},"categories":[195],"tags":[],"class_list":["post-2082","post","type-post","status-publish","format-standard","has-post-thumbnail","hentry","category-sao-paulo"],"amp_enabled":true,"_links":{"self":[{"href":"https:\/\/imais.online\/portal\/wp-json\/wp\/v2\/posts\/2082","targetHints":{"allow":["GET"]}}],"collection":[{"href":"https:\/\/imais.online\/portal\/wp-json\/wp\/v2\/posts"}],"about":[{"href":"https:\/\/imais.online\/portal\/wp-json\/wp\/v2\/types\/post"}],"author":[{"embeddable":true,"href":"https:\/\/imais.online\/portal\/wp-json\/wp\/v2\/users\/8"}],"replies":[{"embeddable":true,"href":"https:\/\/imais.online\/portal\/wp-json\/wp\/v2\/comments?post=2082"}],"version-history":[{"count":1,"href":"https:\/\/imais.online\/portal\/wp-json\/wp\/v2\/posts\/2082\/revisions"}],"predecessor-version":[{"id":2084,"href":"https:\/\/imais.online\/portal\/wp-json\/wp\/v2\/posts\/2082\/revisions\/2084"}],"wp:featuredmedia":[{"embeddable":true,"href":"https:\/\/imais.online\/portal\/wp-json\/wp\/v2\/media\/2083"}],"wp:attachment":[{"href":"https:\/\/imais.online\/portal\/wp-json\/wp\/v2\/media?parent=2082"}],"wp:term":[{"taxonomy":"category","embeddable":true,"href":"https:\/\/imais.online\/portal\/wp-json\/wp\/v2\/categories?post=2082"},{"taxonomy":"post_tag","embeddable":true,"href":"https:\/\/imais.online\/portal\/wp-json\/wp\/v2\/tags?post=2082"}],"curies":[{"name":"wp","href":"https:\/\/api.w.org\/{rel}","templated":true}]}}