{"id":20875,"date":"2023-12-02T11:13:30","date_gmt":"2023-12-02T14:13:30","guid":{"rendered":"https:\/\/imais.online\/portal\/?p=20875"},"modified":"2023-12-02T11:13:32","modified_gmt":"2023-12-02T14:13:32","slug":"mais-de-seis-milhoes-de-pessoas-foram-presas-tentando-entrar-nos-eua-durante-governo-biden","status":"publish","type":"post","link":"https:\/\/imais.online\/portal\/mais-de-seis-milhoes-de-pessoas-foram-presas-tentando-entrar-nos-eua-durante-governo-biden\/","title":{"rendered":"Mais de seis milh\u00f5es de pessoas foram presas tentando entrar nos EUA durante governo Biden"},"content":{"rendered":"<div class=\"imais-before-content-placement\" id=\"imais-4258675484\"><script async src=\"\/\/pagead2.googlesyndication.com\/pagead\/js\/adsbygoogle.js?client=ca-pub-8787528412751566\" crossorigin=\"anonymous\"><\/script><ins class=\"adsbygoogle\" style=\"display:block;\" data-ad-client=\"ca-pub-8787528412751566\" \ndata-ad-slot=\"\" \ndata-ad-format=\"auto\"><\/ins>\n<script> \n(adsbygoogle = window.adsbygoogle || []).push({}); \n<\/script>\n<\/div>\n<h2 class=\"wp-block-heading\">Fluxo de imigrantes pela fronteira sul do territ\u00f3rio americano de janeiro de 2021 at\u00e9 setembro deste ano \u00e9 o maior desde 1960<\/h2>\n\n\n\n<p>Sob a gest\u00e3o do&nbsp;<a href=\"https:\/\/noticias.r7.com\/internacional\/biden-ampliara-muro-na-fronteira-com-o-mexico-para-barrar-imigrantes-05102023?lista_especial=Estados-Unidos\">presidente Joe Biden<\/a>, a Patrulha de Fronteira prendeu mais gente entrando ilegalmente no pa\u00eds pela fronteira meridional do que em qualquer outro per\u00edodo desde que o governo come\u00e7ou a fazer essa contagem, em 1960.<\/p>\n\n\n\n<p>Seu mandato coincide com um movimento mundial impulsionado por milh\u00f5es de pessoas desalojadas por guerras, persegui\u00e7\u00e3o, mudan\u00e7a clim\u00e1tica, viol\u00eancia e desrespeito aos direitos humanos, segundo a ONU.<\/p>\n\n\n\n<p>\u00c9 maior tamb\u00e9m o n\u00famero de americanos distantes da fronteira que testemunham essa tend\u00eancia, pois os estrangeiros est\u00e3o se espalhando pelo pa\u00eds, sendo que a maioria ter\u00e1 de esperar anos para se apresentar \u00e0 Justi\u00e7a imigrat\u00f3ria. H\u00e1 quem entre com o pedido de asilo com o objetivo de ficar para sempre.<\/p>\n\n\n\n<p>H\u00e1 muito tempo, os republicanos usam a imigra\u00e7\u00e3o como arma contra os democratas; de fato, membros eleitos do partido de algumas regi\u00f5es est\u00e3o pedindo mais apoio do governo federal para poderem socorrer os milhares que est\u00e3o chegando \u00e0s cidades sem nada.<\/p>\n\n\n\n<p>O fen\u00f4meno vem chamando a aten\u00e7\u00e3o para um sistema que h\u00e1 d\u00e9cadas est\u00e1 sob press\u00e3o, com o Congresso incapaz de atualizar as leis que deveriam solucionar os problemas da economia nacional e as tend\u00eancias migrat\u00f3rias de 30 anos atr\u00e1s. Para piorar, o sistema de requerimento de asilo, castigado pela insufici\u00eancia cr\u00f4nica de m\u00e3o de obra e verba, acumula 2 milh\u00f5es de casos, o que gera, para alguns, uma situa\u00e7\u00e3o incontorn\u00e1vel.<\/p>\n\n\n\n<p>Segue aqui uma an\u00e1lise dos n\u00fameros do sistema atual, com base em dados do Servi\u00e7o de Cidadania e Imigra\u00e7\u00e3o, Alf\u00e2ndega e Patrulha de Fronteira e da Transactional Records Access Clearinghouse, organiza\u00e7\u00e3o sem fins lucrativos de coleta de dados da Universidade de Syracuse.<\/p>\n\n\n\n<p>1. Mais de 6 milh\u00f5es de deten\u00e7\u00f5es: esse \u00e9 o n\u00famero de pris\u00f5es efetuadas pelos agentes da Patrulha de Fronteira entre fevereiro de 2021 e o fim de setembro de 2023. Nesse mesmo per\u00edodo, mais de 1,7 milh\u00e3o de pessoas foram soltas, com direito a permanecer no pa\u00eds temporariamente. Outros milhares foram transferidos para um centro de deten\u00e7\u00e3o e libertados nas mesmas condi\u00e7\u00f5es.<\/p>\n\n\n\n<p>As pessoas t\u00eam um ano para dar entrada no processo de requerimento de asilo a partir da data de entrada nos EUA. N\u00e3o h\u00e1 dados p\u00fablicos sobre a porcentagem de quem entra ilegalmente e acaba requerendo esse status.<\/p>\n\n\n\n<p>2. Mais de 800 mil requisi\u00e7\u00f5es: esse \u00e9 o n\u00famero de pessoas que deram entrada no pedido nos \u00faltimos 12 meses, o que representa um salto de 63% em rela\u00e7\u00e3o ao ano anterior.<\/p>\n\n\n\n<p>Entretanto, uma vez que o prazo \u00e9 de um ano, os valores mensais geralmente correspondem \u00e0s chegadas do ano anterior. Em 2022, os agentes fizeram 2,3 milh\u00f5es de deten\u00e7\u00f5es, o que corresponde ao maior n\u00famero de imigrantes ilegais pelo menos desde 1960, quando o governo come\u00e7ou a fazer esses registros.<\/p>\n\n\n\n<p>3. Mais de 2 milh\u00f5es de processos acumulados: esse \u00e9 o n\u00famero de pessoas que est\u00e3o aguardando uma resposta do governo federal para o pedido de asilo que registraram.<\/p>\n\n\n\n<p>Algumas o fizeram porque est\u00e3o sendo perseguidas ou amea\u00e7adas de tortura na terra natal e, por isso, se encaixam nas exig\u00eancias do instrumento, mas a maioria n\u00e3o preenche os requisitos da lei de 1980 (que ainda n\u00e3o foi atualizada).<\/p>\n\n\n\n<p>Durante os per\u00edodos de pico nas travessias feitas nos \u00faltimos dois anos, pelo menos metade dos que foram detidos recebe permiss\u00e3o para ficar no pa\u00eds e brigar na Justi\u00e7a para evitar a deporta\u00e7\u00e3o.<\/p>\n\n\n\n<p>Mesmo variando de m\u00eas para m\u00eas, os dados do governo federal mostram que mais da metade daqueles que entraram ilegalmente em julho e agosto foi solta depois de alguns dias, com permiss\u00e3o para estada tempor\u00e1ria.<\/p>\n\n\n\n<p>4. Menos de 1.500 ju\u00edzes e funcion\u00e1rios: h\u00e1 659 ju\u00edzes e cerca de 800 servidores respons\u00e1veis por analisar e decidir os pedidos. Em julho, a propor\u00e7\u00e3o era de cerca de nove casos recebidos para cada um solucionado.<\/p>\n\n\n\n<p>Os requerimentos s\u00e3o aceitos por duas ag\u00eancias governamentais diferentes: o Tribunal de Imigra\u00e7\u00e3o, que faz parte do Departamento de Justi\u00e7a, e o Servi\u00e7o de Cidadania e Imigra\u00e7\u00e3o, que pertence ao Departamento de Seguran\u00e7a Interna. A primeira op\u00e7\u00e3o \u00e9 geralmente usada por aqueles que entram ilegalmente, entregam-se aos agentes da Patrulha de Fronteira e t\u00eam de seguir o procedimento de deporta\u00e7\u00e3o. Enquanto aguardam uma decis\u00e3o, d\u00e3o entrada no pedido. O problema \u00e9 que, segundo a an\u00e1lise dos casos e dos dados recentes de pedidos de verba, seriam necess\u00e1rios mais de US$ 2 bilh\u00f5es para eliminar o gargalo nos pr\u00f3ximo cinco anos.<\/p>\n\n\n\n<p>A segunda \u00e9 a escolha dos que chegam legalmente, mediante os programas de condicional humanit\u00e1ria ou visto de turista, por exemplo. A ag\u00eancia n\u00e3o forneceu o custo estimado de elimina\u00e7\u00e3o do ac\u00famulo de requisi\u00e7\u00f5es \u2014 que superaram a marca de 1 milh\u00e3o pela primeira vez \u2014, mas confirmou que a car\u00eancia \u00e9 grav\u00edssima, e n\u00e3o h\u00e1 previs\u00e3o de agiliza\u00e7\u00e3o imediata.<\/p>\n\n\n\n<p>5. Dez anos no limbo: esse \u00e9 o per\u00edodo que alguns s\u00e3o for\u00e7ados a aguardar para receber uma resposta oficial. As estimativas recentes mostram que o tempo de espera m\u00e9dio \u00e9 de tr\u00eas anos na Justi\u00e7a imigrat\u00f3ria e de dez no Servi\u00e7o de Imigra\u00e7\u00e3o. Mesmo que haja recursos extras para agilizar o que est\u00e1 parado, as autoridades recebem muito mais pedidos do que os que consegue resolver.<\/p>\n\n\n\n<p>Para muitos, a longa espera j\u00e1 \u00e9 um benef\u00edcio em si, pois t\u00eam permiss\u00e3o de trabalhar e normalmente o fazem em condi\u00e7\u00f5es muito mais seguras do que aquelas de que fugiram. De acordo com os legisladores, esse per\u00edodo \u2014 que tende a ser maior conforme cresce o ac\u00famulo \u2014 \u00e9 um dos maiores est\u00edmulos \u00e0 imigra\u00e7\u00e3o ilegal.<\/p>\n\n\n\n<p>6. Um milh\u00e3o e trezentas mil ordens de deporta\u00e7\u00e3o: esse \u00e9 o n\u00famero de pessoas que foram instadas a deixar os EUA, mas continuam no pa\u00eds, segundo um funcion\u00e1rio que tem acesso aos dados oficiais, e inclui aqueles que tiveram o pedido de asilo negado. Uma vez dada a senten\u00e7a, o imigrante tem 90 dias para sair, mas a grande maioria nunca o faz.<\/p>\n\n\n\n<p>c. 2023 The New York Times Company<\/p>\n\n\n\n<p>Fonte R7<\/p>\n","protected":false},"excerpt":{"rendered":"<p>Fluxo de imigrantes pela fronteira sul do territ\u00f3rio americano de janeiro de 2021 at\u00e9 setembro deste ano \u00e9 o maior desde 1960 Sob a gest\u00e3o do&nbsp;presidente Joe Biden, a Patrulha de Fronteira prendeu mais gente entrando ilegalmente no pa\u00eds pela fronteira meridional do que em qualquer outro per\u00edodo desde que o governo come\u00e7ou a fazer [&hellip;]<\/p>\n","protected":false},"author":8,"featured_media":20876,"comment_status":"closed","ping_status":"open","sticky":false,"template":"","format":"standard","meta":{"rop_custom_images_group":[],"rop_custom_messages_group":[],"rop_publish_now":"initial","rop_publish_now_accounts":[],"rop_publish_now_history":[],"rop_publish_now_status":"pending","footnotes":""},"categories":[212],"tags":[],"class_list":["post-20875","post","type-post","status-publish","format-standard","has-post-thumbnail","hentry","category-internacional"],"amp_enabled":true,"_links":{"self":[{"href":"https:\/\/imais.online\/portal\/wp-json\/wp\/v2\/posts\/20875","targetHints":{"allow":["GET"]}}],"collection":[{"href":"https:\/\/imais.online\/portal\/wp-json\/wp\/v2\/posts"}],"about":[{"href":"https:\/\/imais.online\/portal\/wp-json\/wp\/v2\/types\/post"}],"author":[{"embeddable":true,"href":"https:\/\/imais.online\/portal\/wp-json\/wp\/v2\/users\/8"}],"replies":[{"embeddable":true,"href":"https:\/\/imais.online\/portal\/wp-json\/wp\/v2\/comments?post=20875"}],"version-history":[{"count":1,"href":"https:\/\/imais.online\/portal\/wp-json\/wp\/v2\/posts\/20875\/revisions"}],"predecessor-version":[{"id":20877,"href":"https:\/\/imais.online\/portal\/wp-json\/wp\/v2\/posts\/20875\/revisions\/20877"}],"wp:featuredmedia":[{"embeddable":true,"href":"https:\/\/imais.online\/portal\/wp-json\/wp\/v2\/media\/20876"}],"wp:attachment":[{"href":"https:\/\/imais.online\/portal\/wp-json\/wp\/v2\/media?parent=20875"}],"wp:term":[{"taxonomy":"category","embeddable":true,"href":"https:\/\/imais.online\/portal\/wp-json\/wp\/v2\/categories?post=20875"},{"taxonomy":"post_tag","embeddable":true,"href":"https:\/\/imais.online\/portal\/wp-json\/wp\/v2\/tags?post=20875"}],"curies":[{"name":"wp","href":"https:\/\/api.w.org\/{rel}","templated":true}]}}