{"id":20888,"date":"2023-12-04T11:11:14","date_gmt":"2023-12-04T14:11:14","guid":{"rendered":"https:\/\/imais.online\/portal\/?p=20888"},"modified":"2023-12-04T11:11:15","modified_gmt":"2023-12-04T14:11:15","slug":"venezuela-aprova-com-95-dos-votos-a-criacao-de-um-novo-estado-em-territorio-da-guiana","status":"publish","type":"post","link":"https:\/\/imais.online\/portal\/venezuela-aprova-com-95-dos-votos-a-criacao-de-um-novo-estado-em-territorio-da-guiana\/","title":{"rendered":"Venezuela aprova, com 95% dos votos, a cria\u00e7\u00e3o de um novo estado em territ\u00f3rio da Guiana"},"content":{"rendered":"<div class=\"imais-before-content-placement\" id=\"imais-3740391874\"><script async src=\"\/\/pagead2.googlesyndication.com\/pagead\/js\/adsbygoogle.js?client=ca-pub-8787528412751566\" crossorigin=\"anonymous\"><\/script><ins class=\"adsbygoogle\" style=\"display:block;\" data-ad-client=\"ca-pub-8787528412751566\" \ndata-ad-slot=\"\" \ndata-ad-format=\"auto\"><\/ins>\n<script> \n(adsbygoogle = window.adsbygoogle || []).push({}); \n<\/script>\n<\/div>\n<h2 class=\"wp-block-heading\">Regi\u00e3o de Essequibo equivale a 75% da \u00e1rea total do pa\u00eds vizinho e \u00e9 rica em petr\u00f3leo e minerais<\/h2>\n\n\n\n<p>Mais de 95% dos eleitores que participaram em um<strong>&nbsp;<a href=\"https:\/\/noticias.r7.com\/internacional\/venezuela-vota-em-referendo-sobre-anexacao-de-territorio-da-guiana-03122023\">referendo no domingo (3) na Venezuela sobre Essequibo<\/a><\/strong>, territ\u00f3rio que o pa\u00eds reivindica da vizinha&nbsp;<a href=\"https:\/\/noticias.r7.com\/internacional\/venezuela-faz-hoje-referendo-sobre-anexacao-de-territorio-da-guiana-rico-em-petroleo-e-minerais-02122023\"><strong>Guiana<\/strong><\/a>, apoiaram a proposta de criar uma prov\u00edncia nessa regi\u00e3o rica em petr\u00f3leo.<\/p>\n\n\n\n<p>&#8220;Demos o primeiro passo de uma nova etapa hist\u00f3rica para lutar pelo que \u00e9 nosso. O povo venezuelano falou alto e de maneira clara&#8221;, celebrou o presidente venezuelano, Nicol\u00e1s Maduro, que tentar\u00e1 a reelei\u00e7\u00e3o em 2024, diante de uma multid\u00e3o na pra\u00e7a Bol\u00edvar, no centro de Caracas: &#8220;Foi um dia maravilhoso [&#8230;] uma vit\u00f3ria esmagadora do &#8216;sim'&#8221;.<\/p>\n\n\n\n<p>O presidente do CNE (Conselho Nacional Eleitoral), Elvis Amoroso, anunciou que 95,93% dos eleitores apoiaram a cria\u00e7\u00e3o de uma prov\u00edncia venezuelana chamada &#8220;Guiana Essequiba&#8221; e dar a nacionalidade do pa\u00eds a seus habitantes.<\/p>\n\n\n\n<p>A Venezuela argumenta que o rio Essequibo \u00e9 a fronteira natural com a Guiana, como em 1777 quando era Capitania Geral do Imp\u00e9rio Espanhol. O pa\u00eds apela ao Acordo de Genebra, assinado em 1966, antes da independ\u00eancia da Guiana do Reino Unido, que estabeleceu as bases para uma solu\u00e7\u00e3o negociada e anulou uma decis\u00e3o de 1899, que definiu os limites atuais.<\/p>\n\n\n\n<p>Georgetown, no entanto, defende o laudo de 1899 e pede que seja ratificado pela CIJ (Corte Internacional de Justi\u00e7a), principal tribunal da ONU.<\/p>\n\n\n\n<p>O &#8216;sim&#8217; tamb\u00e9m venceu com percentuais superiores a 95% nas outras quatro perguntas do referendo, que contemplavam a rejei\u00e7\u00e3o ao laudo de Paris e da jurisdi\u00e7\u00e3o da CIJ, o apoio ao Acordo de Genebra e a oposi\u00e7\u00e3o ao uso pela Guiana das \u00e1guas mar\u00edtimas de Essequibo, onde o governo de Georgetown e o grupo americano ExxonMobil iniciaram a explora\u00e7\u00e3o de vastas reservas de petr\u00f3leo descobertas em 2015.<\/p>\n\n\n\n<p>O referendo sobre Essequibo, territ\u00f3rio de 160 mil km\u00b2 e com 125 mil habitantes, a princ\u00edpio n\u00e3o teria consequ\u00eancias concretas a curto prazo: a Venezuela tem em vista refor\u00e7ar sua reivindica\u00e7\u00e3o e negou que a iniciativa seja uma desculpa para invadir e anexar a zona \u00e0 for\u00e7a, como temem os guianenses.<\/p>\n\n\n\n<p>&#8220;Essequibo \u00e9 nosso, foi nosso durante toda a vida&#8221;, declarou \u00e0 AFP Mariela Camero, de 68 anos, uma das primeiras a votar em uma \u00e1rea popular de Caracas.<\/p>\n\n\n\n<p>No primeiro boletim, Amoroso anunciou mais de 10,5 milh\u00f5es de votos \u2014 de um eleitorado de 20,7 milh\u00f5es \u2014 em meio a relatos de baixo comparecimento aos locais de vota\u00e7\u00e3o.<\/p>\n\n\n\n<p>O n\u00famero provocou pol\u00eamica, pois o CNE n\u00e3o divulgou os dados da absten\u00e7\u00e3o. L\u00edderes da oposi\u00e7\u00e3o e alguns analistas interpretaram o an\u00fancio como uma tentativa de disfar\u00e7ar uma&nbsp;<a href=\"https:\/\/noticias.r7.com\/internacional\/baixa-participacao-faz-venezuela-estender-votacao-em-referendo-sobre-a-guiana-03122023\"><strong>taxa de participa\u00e7\u00e3o &#8220;pequena&#8221;<\/strong><\/a>.<\/p>\n\n\n\n<p>&#8220;Segundo Elvis Amoroso, a participa\u00e7\u00e3o de hoje (ele n\u00e3o se atreveu a afirmar) foi de 2.110.864 eleitores. Foram cinco votos por eleitor [&#8230;]. Maduro transformou uma oportunidade de fazer algo bom para todos os venezuelanos em um fracasso estrondoso&#8221;, destacou o ex-candidato \u00e0 presid\u00eancia e l\u00edder opositor Henrique Capriles na rede social X.<\/p>\n\n\n\n<p>&#8220;\u00c9 muito dif\u00edcil compreender resultados dessa maneira&#8221;, disse Luis Vicente Le\u00f3n, diretor da empresa de pesquisas Datanalisis.<\/p>\n\n\n\n<p>O presidente da Guiana, Irfaan Ali, que denunciou o referendo como uma &#8220;amea\u00e7a&#8221;, disse que seus compatriotas n\u00e3o tinham &#8220;nada a temer&#8221;.<\/p>\n\n\n\n<p>&#8220;Estamos trabalhando incansavelmente para garantir que nossas fronteiras permane\u00e7am intactas e que a popula\u00e7\u00e3o e nosso pa\u00eds continuem seguros&#8221;, declarou em uma transmiss\u00e3o no Facebook.&nbsp;<\/p>\n\n\n\n<p>O ministro venezuelano da Defesa, Vladimir Padrino, e outros funcion\u00e1rios de alto escal\u00e3o do governo, como a vice-presidente Delcy Rodr\u00edguez, divulgaram um v\u00eddeo em que ind\u00edgenas substituem uma bandeira da Guiana em um mastro por uma bandeira da Venezuela. Eles afirmaram que \u00e9 a mesma bandeira hasteada em 24 de novembro por Ali na serra de Pacaraima, na \u00e1rea reivindicada.<\/p>\n\n\n\n<p>Procurado pela AFP, o comandante do Estado-Maior das For\u00e7as Armadas da Guiana, brigadeiro Omar Khan, afirmou que o v\u00eddeo seria &#8220;falso&#8221; e o chamou de &#8220;propaganda de guerra&#8221;.<\/p>\n\n\n\n<h3 class=\"wp-block-heading\">Regi\u00e3o rica em petr\u00f3leo<\/h3>\n\n\n\n<figure class=\"wp-block-image\"><img decoding=\"async\" src=\"https:\/\/img.r7.com\/images\/nicolas-maduro-guiana-01122023144501312?dimensions=771x420\" alt=\"Referendo, a princ\u00edpio, n\u00e3o teria consequ\u00eancias concretas no curto prazo\" title=\"Referendo, a princ\u00edpio, n\u00e3o teria consequ\u00eancias concretas no curto prazo\"\/><\/figure>\n\n\n\n<h4 class=\"wp-block-heading\">Referendo, a princ\u00edpio, n\u00e3o teria consequ\u00eancias concretas no curto prazo<\/h4>\n\n\n\n<p>REPRODU\u00c7\u00c3O\/FACEBOOK\/NICOL\u00c1S MADURO &#8211; 14.11.2023<\/p>\n\n\n\n<p>A reivindica\u00e7\u00e3o da Venezuela se intensificou desde que a ExxonMobil descobriu, em 2015, petr\u00f3leo em \u00e1guas disputadas, o que deixa a Guiana com reservas de petr\u00f3leo compar\u00e1veis \u00e0s do Kuait e com as maiores reservas per capita do mundo.<\/p>\n\n\n\n<p>Milhares de guianenses formaram correntes humanas no domingo, chamadas &#8220;c\u00edrculos de uni\u00e3o&#8221;, para mostrar seu apego \u00e0 regi\u00e3o. Muitos vestiam camisetas com frases como &#8220;O Essequibo pertence \u00e0 Guiana&#8221; e agitavam bandeiras do pa\u00eds.<\/p>\n\n\n\n<p>&#8220;N\u00e3o temos as armas, os tanques de guerra. Temos Deus, que nos proteger\u00e1&#8221;, disse \u00e0 AFP Dilip Singh, empres\u00e1rio que participou em uma das manifesta\u00e7\u00f5es na prov\u00edncia de Pomeroon-Supenaam, em Essequibo.<\/p>\n\n\n\n<p>O presidente Luiz In\u00e1cio Lula da Silva, que refor\u00e7ou as tropas brasileiras na fronteira, disse no domingo que espera que &#8220;o bom senso prevale\u00e7a&#8221; nesta disputa e que a regi\u00e3o n\u00e3o precisa de confus\u00e3o.<\/p>\n\n\n\n<p>\u00a9 Agence France-Presse<\/p>\n\n\n\n<p>Fonte R7<\/p>\n","protected":false},"excerpt":{"rendered":"<p>Regi\u00e3o de Essequibo equivale a 75% da \u00e1rea total do pa\u00eds vizinho e \u00e9 rica em petr\u00f3leo e minerais Mais de 95% dos eleitores que participaram em um&nbsp;referendo no domingo (3) na Venezuela sobre Essequibo, territ\u00f3rio que o pa\u00eds reivindica da vizinha&nbsp;Guiana, apoiaram a proposta de criar uma prov\u00edncia nessa regi\u00e3o rica em petr\u00f3leo. &#8220;Demos [&hellip;]<\/p>\n","protected":false},"author":8,"featured_media":20889,"comment_status":"closed","ping_status":"open","sticky":false,"template":"","format":"standard","meta":{"rop_custom_images_group":[],"rop_custom_messages_group":[],"rop_publish_now":"initial","rop_publish_now_accounts":[],"rop_publish_now_history":[],"rop_publish_now_status":"pending","footnotes":""},"categories":[212],"tags":[],"class_list":["post-20888","post","type-post","status-publish","format-standard","has-post-thumbnail","hentry","category-internacional"],"amp_enabled":true,"_links":{"self":[{"href":"https:\/\/imais.online\/portal\/wp-json\/wp\/v2\/posts\/20888","targetHints":{"allow":["GET"]}}],"collection":[{"href":"https:\/\/imais.online\/portal\/wp-json\/wp\/v2\/posts"}],"about":[{"href":"https:\/\/imais.online\/portal\/wp-json\/wp\/v2\/types\/post"}],"author":[{"embeddable":true,"href":"https:\/\/imais.online\/portal\/wp-json\/wp\/v2\/users\/8"}],"replies":[{"embeddable":true,"href":"https:\/\/imais.online\/portal\/wp-json\/wp\/v2\/comments?post=20888"}],"version-history":[{"count":1,"href":"https:\/\/imais.online\/portal\/wp-json\/wp\/v2\/posts\/20888\/revisions"}],"predecessor-version":[{"id":20890,"href":"https:\/\/imais.online\/portal\/wp-json\/wp\/v2\/posts\/20888\/revisions\/20890"}],"wp:featuredmedia":[{"embeddable":true,"href":"https:\/\/imais.online\/portal\/wp-json\/wp\/v2\/media\/20889"}],"wp:attachment":[{"href":"https:\/\/imais.online\/portal\/wp-json\/wp\/v2\/media?parent=20888"}],"wp:term":[{"taxonomy":"category","embeddable":true,"href":"https:\/\/imais.online\/portal\/wp-json\/wp\/v2\/categories?post=20888"},{"taxonomy":"post_tag","embeddable":true,"href":"https:\/\/imais.online\/portal\/wp-json\/wp\/v2\/tags?post=20888"}],"curies":[{"name":"wp","href":"https:\/\/api.w.org\/{rel}","templated":true}]}}