{"id":20891,"date":"2023-12-04T11:23:34","date_gmt":"2023-12-04T14:23:34","guid":{"rendered":"https:\/\/imais.online\/portal\/?p=20891"},"modified":"2023-12-04T11:23:34","modified_gmt":"2023-12-04T14:23:34","slug":"kim-jong-un-esta-preocupado-com-a-queda-da-taxa-de-natalidade-na-coreia-do-norte","status":"publish","type":"post","link":"https:\/\/imais.online\/portal\/kim-jong-un-esta-preocupado-com-a-queda-da-taxa-de-natalidade-na-coreia-do-norte\/","title":{"rendered":"Kim Jong-un est\u00e1 preocupado com a queda da taxa de natalidade na Coreia do Norte"},"content":{"rendered":"<div class=\"imais-before-content-placement\" id=\"imais-3374953255\"><script async src=\"\/\/pagead2.googlesyndication.com\/pagead\/js\/adsbygoogle.js?client=ca-pub-8787528412751566\" crossorigin=\"anonymous\"><\/script><ins class=\"adsbygoogle\" style=\"display:block;\" data-ad-client=\"ca-pub-8787528412751566\" \ndata-ad-slot=\"\" \ndata-ad-format=\"auto\"><\/ins>\n<script> \n(adsbygoogle = window.adsbygoogle || []).push({}); \n<\/script>\n<\/div>\n<h2 class=\"wp-block-heading\">Em discurso a um grupo de m\u00e3es, o ditador disse que &#8216;prevenir o decl\u00ednio&#8217; desses \u00edndices \u00e9 uma tarefa delas<\/h2>\n\n\n\n<p>O ditador da&nbsp;<a href=\"https:\/\/noticias.r7.com\/internacional\/coreia-do-norte\"><strong>Coreia do Norte<\/strong><\/a>,&nbsp;<a href=\"http:\/\/noticias.r7.com\/internacional\/kim-jong-un-comemora-satelite-espiao-e-diz-que-coreia-do-norte-e-uma-nova-potencia-espacial-24112023\"><strong>Kim Jong-un<\/strong><\/a>, pediu esfor\u00e7os para enfrentar a queda nas taxas de natalidade do pa\u00eds isolado, descrevendo o desafio como &#8220;uma tarefa dom\u00e9stica de todos&#8221;, informou a m\u00eddia estatal KCNA nesta segunda-feira (4).<\/p>\n\n\n\n<p>Kim fez os coment\u00e1rios durante um evento para m\u00e3es em Pyongyang neste domingo (3).<\/p>\n\n\n\n<p>\u201cPrevenir o decl\u00ednio nas taxas de natalidade e cuidar bem dos filhos s\u00e3o todas as nossas tarefas dom\u00e9sticas que precisamos cumprir enquanto trabalhamos com as m\u00e3es\u201d, disse Kim no evento.<\/p>\n\n\n\n<p>O Fundo de Popula\u00e7\u00e3o das Na\u00e7\u00f5es Unidas estima que em 2023 a taxa de fertilidade, ou o n\u00famero m\u00e9dio de filhos nascidos de uma mulher na Coreia do Norte, seja de 1,8, no meio de uma queda prolongada da taxa durante as \u00faltimas d\u00e9cadas.<\/p>\n\n\n\n<p>A taxa de fertilidade continua a ser mais elevada do que em alguns dos vizinhos da Coreia do Norte, que t\u00eam enfrentado uma tend\u00eancia descendente semelhante.<\/p>\n\n\n\n<p>A Coreia do Sul viu a sua taxa de fertilidade cair para um m\u00ednimo hist\u00f3rico de 0,78 no ano passado, enquanto no Jap\u00e3o a taxa caiu para 1,26.<\/p>\n\n\n\n<p>A diminui\u00e7\u00e3o das taxas de natalidade na Coreia do Sul causou uma escassez de pediatras, enquanto uma cidade est\u00e1 organizando eventos de encontros na tentativa de melhorar os \u00edndices.<\/p>\n\n\n\n<p>A Coreia do Norte, que tem uma popula\u00e7\u00e3o de cerca de 25 milh\u00f5es de pessoas, tamb\u00e9m teve, nas \u00faltimas d\u00e9cadas, de enfrentar graves car\u00eancias alimentares, incluindo a fome mortal na d\u00e9cada de 1990, muitas vezes resultado de cat\u00e1strofes naturais, como inunda\u00e7\u00f5es que danificaram as colheitas.<\/p>\n\n\n\n<p>O l\u00edder norte-coreano agradeceu \u00e0s m\u00e3es pelo seu papel no fortalecimento do poder nacional.<\/p>\n\n\n\n<p>\u201cEu tamb\u00e9m sempre penso nas m\u00e3es quando tenho dificuldade para lidar com o partido e com o trabalho do Estado\u201d, disse Kim.<\/p>\n\n\n\n<p>Fonte R7<\/p>\n","protected":false},"excerpt":{"rendered":"<p>Em discurso a um grupo de m\u00e3es, o ditador disse que &#8216;prevenir o decl\u00ednio&#8217; desses \u00edndices \u00e9 uma tarefa delas O ditador da&nbsp;Coreia do Norte,&nbsp;Kim Jong-un, pediu esfor\u00e7os para enfrentar a queda nas taxas de natalidade do pa\u00eds isolado, descrevendo o desafio como &#8220;uma tarefa dom\u00e9stica de todos&#8221;, informou a m\u00eddia estatal KCNA nesta segunda-feira [&hellip;]<\/p>\n","protected":false},"author":8,"featured_media":20892,"comment_status":"closed","ping_status":"open","sticky":false,"template":"","format":"standard","meta":{"rop_custom_images_group":[],"rop_custom_messages_group":[],"rop_publish_now":"initial","rop_publish_now_accounts":[],"rop_publish_now_history":[],"rop_publish_now_status":"pending","footnotes":""},"categories":[212],"tags":[],"class_list":["post-20891","post","type-post","status-publish","format-standard","has-post-thumbnail","hentry","category-internacional"],"amp_enabled":true,"_links":{"self":[{"href":"https:\/\/imais.online\/portal\/wp-json\/wp\/v2\/posts\/20891","targetHints":{"allow":["GET"]}}],"collection":[{"href":"https:\/\/imais.online\/portal\/wp-json\/wp\/v2\/posts"}],"about":[{"href":"https:\/\/imais.online\/portal\/wp-json\/wp\/v2\/types\/post"}],"author":[{"embeddable":true,"href":"https:\/\/imais.online\/portal\/wp-json\/wp\/v2\/users\/8"}],"replies":[{"embeddable":true,"href":"https:\/\/imais.online\/portal\/wp-json\/wp\/v2\/comments?post=20891"}],"version-history":[{"count":1,"href":"https:\/\/imais.online\/portal\/wp-json\/wp\/v2\/posts\/20891\/revisions"}],"predecessor-version":[{"id":20893,"href":"https:\/\/imais.online\/portal\/wp-json\/wp\/v2\/posts\/20891\/revisions\/20893"}],"wp:featuredmedia":[{"embeddable":true,"href":"https:\/\/imais.online\/portal\/wp-json\/wp\/v2\/media\/20892"}],"wp:attachment":[{"href":"https:\/\/imais.online\/portal\/wp-json\/wp\/v2\/media?parent=20891"}],"wp:term":[{"taxonomy":"category","embeddable":true,"href":"https:\/\/imais.online\/portal\/wp-json\/wp\/v2\/categories?post=20891"},{"taxonomy":"post_tag","embeddable":true,"href":"https:\/\/imais.online\/portal\/wp-json\/wp\/v2\/tags?post=20891"}],"curies":[{"name":"wp","href":"https:\/\/api.w.org\/{rel}","templated":true}]}}