{"id":20894,"date":"2023-12-04T11:29:55","date_gmt":"2023-12-04T14:29:55","guid":{"rendered":"https:\/\/imais.online\/portal\/?p=20894"},"modified":"2023-12-04T11:29:57","modified_gmt":"2023-12-04T14:29:57","slug":"concursos-publicos-tem-salarios-de-ate-r-339-mil-e-mais-de-8-000-vagas-abertas","status":"publish","type":"post","link":"https:\/\/imais.online\/portal\/concursos-publicos-tem-salarios-de-ate-r-339-mil-e-mais-de-8-000-vagas-abertas\/","title":{"rendered":"Concursos p\u00fablicos t\u00eam sal\u00e1rios de at\u00e9 R$ 33,9 mil e mais de 8.000 vagas abertas"},"content":{"rendered":"<div class=\"imais-before-content-placement\" id=\"imais-3568700650\"><script async src=\"\/\/pagead2.googlesyndication.com\/pagead\/js\/adsbygoogle.js?client=ca-pub-8787528412751566\" crossorigin=\"anonymous\"><\/script><ins class=\"adsbygoogle\" style=\"display:block;\" data-ad-client=\"ca-pub-8787528412751566\" \ndata-ad-slot=\"\" \ndata-ad-format=\"auto\"><\/ins>\n<script> \n(adsbygoogle = window.adsbygoogle || []).push({}); \n<\/script>\n<\/div>\n<h2 class=\"wp-block-heading\">Dispon\u00edveis em todo o pa\u00eds, certames s\u00e3o op\u00e7\u00e3o para quem quer voltar ao mercado de trabalho<\/h2>\n\n\n\n<p>A\u00a0<strong><a rel=\"noreferrer noopener\" href=\"https:\/\/noticias.r7.com\/brasilia\/lula-indica-flavio-dino-ao-stf-e-gonet-para-o-comando-da-pgr-27112023\" target=\"_blank\">Procuradoria-Geral<\/a><\/strong>\u00a0do\u00a0<strong><a rel=\"noreferrer noopener\" href=\"https:\/\/noticias.r7.com\/prisma\/luiz-fara-monteiro\/administradora-do-aeroporto-de-mossoro-pede-interdicao-do-terminal-por-falta-de-pagamento-22022023\" target=\"_blank\">Estado do Rio Grande do Norte<\/a><\/strong>\u00a0\u00e9 o maior destaque entre os concursos p\u00fablicos dispon\u00edveis no\u00a0<a rel=\"noreferrer noopener\" href=\"https:\/\/noticias.r7.com\/economia\/desenrola-brasil-ajudou-a-economia-mas-efeitos-positivos-duram-pouco-tempo-avaliam-especialistas-22112023\" target=\"_blank\">Brasil<\/a>\u00a0neste momento. O \u00f3rg\u00e3o est\u00e1 com inscri\u00e7\u00f5es abertas para interessados at\u00e9 o dia 19 de dezembro. S\u00e3o 19 vagas, e os sal\u00e1rios v\u00e3o at\u00e9 R$ 33.924,93.<\/p>\n\n\n\n<p>Os certames s\u00e3o uma alternativa para quem quer voltar ao mercado de trabalho. Atualmente, mais de 8,3 milh\u00f5es de brasileiros est\u00e3o desempregados. Os dados s\u00e3o do IBGE (Instituto Brasileiro de Geografia e Estat\u00edstica).<\/p>\n\n\n\n<p>O\u00a0<strong>R7<\/strong>\u00a0separou, no total, dez oportunidades. Confira os prazos de inscri\u00e7\u00e3o e o n\u00edvel de escolaridade exigido. Para encontrar um cargo espec\u00edfico, aperte ao mesmo tempo as teclas &#8220;control&#8221; e &#8220;F&#8221; e digite o que procura.<\/p>\n\n\n\n<p><strong>1. Procuradoria-Geral Eleitoral do Rio Grande do Norte<\/strong><\/p>\n\n\n\n<p>Vagas: 19<br>Escolaridade: superior<br>Cargo: procurador do estado de terceira classe<br>Sal\u00e1rio: R$ 33.924,93<br>Taxa de inscri\u00e7\u00e3o: R$ 300<br>Prazo para inscri\u00e7\u00e3o: 19 de dezembro, \u00e0s 18h<\/p>\n\n\n\n<p>Veja mais detalhes do concurso no\u00a0<strong><a rel=\"noreferrer noopener\" href=\"https:\/\/cdn.cebraspe.org.br\/concursos\/pge_rn_23_procurador\/arquivos\/ED_1_PGE_RN_23_ABERTURA.PDF\" target=\"_blank\">edital<\/a><\/strong>.<\/p>\n\n\n\n<p><strong>2. Instituto Nacional de Pesquisas Espaciais (SP e MT)<\/strong><\/p>\n\n\n\n<p>Vagas: 93<br>Escolaridade: ensino superior<br>Cargos: tecnologista pleno (padr\u00e3o I), tecnologista j\u00fanior (padr\u00e3o I), pesquisador-adjunto (padr\u00e3o I), pesquisador associado (padr\u00e3o I),<br>Sal\u00e1rio: at\u00e9 R$ 16.134,86<br>Taxa de inscri\u00e7\u00e3o: at\u00e9 R$ 130,00<br>Prazo para inscri\u00e7\u00e3o: 4 de dezembro, \u00e0s 16h<\/p>\n\n\n\n<p>Veja mais detalhes do concurso no&nbsp;<strong><a href=\"https:\/\/conhecimento.fgv.br\/sites\/default\/files\/concursos\/edital-retificado-_tecnologista-18.10.2023.pdf\" target=\"_blank\" rel=\"noreferrer noopener\">edital 3<\/a>&nbsp;<\/strong>e no&nbsp;<strong><a href=\"https:\/\/conhecimento.fgv.br\/sites\/default\/files\/concursos\/edital-retificado_pesquisador-18.10.2023_0.pdf\" target=\"_blank\" rel=\"noreferrer noopener\">edital 4<\/a><\/strong>.<\/p>\n\n\n\n<p><strong>3. Conselho Regional de Odontologia de Roraima<\/strong><\/p>\n\n\n\n<p>Vagas: 170 mais cadastros de reserva<br>Escolaridade: superior e m\u00e9dio<br>Cargos: agente de fiscaliza\u00e7\u00e3o, t\u00e9cnico administrativo, agente de contrata\u00e7\u00e3o, analista de neg\u00f3cios<br>Sal\u00e1rio: at\u00e9 R$ 3.000<br>Taxa de inscri\u00e7\u00e3o: at\u00e9 R$ 75<br>Prazo para inscri\u00e7\u00e3o: 14 de dezembro, \u00e0s 23h<\/p>\n\n\n\n<p>Veja mais detalhes do concurso no&nbsp;<strong><a href=\"https:\/\/www.quadrix.org.br\/todos-os-concursos\/proximos-concursos\/crorr_2023\/publicacoes\/edital-no-1-abertura.aspx\" target=\"_blank\" rel=\"noreferrer noopener\">edital<\/a><\/strong>.<\/p>\n\n\n\n<p><strong>4.&nbsp;Prefeitura de Curvelo (MG)<\/strong><\/p>\n\n\n\n<p>Vagas: 445 mais cadastros de reserva<br>Escolaridade: ensino superior, t\u00e9cnico, m\u00e9dio e fundamental<br>Cargos: auxiliar de manuten\u00e7\u00e3o veicular, auxiliar de servi\u00e7os I, coveiro, lixeiro, motorista I, oficial de obras, operador de m\u00e1quinas, serralheiro soldador, servente de obras, bombeiro, eletricista, pintor, rondante, auxiliar (administrativo I, em sa\u00fade bucal e sa\u00fade ESF), fiscal (consumo, posturas, sanit\u00e1rio, tribut\u00e1rio, ambiental, de obras, nutricionista, dentista, farm\u00e1cia, enfermagem), mec\u00e2nico, monitor de creche, orientador social, t\u00e9cnico (agrimensura, edifica\u00e7\u00f5es, eletrot\u00e9cnica, enfermagem, enfermagem ESF\/PACS\/EACS, laborat\u00f3rio, meio ambiente, sa\u00fade bucal, sa\u00fade bucal ESF), advogado \u2014 CREAS, analista de pol\u00edticas p\u00fablicas (educa\u00e7\u00e3o, s\u00e1ude), analista (de sistemas, em arquitetura, em engenharia), assistente social (equipe multiprofissional), auditor (cont\u00e1bil, fiscal, cont\u00e1bil, operacional), bibliotec\u00e1rio, cirurgi\u00e3o-dentista (ESF, equipe de aten\u00e7\u00e3o prim\u00e1ria), contador, enfermeiro ESF\/PACS\/EACS, engenheiro ambiental, especialista em educa\u00e7\u00e3o (inspetor, orientador, supervisor), farmac\u00eautico (equipe multiprofissional, bioqu\u00edmico, fisioterapeuta (equipe multiprofissional), ginecologista\/obstetra, m\u00e9dico (equipe de aten\u00e7\u00e3o prim\u00e1ria, infectologista, ESF II, pediatra, psiquiatra, veterin\u00e1rio), nutricionista (equipe multiprofissional), professor (educa\u00e7\u00e3o b\u00e1sica, educa\u00e7\u00e3o inclusiva, artes, educa\u00e7\u00e3o f\u00edsica, inform\u00e1tica), psic\u00f3logo (equipe multiprofissional), terapeuta ocupacional, procurador municipal<br>Sal\u00e1rio: at\u00e9 R$ 19.002,05<br>Taxa de inscri\u00e7\u00e3o: at\u00e9 R$ 100<br>Prazo para inscri\u00e7\u00e3o: 20 de dezembro, \u00e0s 17h<\/p>\n\n\n\n<p>Veja mais detalhes do concurso em\u00a0<strong><a rel=\"noreferrer noopener\" href=\"https:\/\/pmagil.curvelo.mg.gov.br\/pmAgilNET\/PGN\/pgnConcursoP.aspx?id=91107\" target=\"_blank\">edital<\/a><\/strong>.<\/p>\n\n\n\n<p><strong>5.&nbsp;Funda\u00e7\u00e3o Municipal de Sa\u00fade de S\u00e3o Leopoldo (RS)<\/strong><\/p>\n\n\n\n<p>Vagas: 170 mais um cadastro de reserva<br>Escolaridade: ensino superior, t\u00e9cnico e m\u00e9dio<br>Cargos: assistente administrativo, auxiliar (farm\u00e1cia, sa\u00fade bucal), condutor de ve\u00edculo de urg\u00eancia, t\u00e9cnico (contabilidade, sa\u00fade coletiva, emergencista, emergencista\/condutor de motol\u00e2ncia, sa\u00fade do trabalhador, seguran\u00e7a de trabalho, inform\u00e1tica), advogado, analista administrativo (recursos humanos, tecnologia da informa\u00e7\u00e3o), assistente social, cirurgi\u00e3o-dentista (sa\u00fade coletiva, bucomaxilofacial, endodontista, odontopediatra, periodontista), educador f\u00edsico, enfermeiro (generalista, emergencista, emergencista\/condutor de motol\u00e2ncia, sa\u00fade coletiva, sa\u00fade mental), enfermeiro do trabalho, engenheiro (civil, cl\u00ednico, seguran\u00e7a do trabalho), farmac\u00eautico, fisioterapeuta, fonoaudi\u00f3logo, jornalista, nutricionista, psic\u00f3logo, psic\u00f3logo \u2014 sa\u00fade do trabalhador, sanitarista, terapeuta ocupacional, m\u00e9dico (cardiologista, cirurgi\u00e3o vascular, cl\u00ednico \u2014 sa\u00fade coletiva, dermatologista, trabalho, emergencista, endocrinologista, gastroenterologista, ginecologista, ginecologista\/obstetra, infectologista, infectologista pedi\u00e1trico, mastologista, neurologista, neurologista pedi\u00e1trico, oftalmologista, otorrinolaringologista, ortopedista\/traumatologista, pediatra, pneumologista, proctologista, psiquiatra, urologista<br>Sal\u00e1rio: at\u00e9 R$ 17.820,00<br>Taxa de inscri\u00e7\u00e3o: at\u00e9 R$ 120<br>Prazo para inscri\u00e7\u00e3o: 21 de dezembro, \u00e0s 14h<\/p>\n\n\n\n<p>Veja mais detalhes do concurso no&nbsp;<strong><a href=\"https:\/\/arquivos-site.institutoaocp.org.br\/publicacoes\/35ee56e1-a884-462f-bac5-e930c9abec9e.pdf\" target=\"_blank\" rel=\"noreferrer noopener\">edital<\/a><\/strong>.<\/p>\n\n\n\n<p><strong>6. Secretaria Municipal de Educa\u00e7\u00e3o de S\u00e3o Paulo<\/strong><\/p>\n\n\n\n<p>Vagas: 924<br>Escolaridade: ensino superior e m\u00e9dio<br>Cargos: auxiliar t\u00e9cnico de educa\u00e7\u00e3o e professor de educa\u00e7\u00e3o infantil<br>Sal\u00e1rio: at\u00e9 R$ 4.420,55<br>Taxa de inscri\u00e7\u00e3o: R$ 65<br>Prazo para inscri\u00e7\u00e3o: 4 de dezembro, \u00e0s 23h59<\/p>\n\n\n\n<p>Veja mais detalhes do concurso no&nbsp;<strong><a href=\"https:\/\/documento.vunesp.com.br\/documento\/stream\/NTI3NjYxMQ%3D%3D\" target=\"_blank\" rel=\"noreferrer noopener\">edital 1<\/a><\/strong>&nbsp;e no&nbsp;<strong><a href=\"https:\/\/documento.vunesp.com.br\/documento\/stream\/NTI3NjYxNQ%3D%3D\" target=\"_blank\" rel=\"noreferrer noopener\">edital 2<\/a><\/strong>.<\/p>\n\n\n\n<p><strong>7. Prefeitura de Araguapaz (GO)<\/strong><\/p>\n\n\n\n<p>Vagas: 129 mais 390 cadastros de reserva<br>Escolaridade: ensino superior, t\u00e9cnico, m\u00e9dio, fundamental e alfabetizado<br>Cargos: zelador, auxiliar (servi\u00e7os gerais, servi\u00e7os urbanos \u2014 01 e 05, arquivo, administrativo, oficina, finan\u00e7as, consult\u00f3rio dent\u00e1rio), gari, eletricista de manuten\u00e7\u00e3o, mec\u00e2nico de manuten\u00e7\u00e3o, motorista (ve\u00edculos leves, ve\u00edculos pesados \u2014 22 e 23), pedreiro, monitor de creche, almoxarife, auxiliar de consult\u00f3rio dent\u00e1rio, agente (comunit\u00e1rio de sa\u00fade \u2014 ACS, combate \u00e0s endemias \u2014 ACE), t\u00e9cnico (enfermagem, raio-X), controlador interno, analista (gest\u00e3o p\u00fablica, administrador), fiscal (obras e posturas, tributos), professor PIII 30, assistente social, psic\u00f3logo, fiscal de vigil\u00e2ncia sanit\u00e1ria, enfermeiro, cirurgi\u00e3o-dentista, farmac\u00eautico, fisioterapeuta, fonoaudi\u00f3logo, psic\u00f3logo, nutricionista<br>Sal\u00e1rio: at\u00e9 R$ 10.991,19<br>Taxa de inscri\u00e7\u00e3o: at\u00e9 R$ 150,00<br>Prazo para inscri\u00e7\u00e3o: 18 de dezembro, \u00e0s 23h59<\/p>\n\n\n\n<p>Veja mais detalhes do concurso no\u00a0<strong><a rel=\"noreferrer noopener\" href=\"https:\/\/www.itecconcursos.com.br\/informacoes\/46\/\" target=\"_blank\">site da banca<\/a><\/strong>.<\/p>\n\n\n\n<p><strong>8. Pol\u00edcia Militar do Estado de S\u00e3o Paulo<\/strong><\/p>\n\n\n\n<p>Vagas: 2.700<br>Escolaridade: ensino m\u00e9dio<br>Cargos: soldado PM de 2\u00aa classe do Quadro de Pra\u00e7as da Pol\u00edcia Militar<br>Sal\u00e1rio: R$ 4.852,21<br>Taxa de inscri\u00e7\u00e3o: R$ 85<br>Prazo para inscri\u00e7\u00e3o: 20 de dezembro, \u00e0s 23h59<\/p>\n\n\n\n<p>Veja mais detalhes do concurso no&nbsp;<strong><a href=\"https:\/\/www.concursos.policiamilitar.sp.gov.br\/wp-content\/uploads\/2023\/11\/2.6-Minuta-do-Edital-no-DP-3.321.23-Sd-PM-2a-Cl_-v.final_site-PM-e-VUNESP.pdf\" target=\"_blank\" rel=\"noreferrer noopener\">edital<\/a><\/strong>.<\/p>\n\n\n\n<p><strong>9. Prefeitura do Guaruj\u00e1 (SP)<\/strong><\/p>\n\n\n\n<p>Vagas: 552<br>Escolaridade: ensino superior, t\u00e9cnico e m\u00e9dio<br>Cargos: atendente administrativo, assistente social, auxiliar (farm\u00e1cia, sa\u00fade bucal), educador f\u00edsico NASF, fisioterapeuta, fonoaudi\u00f3logo, nutricionista, odont\u00f3logo, psic\u00f3logo, t\u00e9cnico (enfermagem, raio-X), terapeuta ocupacional<br>Sal\u00e1rio: at\u00e9 R$ 4.094,25<br>Taxa de inscri\u00e7\u00e3o: at\u00e9 R$ 96<br>Prazo para inscri\u00e7\u00e3o: 21 de dezembro, \u00e0s 12h<\/p>\n\n\n\n<p>Veja mais detalhes do concurso no&nbsp;<strong><a href=\"https:\/\/s3.amazonaws.com\/docs.static.ibamsp-concursos.org.br\/773\/01-%20Edital%20de%20Abertura.pdf\" target=\"_blank\" rel=\"noreferrer noopener\">edital<\/a><\/strong>.<\/p>\n\n\n\n<p><strong>10. Pol\u00edcia Militar de Pernambuco<\/strong><\/p>\n\n\n\n<p>Vagas: 3.000<br>Escolaridade: ensino superior e m\u00e9dio<br>Cargos: soldado e 2\u00ba tenente<br>Sal\u00e1rio: at\u00e9 R$ 10.855,91<br>Taxa de inscri\u00e7\u00e3o: at\u00e9 R$ 220<br>Prazo para inscri\u00e7\u00e3o: 13 de dezembro, \u00e0s 23h59<\/p>\n\n\n\n<p>Veja mais detalhes do concurso no\u00a0<a rel=\"noreferrer noopener\" href=\"https:\/\/blog-static.infra.grancursosonline.com.br\/wp-content\/uploads\/2023\/11\/13121519\/Concurso-PM-PE-edital-publicado-banca.pdf\" target=\"_blank\"><strong>edital<\/strong><\/a>.<\/p>\n\n\n\n<p>Fonte R7 <\/p>\n","protected":false},"excerpt":{"rendered":"<p>Dispon\u00edveis em todo o pa\u00eds, certames s\u00e3o op\u00e7\u00e3o para quem quer voltar ao mercado de trabalho A\u00a0Procuradoria-Geral\u00a0do\u00a0Estado do Rio Grande do Norte\u00a0\u00e9 o maior destaque entre os concursos p\u00fablicos dispon\u00edveis no\u00a0Brasil\u00a0neste momento. O \u00f3rg\u00e3o est\u00e1 com inscri\u00e7\u00f5es abertas para interessados at\u00e9 o dia 19 de dezembro. S\u00e3o 19 vagas, e os sal\u00e1rios v\u00e3o at\u00e9 R$ [&hellip;]<\/p>\n","protected":false},"author":8,"featured_media":20895,"comment_status":"closed","ping_status":"open","sticky":false,"template":"","format":"standard","meta":{"rop_custom_images_group":[],"rop_custom_messages_group":[],"rop_publish_now":"initial","rop_publish_now_accounts":[],"rop_publish_now_history":[],"rop_publish_now_status":"pending","footnotes":""},"categories":[192],"tags":[],"class_list":["post-20894","post","type-post","status-publish","format-standard","has-post-thumbnail","hentry","category-economia"],"amp_enabled":true,"_links":{"self":[{"href":"https:\/\/imais.online\/portal\/wp-json\/wp\/v2\/posts\/20894","targetHints":{"allow":["GET"]}}],"collection":[{"href":"https:\/\/imais.online\/portal\/wp-json\/wp\/v2\/posts"}],"about":[{"href":"https:\/\/imais.online\/portal\/wp-json\/wp\/v2\/types\/post"}],"author":[{"embeddable":true,"href":"https:\/\/imais.online\/portal\/wp-json\/wp\/v2\/users\/8"}],"replies":[{"embeddable":true,"href":"https:\/\/imais.online\/portal\/wp-json\/wp\/v2\/comments?post=20894"}],"version-history":[{"count":1,"href":"https:\/\/imais.online\/portal\/wp-json\/wp\/v2\/posts\/20894\/revisions"}],"predecessor-version":[{"id":20896,"href":"https:\/\/imais.online\/portal\/wp-json\/wp\/v2\/posts\/20894\/revisions\/20896"}],"wp:featuredmedia":[{"embeddable":true,"href":"https:\/\/imais.online\/portal\/wp-json\/wp\/v2\/media\/20895"}],"wp:attachment":[{"href":"https:\/\/imais.online\/portal\/wp-json\/wp\/v2\/media?parent=20894"}],"wp:term":[{"taxonomy":"category","embeddable":true,"href":"https:\/\/imais.online\/portal\/wp-json\/wp\/v2\/categories?post=20894"},{"taxonomy":"post_tag","embeddable":true,"href":"https:\/\/imais.online\/portal\/wp-json\/wp\/v2\/tags?post=20894"}],"curies":[{"name":"wp","href":"https:\/\/api.w.org\/{rel}","templated":true}]}}