{"id":20956,"date":"2023-12-06T11:23:54","date_gmt":"2023-12-06T14:23:54","guid":{"rendered":"https:\/\/imais.online\/portal\/?p=20956"},"modified":"2023-12-06T11:23:55","modified_gmt":"2023-12-06T14:23:55","slug":"temendo-ataque-putin-viaja-escoltado-por-cacas-russos-ate-os-emirados-arabes-unidos","status":"publish","type":"post","link":"https:\/\/imais.online\/portal\/temendo-ataque-putin-viaja-escoltado-por-cacas-russos-ate-os-emirados-arabes-unidos\/","title":{"rendered":"Temendo ataque, Putin viaja escoltado por ca\u00e7as russos at\u00e9 os Emirados \u00c1rabes Unidos"},"content":{"rendered":"<div class=\"imais-before-content-placement\" id=\"imais-2648976237\"><script async src=\"\/\/pagead2.googlesyndication.com\/pagead\/js\/adsbygoogle.js?client=ca-pub-8787528412751566\" crossorigin=\"anonymous\"><\/script><ins class=\"adsbygoogle\" style=\"display:block;\" data-ad-client=\"ca-pub-8787528412751566\" \ndata-ad-slot=\"\" \ndata-ad-format=\"auto\"><\/ins>\n<script> \n(adsbygoogle = window.adsbygoogle || []).push({}); \n<\/script>\n<\/div>\n<h2 class=\"wp-block-heading\">Presidente da R\u00fassia chegou hoje ao pa\u00eds do Golfo P\u00e9rsico, onde se reuniu com o xeque\u00a0Mohammed Bin Zayed Al Nahyan<\/h2>\n\n\n\n<p>O presidente da R\u00fassia,&nbsp;<a href=\"https:\/\/noticias.r7.com\/internacional\/putin-chega-aos-emirados-arabes-em-uma-rara-viagem-ao-exterior-apos-o-inicio-da-guerra-na-ucrania-06122023\"><strong>Vladimir Putin, viajou nesta ter\u00e7a-feira (6) para os Emirados \u00c1rabes Unidos<\/strong><\/a>&nbsp;escoltado por quatro ca\u00e7as russos, em um trajeto de 3.700 km entre Moscou e Abu Dhabi.<\/p>\n\n\n\n<p>Um v\u00eddeo publicado pelo Minist\u00e9rio da Defesa da R\u00fassia mostra as quatro aeronaves militares SU-35 acompanhando o avi\u00e3o presidencial.<\/p>\n\n\n\n<p>Putin \u00e9\u00a0<a href=\"https:\/\/noticias.r7.com\/internacional\/putin-visitara-emirados-arabes-unidos-e-arabia-saudita-na-quarta-feira-05122023\"><strong>alvo de um mandado de pris\u00e3o emitido pelo TPI<\/strong><\/a>\u00a0(Tribunal Penal Internacional) por crimes de guerra relacionados \u00e0 invas\u00e3o da Ucr\u00e2nia, em andamento desde fevereiro de 2022.<\/p>\n\n\n\n<p>O mandat\u00e1rio russo n\u00e3o pode viajar a pa\u00edses signat\u00e1rios do estatuto que criou o TPI, o que n\u00e3o \u00e9 o caso dos dois destinos desta viagem \u2014 ele tamb\u00e9m ir\u00e1 \u00e0 Ar\u00e1bia Saudita.<\/p>\n\n\n\n<p>Assim que chegou, Putin foi recebido pelo presidente dos Emirados \u00c1rabes Unidos, xeque Mohammed Bin Zayed Al Nahyan.<\/p>\n\n\n\n<p>Nos Estados Unidos, o Air Force One voa acompanhado de ca\u00e7as F-16 ou F-22 somente quando h\u00e1 um n\u00edvel de amea\u00e7a alto ou quando atravessa espa\u00e7os a\u00e9reos considerados sens\u00edveis.<\/p>\n\n\n\n<p>Fonte R7<\/p>\n","protected":false},"excerpt":{"rendered":"<p>Presidente da R\u00fassia chegou hoje ao pa\u00eds do Golfo P\u00e9rsico, onde se reuniu com o xeque\u00a0Mohammed Bin Zayed Al Nahyan O presidente da R\u00fassia,&nbsp;Vladimir Putin, viajou nesta ter\u00e7a-feira (6) para os Emirados \u00c1rabes Unidos&nbsp;escoltado por quatro ca\u00e7as russos, em um trajeto de 3.700 km entre Moscou e Abu Dhabi. Um v\u00eddeo publicado pelo Minist\u00e9rio da [&hellip;]<\/p>\n","protected":false},"author":8,"featured_media":20957,"comment_status":"closed","ping_status":"open","sticky":false,"template":"","format":"standard","meta":{"rop_custom_images_group":[],"rop_custom_messages_group":[],"rop_publish_now":"initial","rop_publish_now_accounts":[],"rop_publish_now_history":[],"rop_publish_now_status":"pending","footnotes":""},"categories":[212],"tags":[],"class_list":["post-20956","post","type-post","status-publish","format-standard","has-post-thumbnail","hentry","category-internacional"],"amp_enabled":true,"_links":{"self":[{"href":"https:\/\/imais.online\/portal\/wp-json\/wp\/v2\/posts\/20956","targetHints":{"allow":["GET"]}}],"collection":[{"href":"https:\/\/imais.online\/portal\/wp-json\/wp\/v2\/posts"}],"about":[{"href":"https:\/\/imais.online\/portal\/wp-json\/wp\/v2\/types\/post"}],"author":[{"embeddable":true,"href":"https:\/\/imais.online\/portal\/wp-json\/wp\/v2\/users\/8"}],"replies":[{"embeddable":true,"href":"https:\/\/imais.online\/portal\/wp-json\/wp\/v2\/comments?post=20956"}],"version-history":[{"count":1,"href":"https:\/\/imais.online\/portal\/wp-json\/wp\/v2\/posts\/20956\/revisions"}],"predecessor-version":[{"id":20958,"href":"https:\/\/imais.online\/portal\/wp-json\/wp\/v2\/posts\/20956\/revisions\/20958"}],"wp:featuredmedia":[{"embeddable":true,"href":"https:\/\/imais.online\/portal\/wp-json\/wp\/v2\/media\/20957"}],"wp:attachment":[{"href":"https:\/\/imais.online\/portal\/wp-json\/wp\/v2\/media?parent=20956"}],"wp:term":[{"taxonomy":"category","embeddable":true,"href":"https:\/\/imais.online\/portal\/wp-json\/wp\/v2\/categories?post=20956"},{"taxonomy":"post_tag","embeddable":true,"href":"https:\/\/imais.online\/portal\/wp-json\/wp\/v2\/tags?post=20956"}],"curies":[{"name":"wp","href":"https:\/\/api.w.org\/{rel}","templated":true}]}}