{"id":20962,"date":"2023-12-07T10:03:13","date_gmt":"2023-12-07T13:03:13","guid":{"rendered":"https:\/\/imais.online\/portal\/?p=20962"},"modified":"2023-12-07T10:03:14","modified_gmt":"2023-12-07T13:03:14","slug":"aos-80-herdeiro-da-hermes-quer-adotar-jardineiro-de-51-anos-para-deixar-fortuna-de-r-56-bilhoes","status":"publish","type":"post","link":"https:\/\/imais.online\/portal\/aos-80-herdeiro-da-hermes-quer-adotar-jardineiro-de-51-anos-para-deixar-fortuna-de-r-56-bilhoes\/","title":{"rendered":"Aos 80, herdeiro da Herm\u00e8s quer adotar jardineiro de 51 anos para deixar fortuna de R$ 56 bilh\u00f5es"},"content":{"rendered":"<div class=\"imais-before-content-placement\" id=\"imais-3829973360\"><script async src=\"\/\/pagead2.googlesyndication.com\/pagead\/js\/adsbygoogle.js?client=ca-pub-8787528412751566\" crossorigin=\"anonymous\"><\/script><ins class=\"adsbygoogle\" style=\"display:block;\" data-ad-client=\"ca-pub-8787528412751566\" \ndata-ad-slot=\"\" \ndata-ad-format=\"auto\"><\/ins>\n<script> \n(adsbygoogle = window.adsbygoogle || []).push({}); \n<\/script>\n<\/div>\n<h2 class=\"wp-block-heading\">Descendente de quinta gera\u00e7\u00e3o Herm\u00e8s e primeiro acionista da empresa, Nicolas Puech \u00e9 solteiro e n\u00e3o tem filhos<\/h2>\n\n\n\n<p>Fundada pelo empres\u00e1rio franc\u00eas Thierry Herm\u00e8s em 1837, a Herm\u00e8s \u2014 empresa que fatura \u20ac 11,6 bilh\u00f5es (R$ 61,3 bilh\u00f5es) anualmente e vale \u20ac 202 bilh\u00f5es (R$ 1 trilh\u00e3o) na bolsa de valores \u2014, encheu sucessivas gera\u00e7\u00f5es da fam\u00edlia de prosperidade durante d\u00e9cadas, sem atrair aten\u00e7\u00e3o.<\/p>\n\n\n\n<p>No entanto, agora, o herdeiro Nicolas Puech, descendente de quinta gera\u00e7\u00e3o e primeiro acionista da empresa, anunciou que quer adotar o seu jardineiro para se tornar o herdeiro da sua fortuna, estimada em aproximadamente R$ 56 bilh\u00f5es.<\/p>\n\n\n\n<p>Puech tem 80 anos, \u00e9 solteiro e sem filhos. Aposentou-se do conselho de administra\u00e7\u00e3o da lend\u00e1ria marca de moda em 2014, mas ainda mant\u00e9m 5,7% das a\u00e7\u00f5es da empresa. Na verdade, no in\u00edcio da d\u00e9cada de 2010, a empresa LVMH tentou assumir o controle da empresa, mas os herdeiros da fam\u00edlia fundadora decidiram criar uma holding para bloquear a aquisi\u00e7\u00e3o. Puech foi o \u00fanico que n\u00e3o aderiu. Portanto, \u00e9, tamb\u00e9m, o \u00fanico que mant\u00e9m suas a\u00e7\u00f5es.<\/p>\n\n\n\n<p>Gra\u00e7as \u00e0s a\u00e7\u00f5es, tem uma fortuna estimada entre 9 e 10 bilh\u00f5es de francos su\u00ed\u00e7os (de \u20ac 9 a \u20ac 10,6 bilh\u00f5es), o equivalente a cerca de R$ 56.007.220.000, segundo a classifica\u00e7\u00e3o da revista Bilan. Isso o torna um dos homens mais ricos da Su\u00ed\u00e7a, onde reside atualmente, em uma luxuosa mans\u00e3o em La Fouly, munic\u00edpio de 66 habitantes.<\/p>\n\n\n\n<h2 class=\"wp-block-heading\">Quem \u00e9 o poss\u00edvel herdeiro de Puech?<\/h2>\n\n\n\n<p>Agora, sua inten\u00e7\u00e3o \u00e9 que toda essa fortuna passe para as m\u00e3os de seu \u201cex-jardineiro e faz-tudo\u201d, cuja identidade \u00e9 desconhecida, mas sabe-se que se trata de um homem de 51 anos \u201cde uma modesta fam\u00edlia marroquina\u201d, segundo o Tribune de Gen\u00e8ve.<\/p>\n\n\n\n<p>Os meios de comunica\u00e7\u00e3o su\u00ed\u00e7os revelaram no dia 1\u00ba de dezembro que, dada a sua idade avan\u00e7ada e falta de descend\u00eancia, o magnata enviou uma carta ao seu advogado em outubro de 2022 para colocar em ordem a sua situa\u00e7\u00e3o heredit\u00e1ria.<\/p>\n\n\n\n<p>Nela, pediu a realiza\u00e7\u00e3o de uma ado\u00e7\u00e3o para dar sua fortuna ao jardineiro, que \u00e9 casado com uma espanhola e pai de dois filhos. \u201cNa Su\u00ed\u00e7a, adotar um adulto n\u00e3o \u00e9 imposs\u00edvel, mas \u00e9 incomum\u201d, alertou o Tribune de Gen\u00e9ve . O procedimento, segundo informa\u00e7\u00f5es, ainda est\u00e1 em andamento, mas se for bem-sucedido o benefici\u00e1rio poder\u00e1 herdar \u201cpelo menos metade\u201d de sua fortuna.<\/p>\n\n\n\n<p>Mesmo assim, a ado\u00e7\u00e3o n\u00e3o \u00e9 o principal obst\u00e1culo aos desejos de Puech. Aparentemente, ele pr\u00f3prio assinou um pacto de sucess\u00e3o em 2011 com a Funda\u00e7\u00e3o Is\u00f3crates, com sede em Genebra, para lhes doar a fortuna ap\u00f3s a sua morte. No entanto, em uma nota manuscrita datada de fevereiro de 2023, consultada pelo jornal su\u00ed\u00e7o, o bilion\u00e1rio fez uma \u201cmudan\u00e7a de rumo\u201d e explicou que \u201cpretende fazer outros arranjos testament\u00e1rios\u201d, sem especificar as causas da mudan\u00e7a de opini\u00e3o.<\/p>\n\n\n\n<p>Quando a AFP entrou em contato com a funda\u00e7\u00e3o, dedicada \u00e0 prote\u00e7\u00e3o e promo\u00e7\u00e3o do debate p\u00fablico atrav\u00e9s de projetos de combate \u00e0 desinforma\u00e7\u00e3o, eles disseram ter acabado de tomar conhecimento do desejo do seu at\u00e9 recentemente presidente de anular o acordo de sucess\u00e3o, mas desconhecia qualquer acordo alternativo.<\/p>\n\n\n\n<p>Ao tomar conhecimento dos novos planos do herdeiro Herm\u00e8s, o secret\u00e1rio-geral da funda\u00e7\u00e3o, Nicolas Borsinger, comentou em entrevista \u00e0 m\u00eddia su\u00ed\u00e7a que era uma \u201canula\u00e7\u00e3o repentina e unilateral de um pacto de sucess\u00e3o, realizada gra\u00e7as a um ato que deve ser considerado nulo.\u201d A funda\u00e7\u00e3o lamenta que \u201cas suas atividades de utilidade p\u00fablica\u201d estejam \u201camea\u00e7adas na sua sustentabilidade\u201d por circunst\u00e2ncias \u201cque est\u00e3o completamente fora do seu controle\u201d<\/p>\n\n\n\n<p>Enquanto isso, o jardineiro de Puech permanece calado, no anonimato e cada vez mais perto de se tornar multimilion\u00e1rio. Segundo n\u00fameros publicados pelo jornal italiano Corriere della Sera , conseguir\u00e1 arrecadar cerca de \u20ac 40 milh\u00f5es (R$ 211,5 milh\u00f5es) por ano s\u00f3 em dividendos.<\/p>\n\n\n\n<p>Fonte O Globo<\/p>\n","protected":false},"excerpt":{"rendered":"<p>Descendente de quinta gera\u00e7\u00e3o Herm\u00e8s e primeiro acionista da empresa, Nicolas Puech \u00e9 solteiro e n\u00e3o tem filhos Fundada pelo empres\u00e1rio franc\u00eas Thierry Herm\u00e8s em 1837, a Herm\u00e8s \u2014 empresa que fatura \u20ac 11,6 bilh\u00f5es (R$ 61,3 bilh\u00f5es) anualmente e vale \u20ac 202 bilh\u00f5es (R$ 1 trilh\u00e3o) na bolsa de valores \u2014, encheu sucessivas gera\u00e7\u00f5es [&hellip;]<\/p>\n","protected":false},"author":8,"featured_media":20963,"comment_status":"closed","ping_status":"open","sticky":false,"template":"","format":"standard","meta":{"rop_custom_images_group":[],"rop_custom_messages_group":[],"rop_publish_now":"initial","rop_publish_now_accounts":[],"rop_publish_now_history":[],"rop_publish_now_status":"pending","footnotes":""},"categories":[212],"tags":[],"class_list":["post-20962","post","type-post","status-publish","format-standard","has-post-thumbnail","hentry","category-internacional"],"amp_enabled":true,"_links":{"self":[{"href":"https:\/\/imais.online\/portal\/wp-json\/wp\/v2\/posts\/20962","targetHints":{"allow":["GET"]}}],"collection":[{"href":"https:\/\/imais.online\/portal\/wp-json\/wp\/v2\/posts"}],"about":[{"href":"https:\/\/imais.online\/portal\/wp-json\/wp\/v2\/types\/post"}],"author":[{"embeddable":true,"href":"https:\/\/imais.online\/portal\/wp-json\/wp\/v2\/users\/8"}],"replies":[{"embeddable":true,"href":"https:\/\/imais.online\/portal\/wp-json\/wp\/v2\/comments?post=20962"}],"version-history":[{"count":1,"href":"https:\/\/imais.online\/portal\/wp-json\/wp\/v2\/posts\/20962\/revisions"}],"predecessor-version":[{"id":20964,"href":"https:\/\/imais.online\/portal\/wp-json\/wp\/v2\/posts\/20962\/revisions\/20964"}],"wp:featuredmedia":[{"embeddable":true,"href":"https:\/\/imais.online\/portal\/wp-json\/wp\/v2\/media\/20963"}],"wp:attachment":[{"href":"https:\/\/imais.online\/portal\/wp-json\/wp\/v2\/media?parent=20962"}],"wp:term":[{"taxonomy":"category","embeddable":true,"href":"https:\/\/imais.online\/portal\/wp-json\/wp\/v2\/categories?post=20962"},{"taxonomy":"post_tag","embeddable":true,"href":"https:\/\/imais.online\/portal\/wp-json\/wp\/v2\/tags?post=20962"}],"curies":[{"name":"wp","href":"https:\/\/api.w.org\/{rel}","templated":true}]}}