{"id":2097,"date":"2021-10-05T16:49:49","date_gmt":"2021-10-05T19:49:49","guid":{"rendered":"https:\/\/imais.online\/portal\/?p=2097"},"modified":"2021-10-05T16:49:51","modified_gmt":"2021-10-05T19:49:51","slug":"sao-paulo-lidera-ranking-de-vacinados-com-a-2a-dose-no-pais","status":"publish","type":"post","link":"https:\/\/imais.online\/portal\/sao-paulo-lidera-ranking-de-vacinados-com-a-2a-dose-no-pais\/","title":{"rendered":"S\u00e3o Paulo lidera ranking de vacinados com a 2\u00aa dose no pa\u00eds"},"content":{"rendered":"<div class=\"imais-before-content-placement\" id=\"imais-2582175479\"><script async src=\"\/\/pagead2.googlesyndication.com\/pagead\/js\/adsbygoogle.js?client=ca-pub-8787528412751566\" crossorigin=\"anonymous\"><\/script><ins class=\"adsbygoogle\" style=\"display:block;\" data-ad-client=\"ca-pub-8787528412751566\" \ndata-ad-slot=\"\" \ndata-ad-format=\"auto\"><\/ins>\n<script> \n(adsbygoogle = window.adsbygoogle || []).push({}); \n<\/script>\n<\/div>\n<p class=\"has-text-align-center\">Estado aplicou mais de 64,8 milh\u00f5es de doses; 58,91% da popula\u00e7\u00e3o j\u00e1 t\u00eam o esquema vacinal completo<\/p>\n\n\n\n<p>O estado de S\u00e3o Paulo assumiu nesta segunda-feira (4) a lideran\u00e7a do ranking de vacinados com a segunda dose da vacina contra Covid-19. Os dados s\u00e3o do Cons\u00f3rcio de Ve\u00edculos de Imprensa a partir de dados das secretarias estaduais de Sa\u00fade.<\/p>\n\n\n\n<p>Segundo os dados do Vacin\u00f4metro das 22h de hoje, SP tem 64.869.476 doses aplicadas, sendo 26.994.499 com a primeira dose, 26.109.524 com a segunda dose e 1.158.721 com dose \u00fanica.<\/p>\n\n\n\n<p>Em pontos percentuais, o estado tem 99% da popula\u00e7\u00e3o acima de 18 anos vacinada com a primeira dose e 76,81% com o esquema vacinal completo. Entre a popula\u00e7\u00e3o geral, s\u00e3o 82,42% da popula\u00e7\u00e3o com a primeira dose e 58,91% com as duas doses ou a dose \u00fanica.<\/p>\n\n\n\n<p>\u201cLiderar o ranking de vacina\u00e7\u00e3o do pa\u00eds \u00e9 um reconhecimento do esfor\u00e7o dos profissionais de sa\u00fade dos 645 munic\u00edpios do estado que tem se empenhado diariamente para completar o esquema vacinal. \u00c9 fundamental enfatizar que apenas com as duas doses ou dose \u00fanica do imunizante contra Covid-19 que a popula\u00e7\u00e3o est\u00e1 protegida. Quem est\u00e1 com a dose atrasada deve procurar um posto de vacina\u00e7\u00e3o para se imunizar\u201d, destaca Regiane de Paula, Coordenadora do Plano Estadual de Imuniza\u00e7\u00e3o (PEI).<\/p>\n\n\n\n<p>Os 645 munic\u00edpios come\u00e7aram a vacinar nesta segunda-feira os idosos acima de 60 anos e os profissionais de sa\u00fade com a dose de refor\u00e7o. Recebem o imunizante nesta fase quem tomou as duas doses h\u00e1 mais de seis meses, ou seja, em fevereiro ou mar\u00e7o deste ano. No total, 606.732 pessoas j\u00e1 receberam a dose adicional em S\u00e3o Paulo.<\/p>\n","protected":false},"excerpt":{"rendered":"<p>Estado aplicou mais de 64,8 milh\u00f5es de doses; 58,91% da popula\u00e7\u00e3o j\u00e1 t\u00eam o esquema vacinal completo O estado de S\u00e3o Paulo assumiu nesta segunda-feira (4) a lideran\u00e7a do ranking de vacinados com a segunda dose da vacina contra Covid-19. Os dados s\u00e3o do Cons\u00f3rcio de Ve\u00edculos de Imprensa a partir de dados das secretarias [&hellip;]<\/p>\n","protected":false},"author":7,"featured_media":2109,"comment_status":"closed","ping_status":"open","sticky":false,"template":"","format":"standard","meta":{"rop_custom_images_group":[],"rop_custom_messages_group":[],"rop_publish_now":"initial","rop_publish_now_accounts":[],"rop_publish_now_history":[],"rop_publish_now_status":"pending","footnotes":""},"categories":[195],"tags":[73],"class_list":["post-2097","post","type-post","status-publish","format-standard","has-post-thumbnail","hentry","category-sao-paulo","tag-featured"],"amp_enabled":true,"_links":{"self":[{"href":"https:\/\/imais.online\/portal\/wp-json\/wp\/v2\/posts\/2097","targetHints":{"allow":["GET"]}}],"collection":[{"href":"https:\/\/imais.online\/portal\/wp-json\/wp\/v2\/posts"}],"about":[{"href":"https:\/\/imais.online\/portal\/wp-json\/wp\/v2\/types\/post"}],"author":[{"embeddable":true,"href":"https:\/\/imais.online\/portal\/wp-json\/wp\/v2\/users\/7"}],"replies":[{"embeddable":true,"href":"https:\/\/imais.online\/portal\/wp-json\/wp\/v2\/comments?post=2097"}],"version-history":[{"count":1,"href":"https:\/\/imais.online\/portal\/wp-json\/wp\/v2\/posts\/2097\/revisions"}],"predecessor-version":[{"id":2110,"href":"https:\/\/imais.online\/portal\/wp-json\/wp\/v2\/posts\/2097\/revisions\/2110"}],"wp:featuredmedia":[{"embeddable":true,"href":"https:\/\/imais.online\/portal\/wp-json\/wp\/v2\/media\/2109"}],"wp:attachment":[{"href":"https:\/\/imais.online\/portal\/wp-json\/wp\/v2\/media?parent=2097"}],"wp:term":[{"taxonomy":"category","embeddable":true,"href":"https:\/\/imais.online\/portal\/wp-json\/wp\/v2\/categories?post=2097"},{"taxonomy":"post_tag","embeddable":true,"href":"https:\/\/imais.online\/portal\/wp-json\/wp\/v2\/tags?post=2097"}],"curies":[{"name":"wp","href":"https:\/\/api.w.org\/{rel}","templated":true}]}}