{"id":21060,"date":"2023-12-11T11:55:55","date_gmt":"2023-12-11T14:55:55","guid":{"rendered":"https:\/\/imais.online\/portal\/?p=21060"},"modified":"2023-12-11T11:55:56","modified_gmt":"2023-12-11T14:55:56","slug":"de-problema-familiar-a-trafico-humano-saiba-as-principais-causas-de-desaparecimentos-no-brasil","status":"publish","type":"post","link":"https:\/\/imais.online\/portal\/de-problema-familiar-a-trafico-humano-saiba-as-principais-causas-de-desaparecimentos-no-brasil\/","title":{"rendered":"De problema familiar a tr\u00e1fico humano: saiba as principais causas de desaparecimentos no Brasil"},"content":{"rendered":"<div class=\"imais-before-content-placement\" id=\"imais-3101316734\"><script async src=\"\/\/pagead2.googlesyndication.com\/pagead\/js\/adsbygoogle.js?client=ca-pub-8787528412751566\" crossorigin=\"anonymous\"><\/script><ins class=\"adsbygoogle\" style=\"display:block;\" data-ad-client=\"ca-pub-8787528412751566\" \ndata-ad-slot=\"\" \ndata-ad-format=\"auto\"><\/ins>\n<script> \n(adsbygoogle = window.adsbygoogle || []).push({}); \n<\/script>\n<\/div>\n<h2 class=\"wp-block-heading\">Mais de 200 pessoas sumiram por dia no pa\u00eds s\u00f3 em 2022; para especialistas, entender o motivo \u00e9 crucial para solucionar os casos<\/h2>\n\n\n\n<p>No ano passado, o Brasil registrou 74.061 desaparecimentos, ou seja: 203&nbsp;<strong><a href=\"https:\/\/estudio.r7.com\/luto-em-vida-12122022\" target=\"_blank\" rel=\"noreferrer noopener\">pessoas sumiram<\/a><\/strong>&nbsp;em m\u00e9dia por dia, conforme os dados recentes do FBSP (F\u00f3rum Brasileiro de Seguran\u00e7a P\u00fablica).<\/p>\n\n\n\n<p>Fatores como problemas familiares, dist\u00farbios mentais, envolvimento com drogas, assassinatos e tr\u00e1fico humano s\u00e3o citados por investigadores e especialistas como as principais causas desses desaparecimentos.<\/p>\n\n\n\n<p>Raquel Gallinati, delegada e diretora da Adepol (Associa\u00e7\u00e3o dos Delegados de Pol\u00edcia) do Brasil, considera esses sumi\u00e7os sem resposta uma &#8220;complexa teia de\u00a0circunst\u00e2ncias que contribui para o cen\u00e1rio preocupante&#8221;, uma vez que os motivos variam de pessoa para pessoa. Mas entend\u00ea-los, ela ressalta, \u00e9 crucial para obter solu\u00e7\u00f5es.<\/p>\n\n\n\n<p>O\u00a0<strong>desaparecimento volunt\u00e1rio<\/strong>\u00a0ocorre em torno de 70% dos casos, diz o produtor audiovisual Anderson Jesus, respons\u00e1vel pelo canal Desaparecidos, no YouTube \u2014 que j\u00e1 divulgou centenas de casos em todo o Brasil e tem ajudado familiares.<\/p>\n\n\n\n<p>As motiva\u00e7\u00f5es, por sua vez, variam de conflitos com pai e m\u00e3e a juramento de morte, seja por d\u00edvida, seja briga entre fac\u00e7\u00f5es. Apesar de o desaparecimento volunt\u00e1rio estar entre as principais causas, Anderson Jesus ressalta que s\u00e3o esses os casos que t\u00eam a maior taxa de resolu\u00e7\u00e3o.<\/p>\n\n\n\n<p>\u201c\u00c9 o pai que formou fam\u00edlia em outro lugar e abandona a que j\u00e1 tem sem mais nem menos. A\u00ed os filhos, a mulher ficam preocupados, o procuram e depois descobrem que ele quis ir embora. Ou casos em que os pais n\u00e3o deixam a filha se relacionar com certa pessoa, e ela decide fugir\u201d, detalha.<\/p>\n\n\n\n<p>Outro fator representativo de sumi\u00e7os de pessoas no Brasil \u00e9 a\u00a0<strong>sa\u00fade<\/strong>. Indiv\u00edduos diagnosticados com dist\u00farbios mentais, como esquizofrenia, Alzheimer e autismo, tendem a desenvolver mania de persegui\u00e7\u00e3o e fogem.<\/p>\n\n\n\n<figure class=\"wp-block-image\"><img decoding=\"async\" src=\"https:\/\/img.r7.com\/images\/grafico-numero-de-pessoas-desaparecidas-no-brasil-em-2022-08122023183708558\" alt=\"\" title=\"\"\/><\/figure>\n\n\n\n<p>ARTE R7<\/p>\n\n\n\n<p>H\u00e1 ainda os casos de poriomania, que \u00e9 uma obsess\u00e3o doentia por andar. Em alguns deles, os pacientes andam at\u00e9 n\u00e3o serem mais encontrados e n\u00e3o conseguem voltar para casa.<\/p>\n\n\n\n<p>O&nbsp;<strong>v\u00edcio em drogas<\/strong>&nbsp;tamb\u00e9m entra no t\u00f3pico da sa\u00fade. \u00c0s vezes, a pessoa deseja sumir sem avisar, para n\u00e3o gerar problemas \u00e0 fam\u00edlia.<\/p>\n\n\n\n<h3 class=\"wp-block-heading\">Assassinatos e tr\u00e1fico de pessoas<\/h3>\n\n\n\n<p>H\u00e1 casos de desaparecimentos ainda mais tr\u00e1gicos, quando ocorrem assassinatos, e a fam\u00edlia da v\u00edtima a procura por meses ou anos sem saber que ela n\u00e3o est\u00e1 mais viva.<\/p>\n\n\n\n<p>\u201cS\u00e3o pessoas mortas por fac\u00e7\u00f5es, ou at\u00e9 mesmo pela pol\u00edcia, e ningu\u00e9m sabe\u201d, explica Anderson Jesus. Nessas situa\u00e7\u00f5es, os corpos das v\u00edtimas podem n\u00e3o ser localizados nunca mais \u2014 alguns s\u00e3o enterrados pelo assassino ou v\u00e3o parar em valas comuns como indigentes.<\/p>\n\n\n\n<p>J\u00e1 o&nbsp;<strong>tr\u00e1fico de pessoas<\/strong>&nbsp;ocorre majoritariamente com crian\u00e7as e &#8220;visa \u00e0 explora\u00e7\u00e3o sexual, ao trabalho escravo e ao tr\u00e1fico de \u00f3rg\u00e3os&#8221;, informa a diretora da Adepol Brasil.<\/p>\n\n\n\n<p>A cria\u00e7\u00e3o de cadastros nacionais e internacionais mais eficientes para pessoas desaparecidas poderia ser um instrumento valioso para encontr\u00e1-las, diz Raquel Gallinati.<\/p>\n\n\n\n<h3 class=\"wp-block-heading\">Menina ficou nove meses no Paraguai<\/h3>\n\n\n\n<p><br>Uma jovem de 17 anos, que preferiu n\u00e3o ser identificada, contou ao&nbsp;<strong>R7<\/strong>&nbsp;o que a motivou a passar nove meses longe da fam\u00edlia, sem dar not\u00edcias. A m\u00e3e dela buscou ajuda no canal de Anderson Jesus para encontrar a filha.<\/p>\n\n\n\n<p>A entrevista da mulher viralizou, e ela passou a ser muito criticada pelos internautas, uma vez que contou como era a rela\u00e7\u00e3o conturbada que tinha com a filha. Os pais da menina s\u00e3o separados, e ela morava com a m\u00e3e e o padrasto, em S\u00e3o Jos\u00e9 dos Campos (SP).<\/p>\n\n\n\n<p>Um tempo depois, o v\u00eddeo chegou at\u00e9 a menina, que estava no Paraguai. Ela entrou em contato com Anderson para explicar o motivo de ter sumido e pediu a ele que apagasse a grava\u00e7\u00e3o.<\/p>\n\n\n\n<p>O produtor audiovisual fez um interm\u00e9dio entre m\u00e3e e filha e, posteriormente, com o pai da jovem. Ela decidiu voltar ao Brasil e hoje mora com o pai.<\/p>\n\n\n\n<p>\u201cEstava passando por um momento muito dif\u00edcil, e os problemas acumularam, at\u00e9 que decidi sumir. Optei por voltar meses depois, porque vi que a minha fam\u00edlia n\u00e3o estava bem. Apesar disso, foi um aprendizado para mim. N\u00e3o vou dizer que me arrependo, mas sinto muito pela dor que causei para a minha fam\u00edlia\u201d, afirma a jovem.<\/p>\n\n\n\n<p>Hoje, a adolescente afirma que tem uma vida diferente: os pais conversam mais com ela e a entendem melhor.<\/p>\n\n\n\n<p>Fonte R7<\/p>\n","protected":false},"excerpt":{"rendered":"<p>Mais de 200 pessoas sumiram por dia no pa\u00eds s\u00f3 em 2022; para especialistas, entender o motivo \u00e9 crucial para solucionar os casos No ano passado, o Brasil registrou 74.061 desaparecimentos, ou seja: 203&nbsp;pessoas sumiram&nbsp;em m\u00e9dia por dia, conforme os dados recentes do FBSP (F\u00f3rum Brasileiro de Seguran\u00e7a P\u00fablica). Fatores como problemas familiares, dist\u00farbios mentais, [&hellip;]<\/p>\n","protected":false},"author":8,"featured_media":21061,"comment_status":"closed","ping_status":"open","sticky":false,"template":"","format":"standard","meta":{"rop_custom_images_group":[],"rop_custom_messages_group":[],"rop_publish_now":"initial","rop_publish_now_accounts":[],"rop_publish_now_history":[],"rop_publish_now_status":"pending","footnotes":""},"categories":[212],"tags":[73],"class_list":["post-21060","post","type-post","status-publish","format-standard","has-post-thumbnail","hentry","category-internacional","tag-featured"],"amp_enabled":true,"_links":{"self":[{"href":"https:\/\/imais.online\/portal\/wp-json\/wp\/v2\/posts\/21060","targetHints":{"allow":["GET"]}}],"collection":[{"href":"https:\/\/imais.online\/portal\/wp-json\/wp\/v2\/posts"}],"about":[{"href":"https:\/\/imais.online\/portal\/wp-json\/wp\/v2\/types\/post"}],"author":[{"embeddable":true,"href":"https:\/\/imais.online\/portal\/wp-json\/wp\/v2\/users\/8"}],"replies":[{"embeddable":true,"href":"https:\/\/imais.online\/portal\/wp-json\/wp\/v2\/comments?post=21060"}],"version-history":[{"count":1,"href":"https:\/\/imais.online\/portal\/wp-json\/wp\/v2\/posts\/21060\/revisions"}],"predecessor-version":[{"id":21062,"href":"https:\/\/imais.online\/portal\/wp-json\/wp\/v2\/posts\/21060\/revisions\/21062"}],"wp:featuredmedia":[{"embeddable":true,"href":"https:\/\/imais.online\/portal\/wp-json\/wp\/v2\/media\/21061"}],"wp:attachment":[{"href":"https:\/\/imais.online\/portal\/wp-json\/wp\/v2\/media?parent=21060"}],"wp:term":[{"taxonomy":"category","embeddable":true,"href":"https:\/\/imais.online\/portal\/wp-json\/wp\/v2\/categories?post=21060"},{"taxonomy":"post_tag","embeddable":true,"href":"https:\/\/imais.online\/portal\/wp-json\/wp\/v2\/tags?post=21060"}],"curies":[{"name":"wp","href":"https:\/\/api.w.org\/{rel}","templated":true}]}}