{"id":21091,"date":"2023-12-13T09:43:12","date_gmt":"2023-12-13T12:43:12","guid":{"rendered":"https:\/\/imais.online\/portal\/?p=21091"},"modified":"2023-12-13T09:43:13","modified_gmt":"2023-12-13T12:43:13","slug":"cultura-abre-edital-de-chamamento-publico-de-projetos-musicais-para-o-festival-de-verao-2024","status":"publish","type":"post","link":"https:\/\/imais.online\/portal\/cultura-abre-edital-de-chamamento-publico-de-projetos-musicais-para-o-festival-de-verao-2024\/","title":{"rendered":"Cultura abre Edital de Chamamento P\u00fablico de projetos musicais para o Festival de Ver\u00e3o 2024"},"content":{"rendered":"<div class=\"imais-before-content-placement\" id=\"imais-2177391485\"><script async src=\"\/\/pagead2.googlesyndication.com\/pagead\/js\/adsbygoogle.js?client=ca-pub-8787528412751566\" crossorigin=\"anonymous\"><\/script><ins class=\"adsbygoogle\" style=\"display:block;\" data-ad-client=\"ca-pub-8787528412751566\" \ndata-ad-slot=\"\" \ndata-ad-format=\"auto\"><\/ins>\n<script> \n(adsbygoogle = window.adsbygoogle || []).push({}); \n<\/script>\n<\/div>\n<p><em><small>Artistas t\u00eam at\u00e9 21 de dezembro para preencher formul\u00e1rio e enviar v\u00eddeo para an\u00e1lise de comiss\u00e3o<\/small><\/em><\/p>\n\n\n\n<p>A Prefeitura de Indaiatuba, por meio da Secretaria Municipal de Cultura, anuncia que est\u00e1 aberto o Edital de Chamamento P\u00fablico para credenciamento de projetos musicais destinados ao Festival de Ver\u00e3o de Indaiatuba 2024, que acontece nos dias 12, 13, 14, 19, 20 e 21 de janeiro. Os interessados devem conferir o regulamento no&nbsp;<strong><a href=\"https:\/\/www.indaiatuba.sp.gov.br\/cultura\/concursos\/festival-de-verao\/\" target=\"_blank\" rel=\"noreferrer noopener\">site da Prefeitura<\/a><\/strong>&nbsp;e preencher o formul\u00e1rio online at\u00e9 \u00e0s 11h59 do dia 21 de dezembro.<\/p>\n\n\n\n<p>\u201cO Festival de Ver\u00e3o j\u00e1 \u00e9 tradi\u00e7\u00e3o em Indaiatuba e cresce a cada ano. Grande parte desta procura do p\u00fablico acontece pela qualidade das atra\u00e7\u00f5es art\u00edsticas, comprovando a excel\u00eancia dos m\u00fasicos e bandas de nossa cidade\u201d, enfatiza a secret\u00e1ria municipal de Cultura, T\u00e2nia Castanho. \u201cO evento \u00e9 uma grande vitrine e est\u00e3o todos podem participar. Basta ler atentamente o edital e preencher o formul\u00e1rio dispon\u00edvel no site da Prefeitura de Indaiatuba\u201d.<\/p>\n\n\n\n<p>O edital visa valorizar e estimular a produ\u00e7\u00e3o art\u00edstica do munic\u00edpio, atrav\u00e9s da sele\u00e7\u00e3o e habilita\u00e7\u00e3o de projetos de m\u00fasicos e grupos musicais da cidade de Indaiatuba, para integrar a programa\u00e7\u00e3o do Festival de Ver\u00e3o de Indaiatuba 2024. Ser\u00e3o selecionados at\u00e9 15 projetos nas categorias Solo, Duo, Trio, Quarteto e Bandas.<\/p>\n\n\n\n<p>Para a categoria Solo, o artista deve ser comprovadamente residente em Indaiatuba. Em Duo, pelo menos um dos integrantes. Em Trio, Quarteto e Bandas, pelo menos 50% dos integrantes devem residir no munic\u00edpio e caso o n\u00famero dessa divis\u00e3o n\u00e3o seja inteiro, considera-se o n\u00famero inteiro imediatamente superior ao resultado.<\/p>\n\n\n\n<p><strong>Sele\u00e7\u00e3o<\/strong><\/p>\n\n\n\n<p>O formul\u00e1rio de inscri\u00e7\u00e3o e a \u00edntegra do edital se encontram&nbsp;<strong><a href=\"https:\/\/www.indaiatuba.sp.gov.br\/cultura\/concursos\/festival-de-verao\/\" target=\"_blank\" rel=\"noreferrer noopener\">neste link<\/a><\/strong>&nbsp;e os proponentes devem enviar um v\u00eddeo para an\u00e1lise da comiss\u00e3o julgadora. Os crit\u00e9rios considerados para sele\u00e7\u00e3o ser\u00e3o: qualidade art\u00edstica e cultural;&nbsp;impacto cultural para o munic\u00edpio;&nbsp;factibilidade;&nbsp;t\u00e9cnica e a originalidade apresentada nos v\u00eddeos.<\/p>\n\n\n\n<p>A documenta\u00e7\u00e3o apresentada ser\u00e1 conferida e a lista dos projetos habilitados ser\u00e1 publicada no site e Imprensa Oficial do Munic\u00edpio no dia 4 de janeiro de 2024. Os valor m\u00e1ximo do cach\u00ea art\u00edstico a ser pago ser\u00e1 de R$ 700 na categoria Solo; R$ 1.44 para Duo\/Dupla; R$ 2.100 para Trio; R$ 2.800 para Quarteto; e R$ 3.500 para Banda (com cinco ou mais integrantes).<\/p>\n\n\n\n<p>As apresenta\u00e7\u00f5es ser\u00e3o agendadas junto ao artista ou grupo selecionado de acordo com o quadro de disponibilidade da Secretaria Municipal de Cultura. Para mais informa\u00e7\u00f5es ou d\u00favidas, basta entrar em contato pelo e-mail cultura.editais@indaiatuba.sp.gov.br ou pelo telefone (19) 3875-6144.<\/p>\n","protected":false},"excerpt":{"rendered":"<p>Artistas t\u00eam at\u00e9 21 de dezembro para preencher formul\u00e1rio e enviar v\u00eddeo para an\u00e1lise de comiss\u00e3o A Prefeitura de Indaiatuba, por meio da Secretaria Municipal de Cultura, anuncia que est\u00e1 aberto o Edital de Chamamento P\u00fablico para credenciamento de projetos musicais destinados ao Festival de Ver\u00e3o de Indaiatuba 2024, que acontece nos dias 12, 13, [&hellip;]<\/p>\n","protected":false},"author":8,"featured_media":21092,"comment_status":"closed","ping_status":"open","sticky":false,"template":"","format":"standard","meta":{"rop_custom_images_group":[],"rop_custom_messages_group":[],"rop_publish_now":"initial","rop_publish_now_accounts":[],"rop_publish_now_history":[],"rop_publish_now_status":"pending","footnotes":""},"categories":[188],"tags":[],"class_list":["post-21091","post","type-post","status-publish","format-standard","has-post-thumbnail","hentry","category-indaiatuba"],"amp_enabled":true,"_links":{"self":[{"href":"https:\/\/imais.online\/portal\/wp-json\/wp\/v2\/posts\/21091","targetHints":{"allow":["GET"]}}],"collection":[{"href":"https:\/\/imais.online\/portal\/wp-json\/wp\/v2\/posts"}],"about":[{"href":"https:\/\/imais.online\/portal\/wp-json\/wp\/v2\/types\/post"}],"author":[{"embeddable":true,"href":"https:\/\/imais.online\/portal\/wp-json\/wp\/v2\/users\/8"}],"replies":[{"embeddable":true,"href":"https:\/\/imais.online\/portal\/wp-json\/wp\/v2\/comments?post=21091"}],"version-history":[{"count":1,"href":"https:\/\/imais.online\/portal\/wp-json\/wp\/v2\/posts\/21091\/revisions"}],"predecessor-version":[{"id":21093,"href":"https:\/\/imais.online\/portal\/wp-json\/wp\/v2\/posts\/21091\/revisions\/21093"}],"wp:featuredmedia":[{"embeddable":true,"href":"https:\/\/imais.online\/portal\/wp-json\/wp\/v2\/media\/21092"}],"wp:attachment":[{"href":"https:\/\/imais.online\/portal\/wp-json\/wp\/v2\/media?parent=21091"}],"wp:term":[{"taxonomy":"category","embeddable":true,"href":"https:\/\/imais.online\/portal\/wp-json\/wp\/v2\/categories?post=21091"},{"taxonomy":"post_tag","embeddable":true,"href":"https:\/\/imais.online\/portal\/wp-json\/wp\/v2\/tags?post=21091"}],"curies":[{"name":"wp","href":"https:\/\/api.w.org\/{rel}","templated":true}]}}