{"id":21103,"date":"2023-12-13T10:30:49","date_gmt":"2023-12-13T13:30:49","guid":{"rendered":"https:\/\/imais.online\/portal\/?p=21103"},"modified":"2023-12-13T10:30:50","modified_gmt":"2023-12-13T13:30:50","slug":"quem-foi-andre-braugher-ator-da-serie-brooklyn-nine-nine-morreu-aos-61-anos","status":"publish","type":"post","link":"https:\/\/imais.online\/portal\/quem-foi-andre-braugher-ator-da-serie-brooklyn-nine-nine-morreu-aos-61-anos\/","title":{"rendered":"Quem foi Andre Braugher? Ator da s\u00e9rie &#8216;Brooklyn Nine-Nine&#8217; morreu aos 61 anos"},"content":{"rendered":"<div class=\"imais-before-content-placement\" id=\"imais-2687503037\"><script async src=\"\/\/pagead2.googlesyndication.com\/pagead\/js\/adsbygoogle.js?client=ca-pub-8787528412751566\" crossorigin=\"anonymous\"><\/script><ins class=\"adsbygoogle\" style=\"display:block;\" data-ad-client=\"ca-pub-8787528412751566\" \ndata-ad-slot=\"\" \ndata-ad-format=\"auto\"><\/ins>\n<script> \n(adsbygoogle = window.adsbygoogle || []).push({}); \n<\/script>\n<\/div>\n<h2 class=\"wp-block-heading\">Vencedor de dois pr\u00eamios Emmy, artista integrou elenco de longas como &#8216;Cidade dos Anjos&#8217; e &#8216;Salt&#8217;<\/h2>\n\n\n\n<p>A morte de Andre Braugher causou surpresa entre os f\u00e3s do ator, e tamb\u00e9m gerou curiosidade para quem n\u00e3o acompanhava o trabalho dele t\u00e3o de perto.\u00a0<a class=\"\" href=\"https:\/\/gshow.globo.com\/tudo-mais\/tv-e-famosos\/noticia\/morre-andre-braugher-de-brooklyn-nine-nine.ghtml\">De acordo com o &#8220;Deadline&#8221;, o norte-americano, faleceu aos 61 anos, na segunda-feira (11), ap\u00f3s uma &#8220;breve doen\u00e7a&#8221;<\/a>, sem dar mais detalhes.<\/p>\n\n\n\n<p>Nascido na cidade de Chicago, Andre&nbsp;estreou no cinema no longa &#8220;Tempo de Gl\u00f3ria&#8221;&nbsp;(1989). Desde ent\u00e3o, participou de filmes marcantes como Cidade dos Anjos (1998), &#8220;Quarteto Fant\u00e1stico e o Surfista Prateado&#8221; (2007) e &#8220;Salt&#8221; (2010).<\/p>\n\n\n\n<figure class=\"wp-block-image\"><img decoding=\"async\" src=\"https:\/\/s2-gshow.glbimg.com\/I-RDt08fL717SgF_udOFfcR8Hbo=\/0x0:411x632\/984x0\/smart\/filters:strip_icc()\/i.s3.glbimg.com\/v1\/AUTH_e84042ef78cb4708aeebdf1c68c6cbd6\/internal_photos\/bs\/2023\/8\/4\/whTO2VTPGo4BMdrfYYxA\/captura-de-tela-2023-12-13-033111.png\" alt=\"Andre Braugher ao lado de Nicolas Cage em cena do longa 'Cidade dos Anjos' (1998) \u2014 Foto: IMDB\"\/><\/figure>\n\n\n\n<p>Andre Braugher ao lado de Nicolas Cage em cena do longa &#8216;Cidade dos Anjos&#8217; (1998) \u2014 Foto: IMDB<\/p>\n\n\n\n<p>Foi nas s\u00e9ries que o ator norte-americado de 61 anos ganhou pap\u00e9is de maior destaque, como o&nbsp;Capit\u00e3o Raymond Holt, de &#8220;Brooklyn Nine-Nine&#8221; (2013-2021), Owen Thoreau, de &#8220;Men of a Certain Age&#8221; (2009-2011), e Frank Pembleton, de &#8220;Homic\u00eddio&#8221; (1993-1999), pela qual venceu um Emmy, na categoria de Melhor Ator em S\u00e9rie Dram\u00e1tica, de 1998. Oito anos depois ele levou a estatueta novamente pela miniss\u00e9rie &#8220;Thief&#8221;.<\/p>\n\n\n\n<p>O ator, que se formou em 1988 sendo reconhecido como um dos melhores atores teatrais do curso da Juilliard School, em Nova York,&nbsp;recusou o papel de Harry Adams, no longa &#8220;Esfera&#8221; (1998) para se dedicar \u00e0 fam\u00edlia. O personagem ficou a cargo de Samuel L. Jackson.<\/p>\n\n\n\n<figure class=\"wp-block-image\"><img decoding=\"async\" src=\"https:\/\/s2-gshow.glbimg.com\/Uty_Il_8AA9gu-rRFNDnszKHCOo=\/0x0:1440x1440\/984x0\/smart\/filters:strip_icc()\/i.s3.glbimg.com\/v1\/AUTH_e84042ef78cb4708aeebdf1c68c6cbd6\/internal_photos\/bs\/2023\/g\/A\/BBjbBnS064EGk3SFPnyA\/andre-braugher-ray-brooklyn-99.jpg\" alt=\"Morre Andre Braugher, o Ray de 'Brooklyn 99' \u2014 Foto: Reprodu\u00e7\u00e3o\/Instagram\"\/><\/figure>\n\n\n\n<p>Morre Andre Braugher, o Ray de &#8216;Brooklyn 99&#8217; \u2014 Foto: Reprodu\u00e7\u00e3o\/Instagram<\/p>\n\n\n\n<p>Andre, que, em 1997, esteve entre as 50 pessoas mais bonitas do mundo, de acordo com a revista &#8220;People&#8221;,\u00a0era casado desde 28 de dezembro de 1991 com a atriz Ami Brabson. Juntos, eles tiveram tr\u00eas filhos: Michael, Isaiah e John, que t\u00eam 31, 27 e 20 anos, respectivamente.<\/p>\n\n\n\n<p>Fonte GShow<\/p>\n","protected":false},"excerpt":{"rendered":"<p>Vencedor de dois pr\u00eamios Emmy, artista integrou elenco de longas como &#8216;Cidade dos Anjos&#8217; e &#8216;Salt&#8217; A morte de Andre Braugher causou surpresa entre os f\u00e3s do ator, e tamb\u00e9m gerou curiosidade para quem n\u00e3o acompanhava o trabalho dele t\u00e3o de perto.\u00a0De acordo com o &#8220;Deadline&#8221;, o norte-americano, faleceu aos 61 anos, na segunda-feira (11), [&hellip;]<\/p>\n","protected":false},"author":8,"featured_media":21104,"comment_status":"closed","ping_status":"open","sticky":false,"template":"","format":"standard","meta":{"rop_custom_images_group":[],"rop_custom_messages_group":[],"rop_publish_now":"initial","rop_publish_now_accounts":[],"rop_publish_now_history":[],"rop_publish_now_status":"pending","footnotes":""},"categories":[237],"tags":[],"class_list":["post-21103","post","type-post","status-publish","format-standard","has-post-thumbnail","hentry","category-luto"],"amp_enabled":true,"_links":{"self":[{"href":"https:\/\/imais.online\/portal\/wp-json\/wp\/v2\/posts\/21103","targetHints":{"allow":["GET"]}}],"collection":[{"href":"https:\/\/imais.online\/portal\/wp-json\/wp\/v2\/posts"}],"about":[{"href":"https:\/\/imais.online\/portal\/wp-json\/wp\/v2\/types\/post"}],"author":[{"embeddable":true,"href":"https:\/\/imais.online\/portal\/wp-json\/wp\/v2\/users\/8"}],"replies":[{"embeddable":true,"href":"https:\/\/imais.online\/portal\/wp-json\/wp\/v2\/comments?post=21103"}],"version-history":[{"count":1,"href":"https:\/\/imais.online\/portal\/wp-json\/wp\/v2\/posts\/21103\/revisions"}],"predecessor-version":[{"id":21105,"href":"https:\/\/imais.online\/portal\/wp-json\/wp\/v2\/posts\/21103\/revisions\/21105"}],"wp:featuredmedia":[{"embeddable":true,"href":"https:\/\/imais.online\/portal\/wp-json\/wp\/v2\/media\/21104"}],"wp:attachment":[{"href":"https:\/\/imais.online\/portal\/wp-json\/wp\/v2\/media?parent=21103"}],"wp:term":[{"taxonomy":"category","embeddable":true,"href":"https:\/\/imais.online\/portal\/wp-json\/wp\/v2\/categories?post=21103"},{"taxonomy":"post_tag","embeddable":true,"href":"https:\/\/imais.online\/portal\/wp-json\/wp\/v2\/tags?post=21103"}],"curies":[{"name":"wp","href":"https:\/\/api.w.org\/{rel}","templated":true}]}}