{"id":21126,"date":"2023-12-14T10:08:48","date_gmt":"2023-12-14T13:08:48","guid":{"rendered":"https:\/\/imais.online\/portal\/?p=21126"},"modified":"2023-12-14T10:08:49","modified_gmt":"2023-12-14T13:08:49","slug":"trens-e-metro-vao-aumentar-para-r-5-a-partir-de-1-de-janeiro-em-sp","status":"publish","type":"post","link":"https:\/\/imais.online\/portal\/trens-e-metro-vao-aumentar-para-r-5-a-partir-de-1-de-janeiro-em-sp\/","title":{"rendered":"Trens e metr\u00f4 v\u00e3o aumentar para R$ 5 a partir de 1\u00b0 de janeiro em SP"},"content":{"rendered":"<div class=\"imais-before-content-placement\" id=\"imais-3661513896\"><script async src=\"\/\/pagead2.googlesyndication.com\/pagead\/js\/adsbygoogle.js?client=ca-pub-8787528412751566\" crossorigin=\"anonymous\"><\/script><ins class=\"adsbygoogle\" style=\"display:block;\" data-ad-client=\"ca-pub-8787528412751566\" \ndata-ad-slot=\"\" \ndata-ad-format=\"auto\"><\/ins>\n<script> \n(adsbygoogle = window.adsbygoogle || []).push({}); \n<\/script>\n<\/div>\n<h2 class=\"wp-block-heading\">Tarifa de R$ 4,40 n\u00e3o teve reajuste desde janeiro de 2020; com o aumento, passageiros v\u00e3o pagar em m\u00e9dia R$ 26,40 a mais por m\u00eas<\/h2>\n\n\n\n<p>O valor das passagens dos trens e do metr\u00f4 de&nbsp;<a href=\"https:\/\/noticias.r7.com\/sao-paulo\" target=\"_blank\" rel=\"noreferrer noopener\"><strong>S\u00e3o Paulo<\/strong><\/a>&nbsp;vai aumentar de R$ 4,40 para R$ 5 a partir do dia 1\u00ba de janeiro de 2024.<\/p>\n\n\n\n<p>Com o reajuste, o passageiro vai ter que pagar, em m\u00e9dia, R$ 26,40 a mais por m\u00eas.<\/p>\n\n\n\n<p>H\u00e1 duas semanas, o governador Tarc\u00edsio de Freitas (Republicanos) j\u00e1 tinha dado sinais de um\u00a0<strong><a rel=\"noreferrer noopener\" href=\"https:\/\/noticias.r7.com\/sao-paulo\/nao-tem-almoco-gratis-diz-tarcisio-sobre-possivel-aumento-da-tarifa-dos-transportes-29112023\" target=\"_blank\">poss\u00edvel aumento no pre\u00e7o dos transportes por trilhos<\/a><\/strong>. O valor estava congelado desde janeiro de 2020.<\/p>\n\n\n\n<p>Em sua campanha para o governo, Tarc\u00edso havia se comprometido a n\u00e3o aumentar a tarifa da CPTM (Companhia Paulista de Trens Metropolitanos) no primeiro ano de mandato, mas sinalizou, no \u00faltimo dia 29, que o reajuste viria em 2024.\u00a0<\/p>\n\n\n\n<p>&#8220;Quando entra mais subs\u00eddio, eu vou tirar de algum lugar, vou tirar de alguma pol\u00edtica p\u00fablica. Ent\u00e3o, a gente tem que botar na balan\u00e7a qual \u00e9 a pol\u00edtica p\u00fablica que vai pesar mais, porque n\u00e3o tem almo\u00e7o de gra\u00e7a. Se a tarifa n\u00e3o subiu, o custo subiu&#8221;, disse, em evento na Secretaria Estadual da Sa\u00fade.<\/p>\n\n\n\n<h3 class=\"wp-block-heading\">Prefeitura segue outro caminho<\/h3>\n\n\n\n<p>Na corrida pela reelei\u00e7\u00e3o, a postura do prefeito Ricardo Nunes em rela\u00e7\u00e3o ao transporte p\u00fablico vai em outra dire\u00e7\u00e3o, com o&nbsp;<a href=\"https:\/\/noticias.r7.com\/sao-paulo\/como-vai-funcionar-tarifa-zero-em-onibus-de-sp-aos-domingos-12122023\">an\u00fancio da implanta\u00e7\u00e3o da tarifa zero dos \u00f4nibus<\/a>&nbsp;da capital paulista aos domingos, na \u00faltima segunda-feira (11).<br><br>Mas historicamente as passagens de trens, metr\u00f4 e \u00f4nibus costumam ser reajustadas em conjunto.<br><br>Questionada pelo&nbsp;<strong>R7&nbsp;<\/strong>sobre um poss\u00edvel aumento na passagem, a prefeitura n\u00e3o havia se posicionado at\u00e9 a publica\u00e7\u00e3o deste texto.<\/p>\n\n\n\n<h3 class=\"wp-block-heading\">Evolu\u00e7\u00e3o da tarifa em S\u00e3o Paulo<\/h3>\n\n\n\n<p><strong>2010<\/strong><br>R$ 2,70<\/p>\n\n\n\n<p><strong>2011<\/strong><br>R$ 3<\/p>\n\n\n\n<p><strong>2012<\/strong><br>N\u00e3o houve<\/p>\n\n\n\n<p><strong>2013<\/strong><br>N\u00e3o houve<\/p>\n\n\n\n<p><strong>2014<\/strong><br>N\u00e3o houve<\/p>\n\n\n\n<p><strong>2015<\/strong><br>R$ 3,50<\/p>\n\n\n\n<p><strong>2016<\/strong><br>R$ 3,80<\/p>\n\n\n\n<p><strong>2017<\/strong><br>Apenas a tarifa integrada com o metr\u00f4 e a CPTM foi reajustada<\/p>\n\n\n\n<p><strong>2018<\/strong><br>R$ 4<\/p>\n\n\n\n<p><strong>2019<\/strong><br>R$ 4,30<\/p>\n\n\n\n<p><strong>2020<\/strong><br>R$ 4,40<\/p>\n\n\n\n<p>Fonte R7 <\/p>\n","protected":false},"excerpt":{"rendered":"<p>Tarifa de R$ 4,40 n\u00e3o teve reajuste desde janeiro de 2020; com o aumento, passageiros v\u00e3o pagar em m\u00e9dia R$ 26,40 a mais por m\u00eas O valor das passagens dos trens e do metr\u00f4 de&nbsp;S\u00e3o Paulo&nbsp;vai aumentar de R$ 4,40 para R$ 5 a partir do dia 1\u00ba de janeiro de 2024. Com o reajuste, [&hellip;]<\/p>\n","protected":false},"author":8,"featured_media":21127,"comment_status":"closed","ping_status":"open","sticky":false,"template":"","format":"standard","meta":{"rop_custom_images_group":[],"rop_custom_messages_group":[],"rop_publish_now":"initial","rop_publish_now_accounts":[],"rop_publish_now_history":[],"rop_publish_now_status":"pending","footnotes":""},"categories":[195],"tags":[],"class_list":["post-21126","post","type-post","status-publish","format-standard","has-post-thumbnail","hentry","category-sao-paulo"],"amp_enabled":true,"_links":{"self":[{"href":"https:\/\/imais.online\/portal\/wp-json\/wp\/v2\/posts\/21126","targetHints":{"allow":["GET"]}}],"collection":[{"href":"https:\/\/imais.online\/portal\/wp-json\/wp\/v2\/posts"}],"about":[{"href":"https:\/\/imais.online\/portal\/wp-json\/wp\/v2\/types\/post"}],"author":[{"embeddable":true,"href":"https:\/\/imais.online\/portal\/wp-json\/wp\/v2\/users\/8"}],"replies":[{"embeddable":true,"href":"https:\/\/imais.online\/portal\/wp-json\/wp\/v2\/comments?post=21126"}],"version-history":[{"count":1,"href":"https:\/\/imais.online\/portal\/wp-json\/wp\/v2\/posts\/21126\/revisions"}],"predecessor-version":[{"id":21128,"href":"https:\/\/imais.online\/portal\/wp-json\/wp\/v2\/posts\/21126\/revisions\/21128"}],"wp:featuredmedia":[{"embeddable":true,"href":"https:\/\/imais.online\/portal\/wp-json\/wp\/v2\/media\/21127"}],"wp:attachment":[{"href":"https:\/\/imais.online\/portal\/wp-json\/wp\/v2\/media?parent=21126"}],"wp:term":[{"taxonomy":"category","embeddable":true,"href":"https:\/\/imais.online\/portal\/wp-json\/wp\/v2\/categories?post=21126"},{"taxonomy":"post_tag","embeddable":true,"href":"https:\/\/imais.online\/portal\/wp-json\/wp\/v2\/tags?post=21126"}],"curies":[{"name":"wp","href":"https:\/\/api.w.org\/{rel}","templated":true}]}}