{"id":21133,"date":"2023-12-14T10:22:45","date_gmt":"2023-12-14T13:22:45","guid":{"rendered":"https:\/\/imais.online\/portal\/?p=21133"},"modified":"2023-12-14T10:22:46","modified_gmt":"2023-12-14T13:22:46","slug":"cantor-gospel-pedro-henrique-morre-aos-30-anos","status":"publish","type":"post","link":"https:\/\/imais.online\/portal\/cantor-gospel-pedro-henrique-morre-aos-30-anos\/","title":{"rendered":"Cantor gospel Pedro Henrique morre, aos 30 anos"},"content":{"rendered":"<div class=\"imais-before-content-placement\" id=\"imais-1472335844\"><script async src=\"\/\/pagead2.googlesyndication.com\/pagead\/js\/adsbygoogle.js?client=ca-pub-8787528412751566\" crossorigin=\"anonymous\"><\/script><ins class=\"adsbygoogle\" style=\"display:block;\" data-ad-client=\"ca-pub-8787528412751566\" \ndata-ad-slot=\"\" \ndata-ad-format=\"auto\"><\/ins>\n<script> \n(adsbygoogle = window.adsbygoogle || []).push({}); \n<\/script>\n<\/div>\n<h2 class=\"wp-block-heading\">A morte foi confirmada pela gravadora do artista; ele deixa a mulher, Suilan Barreto, e a filha, Zoe, de 1 m\u00eas<\/h2>\n\n\n\n<p>O cantor gospel Pedro Henrique morreu, aos 30 anos, nesta quinta-feira (14). A informa\u00e7\u00e3o foi confirmada pela gravadora do artista, que n\u00e3o revelou a causa da morte. Pedro Henrique estava na cidade de Feira de Santana (BA), para onde viajou acompanhado da equipe que trabalhava com ele, conforme mostrou nas redes sociais um dia antes. Ele deixa a mulher, Suilan Barreto, e a filha, Zoe, de 1 m\u00eas.<\/p>\n\n\n\n<p>Por meio de uma nota de pesar compartilhada nas redes sociais, a gravadora lamentou a morte do artista. &#8220;Pedro foi um jovem alegre, amigo de todos. Filho \u00fanico. Um esposo presente e um pai superdedicado. N\u00e3o h\u00e1 pastor ou crist\u00e3o nesse Brasil que fale algo diferente disso. Pedro \u00e9 simples, \u00e9 crente! Que sorriso! Que simpatia! Que voz! O tipo de gente da gente, que \u00e9 muito bom ter por perto&#8221;, diz o comunicado.<\/p>\n\n\n\n<p>&#8220;As can\u00e7\u00f5es na sua voz n\u00e3o morrer\u00e3o, e o seu legado permanecer\u00e1 atrav\u00e9s de sua esposa, de sua filhinha, Zoe, e de tantas vidas que foram e ser\u00e3o alcan\u00e7adas por Cristo atrav\u00e9s dos registros da sua voz&#8221;, continua a nota.<\/p>\n\n\n\n<p>Pedro Henrique come\u00e7ou na m\u00fasica ainda crian\u00e7a e se apresentou pela primeira vez quando tinha apenas 3 anos. Em 2015, o cantor deu in\u00edcio \u00e0 trajet\u00f3ria profissional quando come\u00e7ou a publicar v\u00eddeos de cover na internet, que chamaram a aten\u00e7\u00e3o do p\u00fablico e de um produtor musical, que o convidou para o primeiro trabalho.<\/p>\n\n\n\n<p>Ao longo de tr\u00eas anos, o artista fez parte de uma banda e gravou o primeiro \u00e1lbum, chamado\u00a0<em>Grande \u00c9 o Senhor<\/em>. A partir de 2019, Pedro Henrique seguiu em carreira solo.<\/p>\n\n\n\n<p>Fonte R7<\/p>\n","protected":false},"excerpt":{"rendered":"<p>A morte foi confirmada pela gravadora do artista; ele deixa a mulher, Suilan Barreto, e a filha, Zoe, de 1 m\u00eas O cantor gospel Pedro Henrique morreu, aos 30 anos, nesta quinta-feira (14). A informa\u00e7\u00e3o foi confirmada pela gravadora do artista, que n\u00e3o revelou a causa da morte. Pedro Henrique estava na cidade de Feira [&hellip;]<\/p>\n","protected":false},"author":8,"featured_media":21134,"comment_status":"closed","ping_status":"open","sticky":false,"template":"","format":"standard","meta":{"rop_custom_images_group":[],"rop_custom_messages_group":[],"rop_publish_now":"initial","rop_publish_now_accounts":[],"rop_publish_now_history":[],"rop_publish_now_status":"pending","footnotes":""},"categories":[237],"tags":[],"class_list":["post-21133","post","type-post","status-publish","format-standard","has-post-thumbnail","hentry","category-luto"],"amp_enabled":true,"_links":{"self":[{"href":"https:\/\/imais.online\/portal\/wp-json\/wp\/v2\/posts\/21133","targetHints":{"allow":["GET"]}}],"collection":[{"href":"https:\/\/imais.online\/portal\/wp-json\/wp\/v2\/posts"}],"about":[{"href":"https:\/\/imais.online\/portal\/wp-json\/wp\/v2\/types\/post"}],"author":[{"embeddable":true,"href":"https:\/\/imais.online\/portal\/wp-json\/wp\/v2\/users\/8"}],"replies":[{"embeddable":true,"href":"https:\/\/imais.online\/portal\/wp-json\/wp\/v2\/comments?post=21133"}],"version-history":[{"count":1,"href":"https:\/\/imais.online\/portal\/wp-json\/wp\/v2\/posts\/21133\/revisions"}],"predecessor-version":[{"id":21135,"href":"https:\/\/imais.online\/portal\/wp-json\/wp\/v2\/posts\/21133\/revisions\/21135"}],"wp:featuredmedia":[{"embeddable":true,"href":"https:\/\/imais.online\/portal\/wp-json\/wp\/v2\/media\/21134"}],"wp:attachment":[{"href":"https:\/\/imais.online\/portal\/wp-json\/wp\/v2\/media?parent=21133"}],"wp:term":[{"taxonomy":"category","embeddable":true,"href":"https:\/\/imais.online\/portal\/wp-json\/wp\/v2\/categories?post=21133"},{"taxonomy":"post_tag","embeddable":true,"href":"https:\/\/imais.online\/portal\/wp-json\/wp\/v2\/tags?post=21133"}],"curies":[{"name":"wp","href":"https:\/\/api.w.org\/{rel}","templated":true}]}}