{"id":21148,"date":"2023-12-15T10:09:46","date_gmt":"2023-12-15T13:09:46","guid":{"rendered":"https:\/\/imais.online\/portal\/?p=21148"},"modified":"2023-12-15T10:09:48","modified_gmt":"2023-12-15T13:09:48","slug":"saude-fecha-balanco-com-anuncio-de-r-65-milhoes-em-novos-investimentos-e-quimioterapia-definitiva","status":"publish","type":"post","link":"https:\/\/imais.online\/portal\/saude-fecha-balanco-com-anuncio-de-r-65-milhoes-em-novos-investimentos-e-quimioterapia-definitiva\/","title":{"rendered":"Sa\u00fade fecha balan\u00e7o com an\u00fancio de R$ 65 milh\u00f5es em novos investimentos e quimioterapia definitiva"},"content":{"rendered":"<div class=\"imais-before-content-placement\" id=\"imais-1218544699\"><script async src=\"\/\/pagead2.googlesyndication.com\/pagead\/js\/adsbygoogle.js?client=ca-pub-8787528412751566\" crossorigin=\"anonymous\"><\/script><ins class=\"adsbygoogle\" style=\"display:block;\" data-ad-client=\"ca-pub-8787528412751566\" \ndata-ad-slot=\"\" \ndata-ad-format=\"auto\"><\/ins>\n<script> \n(adsbygoogle = window.adsbygoogle || []).push({}); \n<\/script>\n<\/div>\n<p><em><small>Atendimentos na UPA subiram 120% e chegaram em mais de 410 mil atendimentos<\/small><\/em><\/p>\n\n\n\n<p>A Sa\u00fade sempre foi um dos pilares de prioridade na gest\u00e3o do prefeito Nilson Gaspar, n\u00e3o \u00e0 toa, o munic\u00edpio aumentou significativamente as a\u00e7\u00f5es de sa\u00fade neste ano de 2023. Al\u00e9m de ter anunciado R$ 65 milh\u00f5es em novos investimentos na \u00e1rea, a pasta comandada pela secret\u00e1ria, Graziela Garcia, adquiriu equipamentos novos, ampliou unidades de sa\u00fade, come\u00e7ou projetos novos e aumentou servi\u00e7os dispon\u00edveis para a popula\u00e7\u00e3o. A Secretaria de Sa\u00fade fechou o balan\u00e7o deste ano e divulgou os resultados para a imprensa na manh\u00e3 desta quinta-feira (13).<\/p>\n\n\n\n<p>Em coletiva de imprensa realizada no \u00faltimo dia 4, o prefeito, Gaspar, citou o aumento populacional e a refer\u00eancia de Indaiatuba na regi\u00e3o, motivos que o fizeram anunciar R$ 65 milh\u00f5es em novos investimentos na Sa\u00fade. \u201cAqui na Prefeitura nosso planejamento \u00e9 para 2035 e n\u00f3s estamos pensando n\u00e3o apenas no crescimento da popula\u00e7\u00e3o, mas tamb\u00e9m em como Indaiatuba consegue acompanhar com qualidade toda essa expans\u00e3o\u201d, comentou. \u201cS\u00f3 na UPA aumentamos do ano passado para este, 120% o n\u00famero total de atendimentos e muitos de moradores que n\u00e3o s\u00e3o daqui, que preferem o nosso servi\u00e7o pela qualidade e efici\u00eancia da nossa equipe\u201d, concluiu Gaspar.<\/p>\n\n\n\n<p><strong>Novo Hospital do Campo Bonito<\/strong><\/p>\n\n\n\n<p>Com 3.398,75m\u00b2 o novo Hospital do Campo Bonito tem valor de investimento or\u00e7ado em R$ 20.392.500,00, previs\u00e3o de entrega para 2027 e tem como objetivo absorver as demandas daquela regi\u00e3o aliviando a UPA do Jardim Morada do Sol e do Hospital Augusto de Oliveira Camargo (Haoc).<img decoding=\"async\" src=\"blob:https:\/\/imais.online\/48c12c4e-6094-41a3-987d-e4c371d08d02\"><\/p>\n\n\n\n<p><strong>Amplia\u00e7\u00e3o do Hospital Dia<\/strong><\/p>\n\n\n\n<p>O Hospital Dia ter\u00e1 3 grandes obras que integram a amplia\u00e7\u00e3o do espa\u00e7o. A primeira delas \u00e9 a revitaliza\u00e7\u00e3o da fachada para acomodar sa\u00edda e entrada de ambul\u00e2ncias e transporte coletivo, al\u00e9m de coberturas para melhor comodidade para popula\u00e7\u00e3o, com 93m\u00b2 de obra, valor de R$ 558.060,00 e previs\u00e3o de entrega para 2025.<\/p>\n\n\n\n<p>A segunda \u00e9 amplia\u00e7\u00e3o do Servi\u00e7o de Atendimento Especializado (SAE-CTA) que tem or\u00e7amento previsto de R$ 1.004.940,00 para 167,49m\u00b2 de obra com previs\u00e3o de entrega tamb\u00e9m em 2025. Ser\u00e3o ampliados consult\u00f3rios para aumentar ainda mais os atendimentos mensais, que hoje giram em torno de 1.500.<\/p>\n\n\n\n<p>A terceira obra no Hospital Dia \u00e9 o aumento de 20 leitos cir\u00fargicos de baixa complexidade composta por novos 904,05m\u00b2 de obra que recebem R$ 5.424.300,00 de investimento para ser conclu\u00eddo em 2025. Atualmente o hospital \u00e9 classificado como leito dia, onde o paciente fica no m\u00e1ximo 12 horas. Com a mudan\u00e7a este servi\u00e7o n\u00e3o tem mais tempo definido e o paciente pode ficar o tempo necess\u00e1rio para recupera\u00e7\u00e3o p\u00f3s-cir\u00fargica, ultrapassando inclusive o per\u00edodo de 24 horas.<img decoding=\"async\" src=\"blob:https:\/\/imais.online\/b0f862e6-9134-4fd0-8d28-afddd23f1e9e\"><\/p>\n\n\n\n<p><strong>Ambulat\u00f3rio de Especialidades<\/strong><\/p>\n\n\n\n<p>Anexo ao Hospital Dia, o Ambulat\u00f3rio de Especialidades realizar\u00e1 as consultas das especialidades m\u00e9dicas encaminhadas pelas unidades b\u00e1sicas de sa\u00fade de todo munic\u00edpio. Hoje s\u00e3o 42 consult\u00f3rios dispon\u00edveis e com o novo pr\u00e9dio passam para 70. A obra tem 2.850m\u00b2 com or\u00e7amento de R$ 17.100.000,00 e prazo para 2026.<\/p>\n\n\n\n<p><strong>Nova Central de Ambul\u00e2ncias<\/strong><\/p>\n\n\n\n<p>A Central de Ambul\u00e2ncias deixa a UPA do Jardim Morada do Sol com destino a regi\u00e3o do condom\u00ednio Maria Jos\u00e9 e Maria C\u00e2ndida. Com 1.110,47m\u00b2 o novo pr\u00e9dio tem valor previsto de R$ 6.662.820,00, prazo de conclus\u00e3o em 2025 e objetivo de melhorar o tempo de resposta para atendimento de urg\u00eancia.<img decoding=\"async\" src=\"blob:https:\/\/imais.online\/7e1c60f8-a50f-41eb-8c2b-b1838ec29e73\"><\/p>\n\n\n\n<p><strong>Reforma UBS 7<\/strong><\/p>\n\n\n\n<p>A UBS 7 concluiu a primeira fase de obras em outubro. A cobertura de 135,04m\u00b2 no valor de R$ 770.668,02 foi a primeira etapa, de duas, da amplia\u00e7\u00e3o da capacidade de atendimento da unidade. A segunda parte inclui amplia\u00e7\u00e3o dos consult\u00f3rios em uma obra de 102,5m\u00b2 com or\u00e7amento previsto de mais R$ 615.000,00.<\/p>\n\n\n\n<p><strong>UBS Umuarama<\/strong><\/p>\n\n\n\n<p>A unidade, que foi inaugurada no \u00faltimo dia 8, j\u00e1 est\u00e1 em funcionamento. O pr\u00e9dio projetado pela Secretaria de Planejamento Urbano e Engenharia foi constru\u00eddo em terreno localizado na rua Guayi, n\u00ba 124, no Jardim Umuarama. Com 722,85m\u00b2 de \u00e1rea constru\u00edda, al\u00e9m de oito consult\u00f3rios e de duas salas odontol\u00f3gicas, a parte de atendimento da unidade contar\u00e1 com salas para vacinas, sala de inala\u00e7\u00e3o e coleta, sala de procedimentos, ampla sala de observa\u00e7\u00e3o com banheiro acess\u00edvel, recep\u00e7\u00e3o, \u00e1rea de espera e circula\u00e7\u00e3o com banheiros masculino e femininos acess\u00edveis. As depend\u00eancias administrativas contam com sala de administra\u00e7\u00e3o, almoxarifado, sala de agentes de sa\u00fade, \u00e1rea de servi\u00e7os e \u00e1rea para rouparia. Na parte externa oferece um estacionamento pavimentado para ve\u00edculos, biciclet\u00e1rio e carga e descarga. Um jardim e passeio com acessibilidade ao pr\u00e9dio completa o projeto. O investimento na obra foi de R$ 3,3 milh\u00f5es.<\/p>\n\n\n\n<p><strong>Amplia\u00e7\u00e3o UBS Parque Corolla<\/strong><\/p>\n\n\n\n<p>A UBS do Parque Corolla contar\u00e1 com obra de amplia\u00e7\u00e3o e receber\u00e1 salas coletivas, sala de conforto, aumento da sala dos agentes comunit\u00e1rios, do refeit\u00f3rio, de dois consult\u00f3rios odontol\u00f3gicos, um novo consult\u00f3rio de psicologia, \u00e1rea de luz, vesti\u00e1rio e ainda o aumento da sala de estoque de medicamentos e sala de vacina. Ao todo s\u00e3o 279,50m\u00b2 de obra com or\u00e7amento de R$ 1.677.000,00 com previs\u00e3o de entrega para 2025.<img decoding=\"async\" src=\"blob:https:\/\/imais.online\/4abc4435-c96d-4bce-b4b9-ee38b2586e9e\"><\/p>\n\n\n\n<p><strong>Unidade de Sa\u00fade M\u00f3vel Odontol\u00f3gica<\/strong><\/p>\n\n\n\n<p>J\u00e1 pronta para iniciar os atendimentos a partir do pr\u00f3ximo ano letivo, a van adaptada conta com estrutura m\u00f3vel para atendimentos odontol\u00f3gicos no munic\u00edpio. O objetivo \u00e9 j\u00e1 tratar problemas dent\u00e1rios e realizar a preven\u00e7\u00e3o em crian\u00e7as da rede municipal de ensino visualizados atrav\u00e9s do programa Boquinha Encantada, que faz pr\u00e9-avalia\u00e7\u00f5es nas crian\u00e7as dos 4 meses aos 11 anos dentro da pr\u00f3pria escola. O valor do investimento foi de R$ 507.000,00.<img decoding=\"async\" src=\"blob:https:\/\/imais.online\/c039570e-e979-4fd6-a39a-93768d541a63\"><\/p>\n\n\n\n<p><strong>Ambulat\u00f3rio de Sa\u00fade da Mulher e da Crian\u00e7a<\/strong><\/p>\n\n\n\n<p>A unidade que cuida da sa\u00fade da mulher e do p\u00fablico infantil ser\u00e1 adaptada na antiga farm\u00e1cia unificada na Rua Regente Feij\u00f3, 187, onde ter\u00e1 mais espa\u00e7o f\u00edsico para ampliar o atendimento da comunidade. A reforma do pr\u00e9dio tem previs\u00e3o para ser conclu\u00edda em dezembro de 2023 e tem custo de R$ 268 mil.<\/p>\n\n\n\n<p><strong>Banco de Leite\/Nascer Bem<\/strong><\/p>\n\n\n\n<p>O Nascer Bem agora ter\u00e1 um pr\u00e9dio para chamar de seu, a antiga UBS do Jd. do Sol recebe as equipes que cuidam das gestantes do munic\u00edpio e fazem todo o acompanhamento no pr\u00e9 e p\u00f3s-natal. O Banco de Leite \u00e9 uma novidade tamb\u00e9m para 2024, saindo do Haoc, o servi\u00e7o de leite se instala no pr\u00e9dio, com a doa\u00e7\u00e3o de equipamentos do Rotary Club. Neste local ser\u00e1 poss\u00edvel captar, armazenar e distribuir leite materno para toda a popula\u00e7\u00e3o. A obra de reforma do pr\u00e9dio custa em torno de R$ 250 mil.<\/p>\n\n\n\n<p><strong>Amplia\u00e7\u00e3o do Espa\u00e7o Avan\u00e7ar<\/strong><\/p>\n\n\n\n<p>Com empenho proveniente da Secretaria Municipal de Educa\u00e7\u00e3o, a amplia\u00e7\u00e3o do Espa\u00e7o Avan\u00e7ar tem como foco aumentar a capacidade de atendimentos para crian\u00e7as com o transtorno do espectro autista (TEA). A obra tem custo de R$ 1.657.922,82 e tem prazo para ser finalizada em 2024.<\/p>\n\n\n\n<p><strong>UBS Bela Vista<\/strong><\/p>\n\n\n\n<p>Uma nova unidade b\u00e1sica de sa\u00fade ser\u00e1 constru\u00edda na regi\u00e3o do Jardim Bela Vista, trata-se de uma contrapartida do empreendimento C\u00e9u Azul e tem por objetivo atender a popula\u00e7\u00e3o daquela regi\u00e3o. O prazo de finaliza\u00e7\u00e3o \u00e9 2025 com investimento de R$ 5.565.938,82.<img decoding=\"async\" src=\"blob:https:\/\/imais.online\/e087e66d-ab83-49bf-a94a-6391a82a0b43\">Foto: Alex Jegorow RIC\/PMI<\/p>\n\n\n\n<p><strong>Oncologia<\/strong><\/p>\n\n\n\n<p>Outra importante novidade em 2023 foi o credenciamento definitivo da cidade na Unacom para tratamentos de pacientes com c\u00e2ncer. O documento que habilita o munic\u00edpio para o atendimento oncol\u00f3gico integral, incluindo a quimioterapia foi publicado em portaria pelo Minist\u00e9rio da Sa\u00fade no dia 2 de outubro e substitui o credenciamento tempor\u00e1rio emitido pela Secretaria de Estado.<\/p>\n\n\n\n<p>Neste ano houve um aumento significativo na quantidade de atendimentos na oncologia municipal. No total foram realizados 4.471 atendimentos, que representam um aumento de 11% em rela\u00e7\u00e3o ao ano passado. J\u00e1 as sess\u00f5es de quimioterapia realizadas em Indaiatuba subiram 140%, saindo de 1.301 para 3.130. As cirurgias oncol\u00f3gicas tamb\u00e9m cresceram 177%, de 216 para 599.<img decoding=\"async\" src=\"blob:https:\/\/imais.online\/bd28f48c-15d9-41dc-ab60-2d0c6da82365\">Foto: Divulga\u00e7\u00e3o<\/p>\n\n\n\n<p><strong>Sa\u00fade Bucal<\/strong><\/p>\n\n\n\n<p>O Departamento de Sa\u00fade Bucal tamb\u00e9m foi destaque em 2023. Com a retomada do projeto Boquinha Encantada e da Escova\u00e7\u00e3o Supervisionada nas escolas municipais, o setor contabilizou 116.216 a\u00e7\u00f5es ao longo do ano, que incluem tamb\u00e9m restaura\u00e7\u00f5es, limpezas, cirurgias, tratamentos de canal, tratamentos de gengiva, pr\u00f3teses dent\u00e1rias e atendimentos no geral. At\u00e9 a \u00faltima atualiza\u00e7\u00e3o desta mat\u00e9ria, 1.653 pr\u00f3teses foram entregues para a popula\u00e7\u00e3o, contemplando um total de 974 pessoas.&nbsp;<img decoding=\"async\" src=\"blob:https:\/\/imais.online\/395a1d34-7fd8-464e-bd2c-0ddecea8f544\">Foto: Alex Jegorow RIC\/PMI<\/p>\n\n\n\n<p><strong>+ Atendimentos<\/strong><\/p>\n\n\n\n<p>No geral, todos os atendimentos que envolvem a Sa\u00fade de Indaiatuba tiveram aumentos importantes neste ano de 2023. As consultas com m\u00e9dicos chegaram em patamar recorde, com 216.721 consultas em todo ano, um aumento de mais de 2% em rela\u00e7\u00e3o ao ano passado. Procedimentos com enfermeiros tamb\u00e9m subiram a mesma porcentagem, passando em 2023 para 575.742 consultas\/procedimentos.<\/p>\n\n\n\n<p>O maior destaque nos atendimentos foi a UPA-24H, no Jardim Morada do Sol, que neste ano realizou 417.032 atendimentos, o que corresponde a um aumento de mais de 120% em rela\u00e7\u00e3o a 2022, quando foram feitos 189.214 atendimentos.<\/p>\n\n\n\n<p>J\u00e1 os dados do Hospital Augusto de Oliveira Camargo (Haoc) foram levantados pela assessoria de imprensa do Hospital e passados para esta reda\u00e7\u00e3o. Em 2023 foram realizados 771.150 atendimentos ao longo do ano, sendo 169.968 atendimentos no Pronto Socorro, 978 endoscopias\/colonoscopia, 4.445 anatomo patol\u00f3gico, 8.918 na cardiologia, 95 hiperb\u00e1ricas, 17.767 na oftalmologia, 3.908 quimioterapias, 1.647 partos, 12.156 interna\u00e7\u00f5es, 3.505 procedimentos cir\u00fargicos, 451.841 exames laboratoriais e mais 95.922 exames de imagem.<\/p>\n\n\n\n<p>Os procedimentos e consultas em Pronto Socorro, tanto na UPA, quanto no Haoc, neste ano chegaram na marca de 1,1 milh\u00e3o, j\u00e1 os procedimentos e consultas especializadas, excluindo dados do Haoc, UPA e Laborat\u00f3rio, atingiram a marca de 1 milh\u00e3o de procedimentos realizados. Tratamentos em nefrologia (hemodi\u00e1lise entre outros), para quem tem problemas nos rins subiram 12% e chegaram em 16.056 atendimentos em 2023.<\/p>\n\n\n\n<p>Os agentes comunit\u00e1rios de sa\u00fade tamb\u00e9m ampliaram os atendimentos domiciliares em Indaiatuba. Com um aumento de 3% foram realizadas no total neste ano 34.296 visitas.<img decoding=\"async\" src=\"blob:https:\/\/imais.online\/54cdb663-6627-4d40-991b-d2863753ca27\">Foto: L\u00e9o Cruz RIC\/PMI<\/p>\n\n\n\n<p><strong>+ Consultas e exames<\/strong><\/p>\n\n\n\n<p>Indaiatuba apresentou em 2023 uma alta consider\u00e1vel na realiza\u00e7\u00e3o de exames, tanto laboratoriais como de imagem. Em n\u00fameros, neste ano foram realizados 1,6 milh\u00e3o de exames laboratoriais, um aumento de 39% em rela\u00e7\u00e3o ao ano passado, quando foram feitos 1,1 milh\u00e3o.<\/p>\n\n\n\n<p>Quanto aos exames de imagem, mais aumentos foram registrados. Endoscopia subiu 396%, saindo de 1.114 exames realizados em 2022 para 5.529 neste ano. Quanto as Radiologias, aumento de 26%, o que corresponde a um total de 111.651 procedimentos neste ano. Resson\u00e2ncias Magn\u00e9ticas subiram 76% na compara\u00e7\u00e3o com ano passado, chegando em 2023 a 4.269 exames. Tomografias cresceram 77% em Indaiatuba, passando de 3.897 em 2022 para 6.930 em 2023. Ultrassonografias tamb\u00e9m subiram, de 32.073 para 37.627, um aumento de 17% comparado ao ano passado. Eletrocardiogramas subiram 19%, de 25.262 para 30.314 e mamografias 39%, de 5.392 para 7.505.<\/p>\n\n\n\n<p><strong>+ Cirurgias<\/strong><\/p>\n\n\n\n<p>A Secretaria de Sa\u00fade tamb\u00e9m ampliou as cirurgias realizadas em 2023. Ao todo, neste ano foram feitas 4.190 cirurgias eletivas, tanto no Hospital Dia como no Hospital Augusto de Oliveira Camargo (Haoc), um aumento de 12% em rela\u00e7\u00e3o ao ano passado. Outras 2.483 cirurgias de urg\u00eancia tamb\u00e9m foram realizadas no Haoc e mais 5.221 pequenas cirurgias ambulatoriais no Hospital Dia.<\/p>\n\n\n\n<p><strong>Investimento<\/strong><strong><\/strong><\/p>\n\n\n\n<p>A Prefeitura de Indaiatuba investe aproximadamente 28% de sua renda em sa\u00fade, sendo que o m\u00ednimo exigido pela Lei de Responsabilidade Fiscal \u00e9 de 15% (Art.198 CF\/1988 Art.7\u00ba &#8211; Lei Complementar 141 de 2012). O or\u00e7amento inicial da Sa\u00fade em 2023 foi de R$ 384.162.000,00 e o valor anual por habitante investido na sa\u00fade municipal \u00e9 de R$ 1.473,63. Dos valores investidos na Sa\u00fade quem contribui com a maior parcela \u00e9 a Prefeitura de Indaiatuba que fica com 80,01% do or\u00e7amento, o Governo Federal contribui com 19,18% do montante e o Governo do Estado 0,81%.<\/p>\n\n\n\n<p>O or\u00e7amento municipal previsto para 2024 na \u00e1rea da sa\u00fade ser\u00e1 de R$ 410.240.000,00, 6,7% a mais do que no ano passado.<\/p>\n\n\n\n<p><strong>Boa Vis\u00e3o, Boa Educa\u00e7\u00e3o<\/strong><\/p>\n\n\n\n<p>A Prefeitura de Indaiatuba e a Funda\u00e7\u00e3o Oftalmol\u00f3gica Dr. Rubem Cunha, com apoio do Governo do Estado por meio do Condeca-SP (Conselho Estadual dos Direitos da Crian\u00e7a e do Adolescente) lan\u00e7aram em abril o programa Boa Vis\u00e3o, Boa Educa\u00e7\u00e3o.&nbsp; Nesse programa, as crian\u00e7as da rede municipal de ensino dos 3 aos 7 anos, em um total de 9.289, passam por consultas oftalmol\u00f3gicas gratuitas, para que sejam identificadas poss\u00edveis doen\u00e7as que possam afetar a vida escolar daquele aluno. Em casos severos, se necess\u00e1rio, a crian\u00e7a inda pode receber um \u00f3culos, totalmente gratuito pela Funda\u00e7\u00e3o. At\u00e9 o momento, mais de 7.300 alunos passaram pela Avalia\u00e7\u00e3o de Acuidade Visual, sendo que 1.549 foram encaminhados para consulta e 297 \u00f3culos de grau foram doados.<\/p>\n\n\n\n<p><strong>Oftalmologia<\/strong><\/p>\n\n\n\n<p>Somente at\u00e9 o fim de outubro de 2023 na produ\u00e7\u00e3o ambulatorial foram realizados 17.503 procedimentos de biomicroscopia de fundo de olho, 2.035 biometrias ultrass\u00f4nicas (monoculares), 396 gonioscopias, 10.400 mapeamentos de retina, 10.683 tonometrias, 1.447 tomografias de coer\u00eancia \u00f3ptica, 25.277 consultas m\u00e9dicas em aten\u00e7\u00e3o especializada.<\/p>\n\n\n\n<p>A produ\u00e7\u00e3o hospitalar em termos de oftalmologia em Indaiatuba realizou em 2023, 848 implantes de lente intra-ocular dobr\u00e1vel, entre outros procedimentos como ex\u00e9rese de cal\u00e1zio e outras pequenas les\u00f5es de p\u00e1lpebra, reposicionamento de lente intra-ocular, implante de lente intra-ocular r\u00edgida, implante de pr\u00f3etese anti-glaucomatosa, trabeculectomia, entre outros.<img decoding=\"async\" src=\"blob:https:\/\/imais.online\/f28e436d-c7ed-47a3-8c25-b9e9853d4eb9\">Foto: Eliandro Figueira RIC\/PMI<\/p>\n\n\n\n<p><strong>Centro Integrado Veredas da Conquista<\/strong><\/p>\n\n\n\n<p>Em julho, o prefeito de Indaiatuba, Nilson Gaspar, inaugurou no \u00faltimo s\u00e1bado o Centro Integrado Veredas da Conquista Valdir de Carvalho. O espa\u00e7o \u00e9 utilizado pelas secretarias de Assist\u00eancia Social e de Sa\u00fade para os moradores da regi\u00e3o.A Sa\u00fade utiliza o espa\u00e7o duas vezes por semana, na quinta e na sexta, como uma forma de extens\u00e3o da UBS do Parque Indai\u00e1 \u2013 atual refer\u00eancia para os moradores do Veredas da Conquista \u2013 oferecendo consultas m\u00e9dicas, procedimentos b\u00e1sicos de enfermagem e outras atividades que j\u00e1 s\u00e3o realizadas na unidade de sa\u00fade.<\/p>\n\n\n\n<p><strong>Derefim e Aparelhos Auditivos<\/strong><\/p>\n\n\n\n<p>O Derefim (Departamento de Reabilita\u00e7\u00e3o F\u00edsica e Mental) realiza tratamento nas \u00e1reas de reabilita\u00e7\u00e3o f\u00edsica, auditiva e intelectual. No local h\u00e1 consultas nas especialidades: Fonoaudiologia, Fisioterapia, Terapia Ocupacional, Psicologia, Psico-Pedagogia, Servi\u00e7o Social e Visitas Domiciliares.<\/p>\n\n\n\n<p>O Departamento tamb\u00e9m realiza periodicamente a entrega de aparelhos auditivos para a popula\u00e7\u00e3o. Com o custeio do Fundo Social (Funssol), essas entregas ocorrem sempre acompanhadas do prefeito, Nilson Gaspar, da popula\u00e7\u00e3o e de um representante da empresa, que explica o funcionamento do produto. Desde o in\u00edcio do ano, 444 aparelhos j\u00e1 foram entregues para um total de 222 pacientes, que abriram processo administrativo na Prefeitura Municipal. Esse investimento, custeado pelo Funssol, representa R$ 322 mil.<img decoding=\"async\" src=\"blob:https:\/\/imais.online\/5eddc352-c1a3-4095-9d34-715042f8739b\">Foto: Divulga\u00e7\u00e3o RIC\/PMI<\/p>\n\n\n\n<p><strong>Assist\u00eancia Farmac\u00eautica e entrega de medicamentos a domic\u00edlio<\/strong><\/p>\n\n\n\n<p>Neste ano a tradicional Farm\u00e1cia Unificada mudou de endere\u00e7o com o objetivo de ampliar ainda mais a capacidade de atendimento e a comodidade para a popula\u00e7\u00e3o. O novo pr\u00e9dio, localizado pr\u00f3ximo a Prefeitura, no Jardim Esplanada 2, foi entregue em agosto.<\/p>\n\n\n\n<p>A Assist\u00eancia Farmac\u00eautica \u00e9 ela quem d\u00e1 orienta\u00e7\u00e3o e distribui\u00e7\u00e3o de medica\u00e7\u00e3o para os usu\u00e1rios SUS al\u00e9m de realizar avalia\u00e7\u00f5es de processos de compra de medicamentos. A Prefeitura possui a Farm\u00e1cia Unificada da Morada do Sol; a Farm\u00e1cia Unificada, agora no Jardim Esplanada 2; a Farm\u00e1cia Judicial; a Farm\u00e1cia de Alto Custo e outras unidades farmac\u00eauticas em todas as UBSs do munic\u00edpio e na UPA-24H.<\/p>\n\n\n\n<p>Somente em 2023 foram contabilizados 196.924 atendimentos nas farm\u00e1cias da Morada do Sol, Unificada, Alto Custo e Judicial. O total de doses\/medica\u00e7\u00f5es dispensadas nessas unidades foi de 18,8 milh\u00f5es e o valor dispensado como investimento no per\u00edodo foi de R$ 3,9 milh\u00f5es.<\/p>\n\n\n\n<p>Indaiatuba tamb\u00e9m \u00e9 pioneira em oferecer a entrega de medicamentos a domic\u00edlio na regi\u00e3o. Este servi\u00e7o \u00e9 para todos os pacientes acima dos 60 anos e tamb\u00e9m para aqueles que apresentam comorbidades e n\u00e3o conseguem se deslocar at\u00e9 a unidades de sa\u00fade. Neste ano 18 mil entregas foram realizadas que beneficiaram em torno de 6 mil pessoas.<img decoding=\"async\" src=\"blob:https:\/\/imais.online\/61ee9a85-e4e7-40c0-b7c4-35fe385e4cab\">Foto: Eliandro Figueira RIC\/PMI<\/p>\n\n\n\n<p><strong>Raio X Digital<\/strong><\/p>\n\n\n\n<p>A Prefeitura finalizou a instala\u00e7\u00e3o no come\u00e7o do ano dos \u00faltimos dois novos equipamentos de raio X digital, no Centro de Especialidades (Centro de Oncologia) e no Hospital Dia. O terceiro equipamento est\u00e1 sendo utilizado na UPA-24H desde 2022. Este \u00faltimo, o modelo \u00e9 o primeiro a ser adquirido no estado de S\u00e3o Paulo e o 5\u00ba no Brasil. A utiliza\u00e7\u00e3o de equipamentos radiol\u00f3gicos digitais torna os exames r\u00e1pidos, pr\u00e1ticos e sustent\u00e1veis.<\/p>\n\n\n\n<p>Os tr\u00eas novos equipamentos adquiridos no final do ano passado oferecem agilidade no atendimento, al\u00e9m de agirem na preserva\u00e7\u00e3o do meio ambiente, pois n\u00e3o h\u00e1 o uso de reagentes qu\u00edmicos para revela\u00e7\u00e3o de exames por imagem digital. Estima-se que haja uma economia de mais de R$ 100 mil por ano. O aparelho em funcionamento na UPA \u00e9 um equipamento m\u00f3vel, ou seja, os pacientes n\u00e3o precisam se deslocar at\u00e9 uma sala apenas para a realizar o raio X, o equipamento vai at\u00e9 eles e pode inclusive realizar o exame com a pessoa sentada ou deitada. Os dois equipamentos instalados no Centro de Especialidades e no Hospital Dia s\u00e3o modelos digitais, por\u00e9m fixos (n\u00e3o se movimentam).<\/p>\n\n\n\n<p>Com a implanta\u00e7\u00e3o, existe ainda um aumento na qualidade das imagens, com o raio X digital, o que pode evitar reincid\u00eancias e, consequentemente, deixa de expor o paciente desnecessariamente \u00e0 radia\u00e7\u00e3o ionizante. Com isso, o fluxo de atendimento se torna mais produtivo e r\u00e1pido, porque n\u00e3o h\u00e1 a necessidade de repeti\u00e7\u00e3o de exames. Isso significa que mais pacientes podem ser atendidos por dia. Estudos prim\u00e1rios apontam um aumento de 40% da capacidade de atendimento com a implanta\u00e7\u00e3o dos equipamentos digitais.<img decoding=\"async\" src=\"blob:https:\/\/imais.online\/438dad0c-0a3e-4686-aec3-0621b88c9046\">Foto: Eliandro Figueira RIC\/PMI<\/p>\n\n\n\n<p><strong>Espa\u00e7o Avan\u00e7ar<\/strong><\/p>\n\n\n\n<p>O Espa\u00e7o Avan\u00e7ar assegura um modelo para atendimento integrado e multidisciplinar aos autistas do munic\u00edpio. Trata-se de uma a\u00e7\u00e3o que envolve as Secretarias de Assist\u00eancia Social, Educa\u00e7\u00e3o, Esportes e Sa\u00fade, na qual a Secretaria Municipal de Assist\u00eancia Social disponibiliza um profissional de servi\u00e7o social, para a realiza\u00e7\u00e3o de oficina de artesanato, oficina de psicomotricidade nas atividades de vida di\u00e1ria, oficina de socializa\u00e7\u00e3o e oficina de potencializa\u00e7\u00e3o.<\/p>\n\n\n\n<p>Atualmente, o Espa\u00e7o Avan\u00e7ar atende 215 fam\u00edlias de v\u00e1rios perfis de idade, variando de 3 a 14 anos. O pr\u00e9dio conta com salas de aulas, salas de terapias, piscina adaptada e aquecida, casa pedag\u00f3gica, gin\u00e1sio e campo de futebol em parceria de uso com a Secretaria de Espertos. Anualmente s\u00e3o realizados mais de 8 mil atendimentos entre esporte adaptado, psicologia, terapia ocupacional, fisioterapia, fonoaudiologia, psiquiatria e cuidado com pais e respons\u00e1veis.<\/p>\n\n\n\n<p>Ao todo trabalham diretamente no Espa\u00e7o Avan\u00e7ar 38 profissionais da Sa\u00fade e Educa\u00e7\u00e3o, sendo todos acumulam capacita\u00e7\u00f5es, especializa\u00e7\u00f5es e atualiza\u00e7\u00f5es voltadas ao cuidado de pessoas com espectro autista (TEA).<\/p>\n\n\n\n<p><strong>DignaMente \u2013 Sa\u00fade Mental<\/strong><\/p>\n\n\n\n<p>Em maio a Secretaria de Sa\u00fade lan\u00e7ou o projeto DignaMente, um projeto de atendimento coletivo sobre sa\u00fade mental, aos s\u00e1bados. O objetivo do Projeto \u00e9 avan\u00e7ar com o atendimento psicol\u00f3gico no munic\u00edpio promovendo rodas de conversa sobre estrat\u00e9gias de manejo de sintomas depressivos\/ansiosos e outras condi\u00e7\u00f5es importantes em Sa\u00fade Mental. A op\u00e7\u00e3o por uma atividade em grupo \u00e9 para que o di\u00e1logo coletivo seja favorecido, construindo uma rela\u00e7\u00e3o de suporte m\u00fatuo entre os participantes do projeto.<\/p>\n\n\n\n<p>Ao longo deste ano, passaram 417 pessoas pelos atendimentos em grupo, que foram acompanhados pelos profissionais da Secretaria de Sa\u00fade.<\/p>\n\n\n\n<p><strong>ABC da Gesta\u00e7\u00e3o<\/strong><\/p>\n\n\n\n<p>As gestantes tamb\u00e9m n\u00e3o ficaram de projetos novos neste ano. Em maio a Sa\u00fade lan\u00e7ou o ABC da Gesta\u00e7\u00e3o, um curso gratuito para as futuras mam\u00e3es e papais de Indaiatuba. A finalidade do projeto, que \u00e9 uma indica\u00e7\u00e3o do vereador e m\u00e9dico pediatra, Dr. Othniel Harfuch, \u00e9 oferecer orienta\u00e7\u00f5es e preparar a fam\u00edlia para vivenciar e participar ativamente de todo o processo que envolve a maternidade, paternidade e planejamento familiar, promovendo sa\u00fade atrav\u00e9s da informa\u00e7\u00e3o, desmistificando temas pol\u00eamicos, estabelecendo uma rela\u00e7\u00e3o entre gestante e a rede de apoio da sa\u00fade p\u00fablica, promovendo a rela\u00e7\u00e3o com os profissionais da sa\u00fade e proporcionando uma fase de aprendizado e intera\u00e7\u00e3o com outras gestantes para o compartilhamento de sentimentos e ideias.<\/p>\n\n\n\n<p>Neste ano foram realizados dois ciclos de turmas, a \u00faltima finalizada em 12 de dezembro. Ao todo foram 160 gestantes que passaram pelas palestras, que duram cerca de cinco semanas.<img decoding=\"async\" src=\"blob:https:\/\/imais.online\/71119937-07fb-4053-8514-c279def4391e\">Foto: Alex Jegorow RIC\/PMI<\/p>\n\n\n\n<p><strong>Programa Nascer Bem<\/strong><\/p>\n\n\n\n<p>O Programa Nascer Bem \u00e9 desenvolvido em Indaiatuba desde maio de 1998, completando em 2023, 25 anos. Ele consiste em visitas hospitalares e atendimentos na sala de amamenta\u00e7\u00e3o, localizada no Derefim, para todas as pu\u00e9rperas do munic\u00edpio, com o objetivo de conscientiz\u00e1-las e incentiv\u00e1-las a amamentar e manter essa amamenta\u00e7\u00e3o exclusiva at\u00e9 pelo menos os seis meses de vida da crian\u00e7a. A proposta do programa tamb\u00e9m \u00e9 orientar os cuidados b\u00e1sicos do seu filho e agendar a primeira consulta do beb\u00ea com os servi\u00e7os de sa\u00fade ap\u00f3s alta hospitalar. Neste momento \u00e9 agendado o Teste da Orelhinha, Pezinho e realizada a primeira vacina do beb\u00ea, a BCG.<\/p>\n\n\n\n<p>Somente neste ano, 2.266 atendimentos hospitalares foral realizados, outros 1.081 aconteceram na Sala de Apoio de Amamenta\u00e7\u00e3o, 1.789 testes do pezinho foram feitos, 2040 vacinas da BCG foram aplicadas, 17 palestras e rodas de conversas aconteceram e mais 17 treinamentos com a equipe tamb\u00e9m foram registrados ao longo de 2023.<\/p>\n\n\n\n<p>A sala de amamenta\u00e7\u00e3o do Programa Nascer Bem est\u00e1 dispon\u00edvel de segunda a sexta-feira, das 8h \u00e0s 17h e fica localizada no Derefim, Av. Eng. F\u00e1bio Roberto Barnab\u00e9, 6271, Jardim Morada do Sol. As consultas devem ser agendadas por WhatsApp (19) 99786-7534.<\/p>\n\n\n\n<p><strong>100% Sa\u00fade<\/strong><\/p>\n\n\n\n<p>O 100% Sa\u00fade foi criado em 2015 para atender os pacientes com sobrepeso ou obesidade m\u00f3rbida interessados em fazer reeduca\u00e7\u00e3o alimentar ou cirurgia bari\u00e1trica (de redu\u00e7\u00e3o do est\u00f4mago) em busca do bem-estar f\u00edsico e mental. Palestras acontecem durante todo o ano, sempre \u00e0s quartas-feiras no audit\u00f3rio da C\u00e2mara, com o objetivo de trabalhar o tema da obesidade e sobrepeso com a popula\u00e7\u00e3o. As palestras s\u00e3o gratuitas, e ocorrem em parceria com os profissionais da UniMAX e da Unicamp.<\/p>\n\n\n\n<p>Neste ano de 2023, 4.889 pessoas participaram de pelo menos um dos encontros semanais e juntos eliminaram 1,27 toneladas. Desde o in\u00edcio do Projeto, 14,28 toneladas j\u00e1 foram eliminadas pelos participantes, que relatam extrema satisfa\u00e7\u00e3o com todo trabalho realizado pelo 100% Sa\u00fade.<img decoding=\"async\" src=\"blob:https:\/\/imais.online\/011f47bf-6e6a-4be5-9da0-71c6e52d863e\">Foto: Divulga\u00e7\u00e3o UniMAX<\/p>\n\n\n\n<p><strong>Dengue<\/strong><\/p>\n\n\n\n<p>O combate \u00e0 dengue em Indaiatuba \u00e9 levado muito a s\u00e9rio. Em agosto a Secretaria de Sa\u00fade firmou parceria com a AEAI (Associa\u00e7\u00e3o dos Engenheiros, Arquitetos e Agr\u00f4nomos de Indaiatuba), para o projeto Dengue na Constru\u00e7\u00e3o. O objetivo do Programa \u00e9 levar para construtoras, empresas do ramo da constru\u00e7\u00e3o civil, el\u00e9trica, hidr\u00e1ulica e cong\u00eaneres, escrit\u00f3rios de engenharia e arquitetura, dicas de boas pr\u00e1ticas no combate ao mosquito&nbsp;<em>Aedes aegypti<\/em>, transmissor de doen\u00e7as como dengue, zika e chikungunya. Desde sua implanta\u00e7\u00e3o 5 empresas foram visitadas pelos agentes.<\/p>\n\n\n\n<p>Em julho, o Centro de Opera\u00e7\u00f5es contra Dengue de Indaiatuba recebeu a visita de t\u00e9cnicos da Secretaria Estadual de Sa\u00fade, que vieram conhecer o Sistema de Monitoramento de Dados, \u00fanico sistema integrado de todo Estado de S\u00e3o Paulo. Na ocasi\u00e3o, o coordenador do Programa Municipal de Controle da Dengue, Ulisses Bernardinetti, acompanhou os profissionais que vieram para entender melhor o Sistema com o objetivo de aplica-lo em todo Estado.<\/p>\n\n\n\n<p>Indaiatuba \u00e9 refer\u00eancia no combate \u00e0 Dengue devido ao Sistema de Monitoramento Integrado de Dados, que cruza informa\u00e7\u00f5es do Sinan (Sistema de Informa\u00e7\u00e3o de Agravos de Notifica\u00e7\u00e3o, do Minist\u00e9rio da Sa\u00fade) e do Sisaweb (Sistema de Informa\u00e7\u00e3o de Vigil\u00e2ncia em Sa\u00fade, do Governo do Estado de S\u00e3o Paulo). Tal instrumento permite aos t\u00e9cnicos de Indaiatuba localizarem os locais com mais incid\u00eancia de casos poss\u00edveis de dengue e conseguir atingi-los de forma antecipada para que a doen\u00e7a acabe n\u00e3o se alastrando em uma certa regi\u00e3o. O cruzamento de dados do Estado e do Minist\u00e9rio da Sa\u00fade com o Sistema municipal \u00e9 o \u00fanico em opera\u00e7\u00e3o em todo Estado de S\u00e3o Paulo.<\/p>\n\n\n\n<p>As a\u00e7\u00f5es da dengue s\u00e3o constantes, por isso, ao longo do ano 81.508 im\u00f3veis foram visitados pelas equipes de controle da doen\u00e7a, al\u00e9m das dispers\u00f5es do larvicida biol\u00f3gico que ocorreu em praticamente todo territ\u00f3rio municipal, afim de eliminar poss\u00edveis criadouros.<img decoding=\"async\" src=\"blob:https:\/\/imais.online\/22945ded-49ea-4cdf-9ee9-7b9aad4c78cd\">Foto: Eliandro Figueira RIC\/PMI<\/p>\n\n\n\n<p><strong>Rastreio do DNA do HPV<\/strong><\/p>\n\n\n\n<p>Desde 2018, a Prefeitura Municipal de Indaiatuba instituiu no Sistema \u00danico de Sa\u00fade (SUS) o rastreamento exclusivamente por meio do teste de DNA do HPV, substituindo definitivamente o Papanicolau. Poucas cidades no mundo fizeram o mesmo, o que rendeu para Indaiatuba t\u00edtulos importantes em revistas internacionais, como a The Lancet, do Reino Unido.<\/p>\n\n\n\n<p>O vice-prefeito e m\u00e9dico ginecologista, Dr. T\u00falio, comentou o fato de Indaiatuba ser o \u00fanico pa\u00eds da Am\u00e9rica Latina a substituir em sa\u00fade p\u00fablica o exame citol\u00f3gico pelo de rastreio do DNA de HPV. \u201c\u00c9 poss\u00edvel acabar com o c\u00e2ncer de colo de \u00fatero. O teste DNA de HPV \u00e9 eficaz, seguro e pode antever o diagn\u00f3stico do c\u00e2ncer antes de ele se tornar um, coisa que o Papanicolau s\u00f3 vai acusar em est\u00e1gios de les\u00f5es pr\u00e9-cancer\u00edgenas, ou seja, no momento em que o c\u00e2ncer estiver j\u00e1 presente. Em Indaiatuba, n\u00f3s estamos muito felizes em ser a primeira cidade da Am\u00e9rica Latina a oferecer para toda popula\u00e7\u00e3o este exame diagn\u00f3stico totalmente gratuito. Nosso objetivo \u00e9 acabar com o c\u00e2ncer de colo de \u00fatero no munic\u00edpio em um futuro n\u00e3o t\u00e3o distante\u201d, comentou o vice-prefeito.<\/p>\n\n\n\n<p>Somente em 2023, 3.494 mulheres realizaram o exame diagn\u00f3stico em Indaiatuba em parceria com a Unicamp e com a empresa Roche. Ao todo, desde o in\u00edcio do Programa, 26.296 coletas j\u00e1 foram efetuadas no munic\u00edpio.<\/p>\n\n\n\n<p><strong>Pr\u00eamios por boas pr\u00e1ticas no combate ao HIV e s\u00edfilis<\/strong><\/p>\n\n\n\n<p>Indaiatuba recebeu em outubro pela terceira vez, o Pr\u00eamio Luiza Matida, em decorr\u00eancia do resultado positivo nas a\u00e7\u00f5es para eliminar a transmiss\u00e3o vertical do v\u00edrus HIV, ou seja, a contamina\u00e7\u00e3o passada de m\u00e3e para filho, durante a gravidez ou durante o parto.<\/p>\n\n\n\n<p>A premia\u00e7\u00e3o foi recebida pelo Programa Municipal IST\/Aids, vinculado \u00e0 Secretaria de Sa\u00fade, por manter as a\u00e7\u00f5es de preven\u00e7\u00e3o, diagn\u00f3stico oportuno e tratamento adequado dos casos identificados al\u00e9m de promover o direito \u00e0 sa\u00fade reprodutiva das mulheres de forma segura.<\/p>\n\n\n\n<p>Tais a\u00e7\u00f5es tamb\u00e9m renderam a Certifica\u00e7\u00e3o da Elimina\u00e7\u00e3o da Transmiss\u00e3o Vertical do HIV e o Selo Bronze de Boas Pr\u00e1ticas rumo a Elimina\u00e7\u00e3o da Transmiss\u00e3o Vertical da s\u00edfilis, atrav\u00e9s do Minist\u00e9rio da Sa\u00fade, em cerim\u00f4nia que aconteceu em Bras\u00edlia \u2013 DF em 8 de dezembro.<\/p>\n\n\n\n<p>O Minist\u00e9rio da Sa\u00fade trabalhou dados de 2020, 2021, 2022 e 2023 para HIV onde a Sa\u00fade municipal n\u00e3o registrou o nascimento de crian\u00e7as com a doen\u00e7a. Para s\u00edfilis cong\u00eanita, os anos de 2021 e 2022 foram considerados, onde Indaiatuba saiu de 24 casos confirmados em 2021 para apenas 12 casos em 2022, uma redu\u00e7\u00e3o de 50%.<img decoding=\"async\" src=\"blob:https:\/\/imais.online\/10cbae42-4bb3-46b0-a98e-c1b936114fc1\">Foto: Divulga\u00e7\u00e3o RIC\/PMI<\/p>\n\n\n\n<p><strong>Vigil\u00e2ncia Epidemiol\u00f3gica<\/strong><strong><\/strong><\/p>\n\n\n\n<p>As a\u00e7\u00f5es do Departamento de Vigil\u00e2ncia Epidemiol\u00f3gica abrangem: vacina\u00e7\u00f5es; coordena\u00e7\u00e3o das campanhas nacionais de vacina\u00e7\u00e3o; realiza\u00e7\u00e3o de treinamentos e capacita\u00e7\u00f5es para empresas, servi\u00e7os de sa\u00fade e profissionais de sa\u00fade; investiga\u00e7\u00e3o de \u00f3bitos; agravos e doen\u00e7as de notifica\u00e7\u00e3o compuls\u00f3ria; entre outras a\u00e7\u00f5es administrativas.<\/p>\n\n\n\n<p>Em 2023 Indaiatuba aplicou 103.147 vacinas do Calend\u00e1rio Nacional de Vacina\u00e7\u00e3o, entre elas a mais aplicada foi a da febre amarela com 5.155 doses e da vacina tr\u00edplice viral (sarampo, caxumba e rub\u00e9ola) com 4.680 doses. Com rela\u00e7\u00e3o \u00e0 vacina contra a Covid-19 foram 62.731 doses (entre esquemas prim\u00e1rios e refor\u00e7os). A Campanha da Influenza (gripe) foram vacinados um total de 84.328 pessoas de todos os grupos priorit\u00e1rios al\u00e9m da popula\u00e7\u00e3o em geral. No total 250.206 doses at\u00e9 o fechamento desta mat\u00e9ria.<\/p>\n\n\n\n<p>Outra a\u00e7\u00e3o acompanhada pelo Departamento de Vigil\u00e2ncia Epidemiol\u00f3gica foi a retomada da rotina de vacina\u00e7\u00e3o contra raiva animal. Neste ano, a UniMAX agiu como parceira e juntos vacinaram 3.787 animais, sendo 3.140 c\u00e3es e mais 647 gatos.<img decoding=\"async\" src=\"blob:https:\/\/imais.online\/da53b3c9-a88c-4e89-922c-ddeb62ab3617\"><\/p>\n\n\n\n<p>Foto: Eliandro Figueira RIC\/PMI<\/p>\n\n\n\n<p><strong>Vigil\u00e2ncia Sanit\u00e1ria<\/strong><strong><\/strong><\/p>\n\n\n\n<p>J\u00e1 o departamento de Vigil\u00e2ncia Sanit\u00e1ria \u00e9 respons\u00e1vel pelo controle e fiscaliza\u00e7\u00e3o de bens de consumo e de com\u00e9rcios que, diretamente ou indiretamente, possam oferecer algum risco \u00e0 sa\u00fade coletiva pelo descumprimento de medidas sanit\u00e1rias. Em 2023 o setor executou 92.663 procedimentos, entre eles inspe\u00e7\u00f5es em campo, notifica\u00e7\u00f5es, autua\u00e7\u00f5es e multas.<img decoding=\"async\" src=\"blob:https:\/\/imais.online\/02b8a8ce-d9ef-4490-9926-cf24bf631198\">Foto: Divulga\u00e7\u00e3o&nbsp;<\/p>\n\n\n\n<p><strong>Receita Federal<\/strong><\/p>\n\n\n\n<p>Em meados de julho a Sa\u00fade recebeu cinco toneladas de produtos de doa\u00e7\u00e3o da Receita Federal, atrav\u00e9s da Alf\u00e2ndega de Viracopos. Tratavam-se de produtos bons, mas que entraram de forma irregular no pa\u00eds. Na entrega foram recebidos pelo prefeito Gaspar e pelas secret\u00e1rias de Cultura, T\u00e2nia Castanho e adjunta de Sa\u00fade, dra. Helo\u00edsa Salatino, itens como seringas, ampolas, testes de covid-19, microsc\u00f3pios oftalmol\u00f3gicos, medica\u00e7\u00e3o, testes de c\u00e2ncer de mama, luvas, aparelhos de v\u00eddeo de laparoscopia, material odontol\u00f3gico, oftalmol\u00f3gico, tubos endotraqueais, botas ortop\u00e9dicas (\u00f3rteses) e outros. A doa\u00e7\u00e3o ser\u00e1 triada pela Sa\u00fade e distribu\u00edda para as unidades de sa\u00fade, Hospital Dia e UPA-24H.<\/p>\n\n\n\n<p><strong>Agentes de Sa\u00fade receberam forma\u00e7\u00e3o t\u00e9cnica<\/strong><\/p>\n\n\n\n<p>A Secretaria de Sa\u00fade de Indaiatuba promoveu em novembro a formatura do curso t\u00e9cnico para 101 agentes de sa\u00fade do munic\u00edpio. A iniciativa do Minist\u00e9rio da Sa\u00fade do Governo Federal tinha por objetivo capacitar em n\u00edvel t\u00e9cnico os agentes de sa\u00fade de todo o Brasil, para que os profissionais pudessem ampliar a linha de atua\u00e7\u00e3o e conhecimento.<\/p>\n\n\n\n<p>O Programa Sa\u00fade com Agente&nbsp;\u2013 iniciativa do Minist\u00e9rio da Sa\u00fade, por meio da&nbsp;<a href=\"https:\/\/www.gov.br\/saude\/pt-br\/composicao\/sgtes\">Secretaria de Gest\u00e3o do Trabalho e da Educa\u00e7\u00e3o na Sa\u00fade &#8211; SGTES<\/a>,&nbsp;em parceria com a&nbsp;<a href=\"http:\/\/www.ufrgs.br\/ufrgs\/inicial\">Universidade Federal do Rio Grande do Sul &#8211; UFRGS<\/a>&nbsp;e o&nbsp;<a href=\"https:\/\/www.conasems.org.br\/\">Conselho Nacional de Secretarias Municipais de Sa\u00fade &#8211; Conasems<\/a>,&nbsp;\u00e9 o maior programa de forma\u00e7\u00e3o t\u00e9cnica na \u00e1rea da sa\u00fade no formato hibrido (metodologia na qual estudantes vivenciam o processo de aprendizagem por meio das modalidades presencial e a dist\u00e2ncia, de forma integrada) do Pa\u00eds.<\/p>\n\n\n\n<p>A iniciativa visa melhorar os indicadores de sa\u00fade, a qualidade e a resolutividade dos servi\u00e7os da Aten\u00e7\u00e3o Prim\u00e1ria aos brasileiros. Tamb\u00e9m refor\u00e7a a valoriza\u00e7\u00e3o dos Agentes, que desempenham papel relevante como educadores para a cidadania na Sa\u00fade, por meio de maior atua\u00e7\u00e3o na preven\u00e7\u00e3o e no cuidado das pessoas.&nbsp;O intuito \u00e9 que esses profissionais tenham um olhar apurado sobre informa\u00e7\u00f5es coletadas nas resid\u00eancias e saibam melhor orientar os pacientes que necessitam de atendimento.&nbsp;<img decoding=\"async\" src=\"blob:https:\/\/imais.online\/3e6665c5-230e-4bb3-8064-0a28c9be9b8b\">Foto: Eliandro Figueira RIC\/PMI<\/p>\n\n\n\n<p><strong>Covid-19<\/strong><\/p>\n\n\n\n<p>Desde o in\u00edcio da pandemia da Covid-19, 66.408 pessoas contra\u00edram a doen\u00e7a em Indaiatuba, sendo 65.524 consideradas curadas e outras 884 que vieram a \u00f3bito. A Prefeitura de Indaiatuba lamentou o n\u00famero de \u00f3bitos e prestou a solidariedade pelas v\u00edtimas da Covid-19. Neste momento em que a mat\u00e9ria foi finalizada, h\u00e1 apenas uma \u00fanica pessoa internada com teste positivo para a doen\u00e7a nos hospitais (p\u00fablico e particular).<\/p>\n\n\n\n<p>Neste ano Indaiatuba investiu R$ 1.192.119,64 no combate \u00e0 Covid-19, 81% a menos do que no ano passado, quando foram investidos pouco mais de R$ 6 milh\u00f5es.<\/p>\n\n\n\n<p>Ao todo, a Secretaria de Sa\u00fade contabilizou em rela\u00e7\u00e3o a este assunto, 783.894 a\u00e7\u00f5es de preven\u00e7\u00e3o e vacina\u00e7\u00e3o contra Covid-19 nas unidades b\u00e1sicas de sa\u00fade (UBS). Foram realizados no munic\u00edpio 16.697 testes e mais 3.596 atendimentos online na plataforma do Teleatendimento Covid-19. \u00c9 importante pontuar que ao final de cada atendimento online \u00e9 oferecido ao mun\u00edcipe a possibilidade de avaliar o atendimento e o sistema de forma opcional, das 675 avalia\u00e7\u00f5es em 2023, 551 foram com nota m\u00e1xima ou seja 5 estrelas, uma aprova\u00e7\u00e3o de mais de 80%.<\/p>\n\n\n\n<p><strong>Servi\u00e7o de Verifica\u00e7\u00e3o de \u00d3bitos (SVO)<\/strong><\/p>\n\n\n\n<p>O Servi\u00e7o de Verifica\u00e7\u00e3o de \u00d3bito (SVO) \u00e9 o respons\u00e1vel por determinar a causa do \u00f3bito, nos casos de morte natural, sem suspeita de viol\u00eancia, com ou sem assist\u00eancia m\u00e9dica, sem esclarecimento diagn\u00f3stico e, principalmente aqueles para efeito de investiga\u00e7\u00e3o epidemiol\u00f3gica. \u00c9 de grande import\u00e2ncia para a sociedade, uma vez que pode colocar em evid\u00eancia os poss\u00edveis riscos \u00e0 sa\u00fade que estar\u00e3o surgindo, tanto os j\u00e1 conhecidos quanto os que n\u00e3o s\u00e3o comuns, ou ainda casos de uma doen\u00e7a nova em um determinado local. O seu objetivo \u00e9 constatar o esclarecimento da causa da morte para aperfei\u00e7oar a qualidade da informa\u00e7\u00e3o sobre mortalidade, colaborando assim no aprimoramento da constru\u00e7\u00e3o e implanta\u00e7\u00e3o de pol\u00edticas p\u00fablicas de sa\u00fade.<\/p>\n\n\n\n<p>Somente neste ano, 239 necropsias foram realizadas no Servi\u00e7o de Verifica\u00e7\u00e3o de \u00d3bitos (SVO) que est\u00e1 localizado no Cemit\u00e9rio Parque dos Indai\u00e1s.<\/p>\n\n\n\n<p><strong>Estrutura da Secretaria de Sa\u00fade<\/strong><\/p>\n\n\n\n<p>A Rede Municipal de Sa\u00fade \u00e9 equipada com 17 unidades b\u00e1sicas de sa\u00fade; sete Farm\u00e1cias (Unidades B\u00e1sicas); dois centros de assist\u00eancia farmac\u00eautica; Ambulat\u00f3rio de Especialidades e Hospital Dia; UPA-24H; Pronto Socorro Geral HAOC; 2 unidades do CEO (Centro de Especialidades Odontol\u00f3gicas); Ambulat\u00f3rio de Especialidades da Mulher e Crian\u00e7a; Ambulat\u00f3rio de Especialidades do Jd. Morada do Sol (Mini Hospital); SAE e CTA (ambulat\u00f3rio de mol\u00e9stias infecciosas); Derefim \u2013 Departamento de Reabilita\u00e7\u00e3o F\u00edsica e Metal; Cerest \u2013 Sa\u00fade do Trabalhador; Caps II \u2013 Centro de Aten\u00e7\u00e3o Psicossocial; Caps III \u2013 Centro de Aten\u00e7\u00e3o Psicossocial \u00c1lcool e Drogas 24h; Caps Infantil \u2013 Centro de Aten\u00e7\u00e3o Psicossocial Infantil; Laborat\u00f3rio Municipal de An\u00e1lises Cl\u00ednicas; Vigil\u00e2ncia Sanit\u00e1ria; Vigil\u00e2ncia Epidemiol\u00f3gica; Vigil\u00e2ncia Ambiental; Central de Ambul\u00e2ncia 24 horas; Almoxarifado; Servi\u00e7o de Verifica\u00e7\u00e3o de \u00d3bitos (SVO) e Centro de Opera\u00e7\u00f5es contra a Dengue.<\/p>\n\n\n\n<p><strong>Recursos Humanos<\/strong><\/p>\n\n\n\n<p>Atualmente Indaiatuba possui 298 m\u00e9dicos na Rede SUS, 220 t\u00e9cnicos de enfermagem, 16 auxiliares de enfermagem, 129 agentes de controle de endemias, 19 fisioterapeutas, 14 assistentes sociais na \u00e1rea da sa\u00fade, 6 nutricionistas, 120 enfermeiros, 25 psic\u00f3logos, 22 farmac\u00eauticos e 52 dentistas.<\/p>\n","protected":false},"excerpt":{"rendered":"<p>Atendimentos na UPA subiram 120% e chegaram em mais de 410 mil atendimentos A Sa\u00fade sempre foi um dos pilares de prioridade na gest\u00e3o do prefeito Nilson Gaspar, n\u00e3o \u00e0 toa, o munic\u00edpio aumentou significativamente as a\u00e7\u00f5es de sa\u00fade neste ano de 2023. Al\u00e9m de ter anunciado R$ 65 milh\u00f5es em novos investimentos na \u00e1rea, [&hellip;]<\/p>\n","protected":false},"author":8,"featured_media":21149,"comment_status":"closed","ping_status":"open","sticky":false,"template":"","format":"standard","meta":{"rop_custom_images_group":[],"rop_custom_messages_group":[],"rop_publish_now":"initial","rop_publish_now_accounts":[],"rop_publish_now_history":[],"rop_publish_now_status":"pending","footnotes":""},"categories":[188],"tags":[73],"class_list":["post-21148","post","type-post","status-publish","format-standard","has-post-thumbnail","hentry","category-indaiatuba","tag-featured"],"amp_enabled":true,"_links":{"self":[{"href":"https:\/\/imais.online\/portal\/wp-json\/wp\/v2\/posts\/21148","targetHints":{"allow":["GET"]}}],"collection":[{"href":"https:\/\/imais.online\/portal\/wp-json\/wp\/v2\/posts"}],"about":[{"href":"https:\/\/imais.online\/portal\/wp-json\/wp\/v2\/types\/post"}],"author":[{"embeddable":true,"href":"https:\/\/imais.online\/portal\/wp-json\/wp\/v2\/users\/8"}],"replies":[{"embeddable":true,"href":"https:\/\/imais.online\/portal\/wp-json\/wp\/v2\/comments?post=21148"}],"version-history":[{"count":1,"href":"https:\/\/imais.online\/portal\/wp-json\/wp\/v2\/posts\/21148\/revisions"}],"predecessor-version":[{"id":21150,"href":"https:\/\/imais.online\/portal\/wp-json\/wp\/v2\/posts\/21148\/revisions\/21150"}],"wp:featuredmedia":[{"embeddable":true,"href":"https:\/\/imais.online\/portal\/wp-json\/wp\/v2\/media\/21149"}],"wp:attachment":[{"href":"https:\/\/imais.online\/portal\/wp-json\/wp\/v2\/media?parent=21148"}],"wp:term":[{"taxonomy":"category","embeddable":true,"href":"https:\/\/imais.online\/portal\/wp-json\/wp\/v2\/categories?post=21148"},{"taxonomy":"post_tag","embeddable":true,"href":"https:\/\/imais.online\/portal\/wp-json\/wp\/v2\/tags?post=21148"}],"curies":[{"name":"wp","href":"https:\/\/api.w.org\/{rel}","templated":true}]}}