{"id":21216,"date":"2023-12-19T11:01:23","date_gmt":"2023-12-19T14:01:23","guid":{"rendered":"https:\/\/imais.online\/portal\/?p=21216"},"modified":"2023-12-19T11:01:24","modified_gmt":"2023-12-19T14:01:24","slug":"ministerio-da-saude-premia-indaiatuba-por-boas-praticas-no-combate-ao-hiv-e-sifilis","status":"publish","type":"post","link":"https:\/\/imais.online\/portal\/ministerio-da-saude-premia-indaiatuba-por-boas-praticas-no-combate-ao-hiv-e-sifilis\/","title":{"rendered":"Minist\u00e9rio da Sa\u00fade premia Indaiatuba por boas pr\u00e1ticas no combate ao HIV e s\u00edfilis"},"content":{"rendered":"<div class=\"imais-before-content-placement\" id=\"imais-1418746859\"><script async src=\"\/\/pagead2.googlesyndication.com\/pagead\/js\/adsbygoogle.js?client=ca-pub-8787528412751566\" crossorigin=\"anonymous\"><\/script><ins class=\"adsbygoogle\" style=\"display:block;\" data-ad-client=\"ca-pub-8787528412751566\" \ndata-ad-slot=\"\" \ndata-ad-format=\"auto\"><\/ins>\n<script> \n(adsbygoogle = window.adsbygoogle || []).push({}); \n<\/script>\n<\/div>\n<p><em><small>Certifica\u00e7\u00e3o da Elimina\u00e7\u00e3o da Transmiss\u00e3o Vertical do HIV e\/ou s\u00edfilis aconteceu em Bras\u00edlia dia 8<\/small><\/em><\/p>\n\n\n\n<p>Indaiatuba recebeu a Certifica\u00e7\u00e3o da Elimina\u00e7\u00e3o da Transmiss\u00e3o Vertical do HIV e o Selo Bronze de Boas Pr\u00e1ticas rumo a Elimina\u00e7\u00e3o da Transmiss\u00e3o Vertical da s\u00edfilis em cerim\u00f4nia realizada em Bras\u00edlia \u2013 DF na sexta-feira, dia 8, onde a diretora municipal da Vigil\u00e2ncia em Sa\u00fade do munic\u00edpio, Renata Marciano e a coordenadora do Programa Municipal de IST\/HIV\/AIDS\/Hepatites Virais, P\u00e2mela Cristina Tobaldini dos Santos, representando o prefeito Nilson Gaspar e a secret\u00e1ria de Sa\u00fade, Graziela Garcia, receberam o pr\u00eamio do Minist\u00e9rio da Sa\u00fade do Governo Federal, da Opas (Organiza\u00e7\u00e3o Pan-Americana de Sa\u00fade) e da Unaids (Organiza\u00e7\u00e3o das Na\u00e7\u00f5es Unidas sobre HIV\/AIDS).<\/p>\n\n\n\n<p>O Minist\u00e9rio da Sa\u00fade trabalhou dados de 2020, 2021, 2022 e 2023 para HIV onde a Sa\u00fade municipal n\u00e3o registrou o nascimento de crian\u00e7as com a doen\u00e7a. Para s\u00edfilis cong\u00eanita, os anos de 2021 e 2022 foram considerados, onde Indaiatuba saiu de 24 casos confirmados em 2021 para apenas 12 casos em 2022, uma redu\u00e7\u00e3o de 50%.<\/p>\n\n\n\n<p>Segundo a coordena\u00e7\u00e3o-geral de vigil\u00e2ncia das infec\u00e7\u00f5es sexualmente transmiss\u00edveis, Indaiatuba est\u00e1 de parab\u00e9ns pelo trabalho realizado. \u201cParabenizamos e reconhecemos o relevante engajamento e participa\u00e7\u00e3o das equipes t\u00e9cnicas, dos servi\u00e7os de sa\u00fade, dos profissionais da assist\u00eancia, da gest\u00e3o municipal e estadual, dos conselhos de sa\u00fade, da sociedade civil e dos demais envolvidos nos esfor\u00e7os da Certifica\u00e7\u00e3o, que contribuem de maneira substancial para o alcance da elimina\u00e7\u00e3o da transmiss\u00e3o vertical de HIV e s\u00edfilis como problema de sa\u00fade p\u00fablica.\u201d, concluiu a coordena\u00e7\u00e3o em texto.<img decoding=\"async\" src=\"blob:https:\/\/imais.online\/159d4982-28c2-4cf0-8de4-bf936220045f\">Foto: Gabriel Beccari RIC\/PMI<\/p>\n\n\n\n<p><strong>Por que esta premia\u00e7\u00e3o \u00e9 t\u00e3o importante?<\/strong><\/p>\n\n\n\n<p>A transmiss\u00e3o vertical do HIV e da s\u00edfilis refere-se \u00e0 passagem dessas infec\u00e7\u00f5es de uma m\u00e3e infectada para seu filho durante a gravidez, parto ou aleitamento materno. Eliminar a transmiss\u00e3o vertical dessas doen\u00e7as \u00e9 crucial por v\u00e1rias raz\u00f5es.<\/p>\n\n\n\n<p>A transmiss\u00e3o vertical pode ter s\u00e9rias consequ\u00eancias para a sa\u00fade da crian\u00e7a. Beb\u00eas que nascem com HIV, por exemplo, t\u00eam um risco significativamente maior de desenvolver a AIDS e enfrentar problemas de sa\u00fade ao longo de suas vidas.<\/p>\n\n\n\n<p>A preven\u00e7\u00e3o da transmiss\u00e3o vertical \u00e9 uma estrat\u00e9gia fundamental para interromper a cadeia de transmiss\u00e3o da infec\u00e7\u00e3o. Ao evitar que o v\u00edrus seja transmitido de m\u00e3e para filho, contribui-se para a redu\u00e7\u00e3o da preval\u00eancia dessas doen\u00e7as na popula\u00e7\u00e3o.<\/p>\n\n\n\n<p>Garantir a sa\u00fade das crian\u00e7as desde o nascimento \u00e9 um direito humano fundamental. Al\u00e9m disso, a preven\u00e7\u00e3o da transmiss\u00e3o vertical ajuda a abordar desigualdades de sa\u00fade, uma vez que as popula\u00e7\u00f5es mais vulner\u00e1veis muitas vezes enfrentam maior risco de infec\u00e7\u00e3o.<\/p>\n\n\n\n<p>A elimina\u00e7\u00e3o da transmiss\u00e3o vertical do HIV e da s\u00edfilis \u00e9 um objetivo global estabelecido pela Organiza\u00e7\u00e3o Mundial da Sa\u00fade (OMS). Esfor\u00e7os coordenados em n\u00edvel internacional s\u00e3o essenciais para alcan\u00e7ar essas metas e melhorar a sa\u00fade materna e infantil em todo o mundo.<\/p>\n\n\n\n<p>A transmiss\u00e3o vertical est\u00e1 muitas vezes associada a estigmas sociais. Eliminando essa forma de transmiss\u00e3o, \u00e9 poss\u00edvel contribuir para a redu\u00e7\u00e3o do estigma e discrimina\u00e7\u00e3o associados \u00e0s infec\u00e7\u00f5es por HIV e s\u00edfilis.<\/p>\n\n\n\n<p>Em resumo, eliminar a transmiss\u00e3o vertical do HIV e da s\u00edfilis n\u00e3o apenas beneficia a sa\u00fade individual das m\u00e3es e dos beb\u00eas, mas tamb\u00e9m contribui para metas de sa\u00fade global, redu\u00e7\u00e3o de custos a longo prazo e promo\u00e7\u00e3o dos direitos humanos e da equidade.<img decoding=\"async\" src=\"blob:https:\/\/imais.online\/8346f7b8-47a4-4899-9670-3d655907f728\"><img decoding=\"async\" src=\"blob:https:\/\/imais.online\/fd2eb29c-6539-4f46-80e8-0f51a699ef3a\"><img decoding=\"async\" src=\"blob:https:\/\/imais.online\/5e1ce467-aefe-4fb6-a04e-8a22424736ad\">Fotos: Gabriel Beccari RIC\/PMI<\/p>\n","protected":false},"excerpt":{"rendered":"<p>Certifica\u00e7\u00e3o da Elimina\u00e7\u00e3o da Transmiss\u00e3o Vertical do HIV e\/ou s\u00edfilis aconteceu em Bras\u00edlia dia 8 Indaiatuba recebeu a Certifica\u00e7\u00e3o da Elimina\u00e7\u00e3o da Transmiss\u00e3o Vertical do HIV e o Selo Bronze de Boas Pr\u00e1ticas rumo a Elimina\u00e7\u00e3o da Transmiss\u00e3o Vertical da s\u00edfilis em cerim\u00f4nia realizada em Bras\u00edlia \u2013 DF na sexta-feira, dia 8, onde a diretora [&hellip;]<\/p>\n","protected":false},"author":8,"featured_media":21217,"comment_status":"closed","ping_status":"open","sticky":false,"template":"","format":"standard","meta":{"rop_custom_images_group":[],"rop_custom_messages_group":[],"rop_publish_now":"initial","rop_publish_now_accounts":[],"rop_publish_now_history":[],"rop_publish_now_status":"pending","footnotes":""},"categories":[188],"tags":[73],"class_list":["post-21216","post","type-post","status-publish","format-standard","has-post-thumbnail","hentry","category-indaiatuba","tag-featured"],"amp_enabled":true,"_links":{"self":[{"href":"https:\/\/imais.online\/portal\/wp-json\/wp\/v2\/posts\/21216","targetHints":{"allow":["GET"]}}],"collection":[{"href":"https:\/\/imais.online\/portal\/wp-json\/wp\/v2\/posts"}],"about":[{"href":"https:\/\/imais.online\/portal\/wp-json\/wp\/v2\/types\/post"}],"author":[{"embeddable":true,"href":"https:\/\/imais.online\/portal\/wp-json\/wp\/v2\/users\/8"}],"replies":[{"embeddable":true,"href":"https:\/\/imais.online\/portal\/wp-json\/wp\/v2\/comments?post=21216"}],"version-history":[{"count":1,"href":"https:\/\/imais.online\/portal\/wp-json\/wp\/v2\/posts\/21216\/revisions"}],"predecessor-version":[{"id":21218,"href":"https:\/\/imais.online\/portal\/wp-json\/wp\/v2\/posts\/21216\/revisions\/21218"}],"wp:featuredmedia":[{"embeddable":true,"href":"https:\/\/imais.online\/portal\/wp-json\/wp\/v2\/media\/21217"}],"wp:attachment":[{"href":"https:\/\/imais.online\/portal\/wp-json\/wp\/v2\/media?parent=21216"}],"wp:term":[{"taxonomy":"category","embeddable":true,"href":"https:\/\/imais.online\/portal\/wp-json\/wp\/v2\/categories?post=21216"},{"taxonomy":"post_tag","embeddable":true,"href":"https:\/\/imais.online\/portal\/wp-json\/wp\/v2\/tags?post=21216"}],"curies":[{"name":"wp","href":"https:\/\/api.w.org\/{rel}","templated":true}]}}