{"id":21219,"date":"2023-12-19T11:02:41","date_gmt":"2023-12-19T14:02:41","guid":{"rendered":"https:\/\/imais.online\/portal\/?p=21219"},"modified":"2023-12-19T11:02:42","modified_gmt":"2023-12-19T14:02:42","slug":"balanco-da-administracao-traz-melhorias-no-transporte-coletivo-e-mais-servicos-on-line","status":"publish","type":"post","link":"https:\/\/imais.online\/portal\/balanco-da-administracao-traz-melhorias-no-transporte-coletivo-e-mais-servicos-on-line\/","title":{"rendered":"Balan\u00e7o da Administra\u00e7\u00e3o traz melhorias no transporte coletivo e mais servi\u00e7os on-line"},"content":{"rendered":"<div class=\"imais-before-content-placement\" id=\"imais-3749765301\"><script async src=\"\/\/pagead2.googlesyndication.com\/pagead\/js\/adsbygoogle.js?client=ca-pub-8787528412751566\" crossorigin=\"anonymous\"><\/script><ins class=\"adsbygoogle\" style=\"display:block;\" data-ad-client=\"ca-pub-8787528412751566\" \ndata-ad-slot=\"\" \ndata-ad-format=\"auto\"><\/ins>\n<script> \n(adsbygoogle = window.adsbygoogle || []).push({}); \n<\/script>\n<\/div>\n<p><em><small>Em dezembro, Prefeitura publicou edital de Concurso P\u00fablico para preencher 116 vagas<\/small><\/em><\/p>\n\n\n\n<p>O balan\u00e7o de 2023 da Secretaria de Administra\u00e7\u00e3o apresenta novidades nos servi\u00e7os de transporte coletivo urbano e amplia\u00e7\u00e3o da oferta de servi\u00e7os&nbsp;<em>on-line<\/em>&nbsp;voltados ao atendimento aos mun\u00edcipes e tamb\u00e9m na amplia\u00e7\u00e3o de ferramentas que agilizam os processos administrativos internos. A abertura de um Concurso P\u00fablico com 116 vagas tamb\u00e9m integra o balan\u00e7o da Administra\u00e7\u00e3o deste ano.<\/p>\n\n\n\n<p>A Secretaria de Administra\u00e7\u00e3o concentra os servi\u00e7os de Departamento Pessoal e Recursos Humanos, Licita\u00e7\u00f5es e Compras, Protocolo e Arquivo, Controle Patrimonial e Manuten\u00e7\u00e3o Geral, mas os servi\u00e7os de Transporte Coletivo e Tecnologia da Informa\u00e7\u00e3o (TI) s\u00e3o os que mais impactam diretamente no dia a dia dos mun\u00edcipes. \u201cA Administra\u00e7\u00e3o Municipal est\u00e1 sempre investindo em melhorias no atendimento ao cidad\u00e3o, no aprimoramento das ferramentas de servi\u00e7os on-line para trazer maior efici\u00eancia aos processos e fluxos de trabalhos da Prefeitura, e este ano n\u00e3o foi diferente. Esse \u00e9 um trabalho cont\u00ednuo, tanto que nossa equipe j\u00e1 est\u00e1 trabalhando em novidades para 2024\u201d, acresceu o secret\u00e1rio da Pasta, Luiz Henrique Furlan.<\/p>\n\n\n\n<p><strong>Transporte coletivo<\/strong><\/p>\n\n\n\n<p>No decorrer de 2023, o Departamento de Transportes, vinculado \u00e0 Secretaria de Administra\u00e7\u00e3o, promoveu altera\u00e7\u00f5es operacionais do servi\u00e7o de transporte coletivo urbano do munic\u00edpio, objetivando a melhoria cont\u00ednua de oferta de viagens para atender a demanda de passageiros.&nbsp;<\/p>\n\n\n\n<p>Em janeiro, os atendimentos escolares, at\u00e9 ent\u00e3o vinculados \u00e0s linhas 307, 314 e 320, foram incorporados exclusivamente \u00e0 linha 308. No m\u00eas seguinte, fevereiro, foi iniciado a atendimento do bairro Residencial Smart City por meio da linha 320 \u2013 Residencial Campo Bonito x Terminal Central (Ponto Cidad\u00e3o). Em mar\u00e7o, formam feitos ajustes operacionais na programa\u00e7\u00e3o hor\u00e1ria das linhas 301, 302 e 307.<\/p>\n\n\n\n<p>Com a entrega das unidades habitacionais do Condom\u00ednio Bruxelas, do Programa C\u00e9u Azul Residencial, em agosto foi alterado&nbsp;o itiner\u00e1rio da linha 313 \u2013 Jardim Europa via Colinas\/Veredas x Terminal Central, para passar pelo empreendimento em ambos os sentidos (ida\/volta), de segunda a domingo. Em outubro,&nbsp;foram realizados ajustes e altera\u00e7\u00f5es operacionais no grupo de linhas que atende o eixo do Parque Residencial Campo Bonito e imedia\u00e7\u00f5es, interligando o bairro Smart City\/The Palmas com Terminal Central via Distrito Europark. As altera\u00e7\u00f5es operacionais inclu\u00edram a implanta\u00e7\u00e3o da linha experimental 318 &#8211; Smart City\/The Palmas x Terminal Central via Distrito Europark, e a amplia\u00e7\u00e3o do trajeto das linhas 320 e 328.<\/p>\n\n\n\n<p>At\u00e9 novembro, o sistema de transporte coletivo urbano de passageiros de Indaiatuba transportou 5.797.880 passageiros. Deste total, 4.168.258 (71,89%) pagantes e 1.629.622 (28,11%) gratuidades. A estimativa \u00e9 de fechar o exerc\u00edcio 2023, transportando 6.502.563 passageiros, sendo 4.621.724 (71,08%) pagantes e 1.880.839 (28,92%) gratuidades. Comparando o n\u00famero estimado de passageiros transportados em 2023 com 2022, quando foram transportados um total de 6.087.243 pessoas, houve um crescimento de 6,82% neste segundo ano p\u00f3s pandemia, por\u00e9m, o n\u00famero de passageiros transportados este ano ainda \u00e9 23,19% menor em rela\u00e7\u00e3o aos transportados em 2019.<\/p>\n\n\n\n<p><strong>Transporte especial<\/strong><\/p>\n\n\n\n<p>Indaiatuba tamb\u00e9m disponibiliza um servi\u00e7o de transporte exclusivo para atender usu\u00e1rios com defici\u00eancia e dificuldades severas de locomo\u00e7\u00e3o, que apesar de terem assegurado o uso universal da frota de \u00f4nibus do servi\u00e7o regular de transporte coletivo, requerem, em raz\u00e3o de caracter\u00edsticas particulares, a necessidade de um servi\u00e7o de transporte coletivo diferenciado. Executado pela concession\u00e1ria do servi\u00e7o no munic\u00edpio, esse tipo de transporte tem a finalidade de assegurar o bem-estar do usu\u00e1rio e sua consequente inclus\u00e3o social, al\u00e9m de maior comodidade e seguran\u00e7a, tudo adequado \u00e0s suas reais necessidades.<\/p>\n\n\n\n<p>Este ano, a concession\u00e1ria incluiu um novo ve\u00edculo para fazer o transporte especial, fechando 2023 com tr\u00eas vans em opera\u00e7\u00e3o. Est\u00e3o cadastrados neste servi\u00e7o 85 usu\u00e1rios, incluindo 13 pessoas que aguardam a amplia\u00e7\u00e3o da frota, o que dever\u00e1 ocorrer j\u00e1 no primeiro trimestre de 2024.<\/p>\n\n\n\n<p>Visando atender o maior n\u00famero de usu\u00e1rios, a opera\u00e7\u00e3o dos atendimentos foi dividida por regi\u00e3o, de segunda a sexta-feira, realizando deslocamentos para v\u00e1rios destinos, como Apae, Ciaspe, ADVI e Cecal, entre outros. Semanalmente s\u00e3o transportados a m\u00e9dia de 384 usu\u00e1rios, considerando deslocamentos de ida e volta. At\u00e9 outubro foram realizadas 16.038 viagens e a frota de vans rodou 121.216 quil\u00f4metros.<\/p>\n\n\n\n<p><strong>Cart\u00f5es de Estacionamento<\/strong><\/p>\n\n\n\n<p>At\u00e9 outubro o Departamento de Transportes emitiu um total de 6.308 cart\u00f5es de estacionamento de idosos e pessoas com defici\u00eancia, sendo 2.170 novos e 3.591 renova\u00e7\u00f5es, com previs\u00e3o estimada para fechar o ano de 2023 com 6.671 cart\u00f5es, sendo 2.490 novos e 4.181 renova\u00e7\u00f5es. O atendimento para a emiss\u00e3o de cart\u00e3o de estacionamento para o p\u00fablico PcD e idosos \u00e9 realizado de segunda a sexta-feira, das 8h \u00e0s 17h, no guich\u00ea do Departamento de Transportes localizado no Ponto Cidad\u00e3o, na avenida Presidente Vargas s\/n\u00ba, e tamb\u00e9m no Departamento de Transportes que funciona na avenida Francisco de Paula Leite, n\u00ba 2263.<\/p>\n\n\n\n<p>O projeto do Departamento de Transportes para implanta\u00e7\u00e3o&nbsp;da&nbsp;impress\u00e3o on-line&nbsp;do cart\u00e3o de estacionamento, est\u00e1 programada para ocorrer ainda no primeiro trimestre de 2024, o que possibilitar\u00e1 a realiza\u00e7\u00e3o do cadastro e renova\u00e7\u00e3o&nbsp;pelo pr\u00f3prio requerente, no site da Prefeitura, com utiliza\u00e7\u00e3o de QR Code. O Contran, por meio da Resolu\u00e7\u00e3o&nbsp;n\u00ba 965\/2022,ao revogar asResolu\u00e7\u00f5es n\u00ba 303\/2008 &#8211; Credencial de Idoso, e a 304\/2008 &#8211; Credencial de Deficiente (PcD), instituiu al\u00e9m de novo modelo de credencial em formato f\u00edsico, tamb\u00e9m em formato digital com QR code, e nova validade das credenciais, as quais passam a ser de cinco anos, tanto para o Idoso quanto para o deficiente, exceto a defici\u00eancia provis\u00f3ria atestada em laudo m\u00e9dico, que n\u00e3o poder\u00e1 exceder a um ano de validade.<\/p>\n\n\n\n<p><strong>Transporte de fretamento, escolar e de t\u00e1xi<\/strong><\/p>\n\n\n\n<p>At\u00e9 10 de novembro de 2023, o Departamento de Transportes realizou um total de 228 vistorias t\u00e9cnicas semestrais referente ao servi\u00e7o de transporte escolar privado e contratado. As fiscaliza\u00e7\u00f5es&nbsp;do Transporte Escolar s\u00e3o efetuadas periodicamente na entrada e sa\u00edda das escolas municipais, estaduais e particulares e atrav\u00e9s de den\u00fancias via ouvidoria, com a finalidade de orientar os transportadores e garantir o conforto e seguran\u00e7a das crian\u00e7as transportadas, combatendo o transporte clandestino. Neste ano foram efetuadas quatro apreens\u00f5es por transporte escolar irregular.<\/p>\n\n\n\n<p>Em rela\u00e7\u00e3o ao servi\u00e7o de taxi, de acordo com a legisla\u00e7\u00e3o vigente, existem atualmente 72 ve\u00edculos cadastrados. Ao longo do ano, ap\u00f3s remanejamento interno de pontos de estacionamento&nbsp;entre os permission\u00e1rios do servi\u00e7o, foi realizada Concorr\u00eancia para outorga de Permiss\u00e3o para preenchimento de 22 vagas. At\u00e9 novembro, foram efetuadas um total de 35 apreens\u00f5es de ve\u00edculos por execu\u00e7\u00e3o de transporte clandestino de taxi, sendo 34 de motocicletas.<\/p>\n\n\n\n<p><strong>Tecnologia da Informa\u00e7\u00e3o<\/strong><\/p>\n\n\n\n<p>A Plataforma Minha Indaiatuba fechou o balan\u00e7o de 2023 com 62.076 usu\u00e1rios. A plataforma de servi\u00e7os de governo digital da Prefeitura de Indaiatuba conta com um painel de gest\u00e3o pessoal para acessar informa\u00e7\u00f5es em 10 abas de servi\u00e7os: Minha Sa\u00fade, Minha Escola, Minha Casa, Minha Empresa, Meu Bem-Estar, Minha Comunidade, Meus Tributos e Minha Agenda Cidad\u00e3. Para garantir a seguran\u00e7a do usu\u00e1rio o acesso \u00e9 realizado atrav\u00e9s de uma conta&nbsp;<em>gov.br<\/em>.<\/p>\n\n\n\n<p><strong>Minha Sa\u00fade<\/strong><\/p>\n\n\n\n<p>At\u00e9 outubro o Minha Sa\u00fade alcan\u00e7ou 836.344 acessos. Em 2023 foram adicionados os servi\u00e7os de Agendamento Online na Aten\u00e7\u00e3o B\u00e1sica, atrav\u00e9s de ferramenta que disponibiliza as agendas dos m\u00e9dicos da unidade de sa\u00fade de refer\u00eancia do cidad\u00e3o. Tamb\u00e9m passou a ser poss\u00edvel consultar a Unidade B\u00e1sica de refer\u00eancia do cidad\u00e3o, informando dados de contato e mapa para chegar ao local.&nbsp;<\/p>\n\n\n\n<p>Outra novidade implantada neste ano foi a disponibiliza\u00e7\u00e3o de ferramenta que permite \u00e0 rede de sa\u00fade fazer campanhas direcionadas aos cidad\u00e3os por caracter\u00edsticas como idade, sexo, moradia, enfermidade, entre outras. Com essa funcionalidade a comunica\u00e7\u00e3o com o cidad\u00e3o alvo das campanhas se torna mais eficiente e \u00e1gil.<\/p>\n\n\n\n<p>O servi\u00e7o ainda disponibiliza o hist\u00f3rico de vacina\u00e7\u00e3o Covid-19 e emiss\u00e3o do cart\u00e3o de vacina\u00e7\u00e3o; lista de medicamentos padronizados com a descri\u00e7\u00e3o dos locais que cont\u00eam a disponibilidade do rem\u00e9dio; hist\u00f3rico de retiradas de medicamentos nas farm\u00e1cias da Prefeitura; consulta e aviso de agendamentos na rede de sa\u00fade; descri\u00e7\u00e3o de encaminhamentos; resumo e resultados dos exames realizados na Rede Municipal.<\/p>\n\n\n\n<p><strong>Minha Escola<\/strong><\/p>\n\n\n\n<p>O servi\u00e7o Minha Escolana plataforma Minha Indaiatuba alcan\u00e7ou 72.235 acessos at\u00e9 outubro de 2023. O mun\u00edcipe encontra informa\u00e7\u00f5es sobre o hist\u00f3rico escolar, como as notas e frequ\u00eancias dos alunos matriculados na Rede Municipal de Ensino e informa\u00e7\u00f5es da alimenta\u00e7\u00e3o com o acesso ao card\u00e1pio servido \u00e0s crian\u00e7as.<\/p>\n\n\n\n<p>Em novas vers\u00f5es, ser\u00e3o disponibilizados indicadores de aprendizagem dos alunos da Rede P\u00fablica Municipal de Educa\u00e7\u00e3o, demonstrando aos pais os conte\u00fados que precisam ser explorados por seus filhos para melhorar os resultados.<\/p>\n\n\n\n<p><strong>Minha Casa<\/strong><\/p>\n\n\n\n<p>O servi\u00e7o Minha Casa foi acessado 35.735 vezes. Em 2023 foram adicionados os servi\u00e7os de atualiza\u00e7\u00e3o de endere\u00e7os de correspond\u00eancia de respons\u00e1veis por im\u00f3veis e op\u00e7\u00e3o por receber o IPTU Digital, acesso \u00e0 planta e Habite-se dos im\u00f3veis e acompanhamento do processo de aprova\u00e7\u00e3o de projetos de obras particulares.<\/p>\n\n\n\n<p>Nesta aba, o cidad\u00e3o tem acesso \u00e0 fun\u00e7\u00e3o \u201cMeus Im\u00f3veis\u201d que relaciona a lista de im\u00f3veis do mun\u00edcipe e fornece detalhes sobre eles. Tamb\u00e9m tem a op\u00e7\u00e3o de consultar o status das parcelas do exerc\u00edcio e emiss\u00e3o de boletos para pagamento do carn\u00ea de IPTU. Possibilita a emiss\u00e3o do documento de certid\u00e3o de valor venal e obter a certid\u00e3o de d\u00e9bitos: negativa, positiva ou positiva com efeito de negativa.<\/p>\n\n\n\n<p><strong>Minha Empresa<\/strong><\/p>\n\n\n\n<p>Este ano foi adicionada a possibilidade de abertura e acompanhamento de processos de abertura de empresa e atualiza\u00e7\u00e3o cadastral, integrado ao VRE (Via R\u00e1pida Empresa do Governo do Estado). Essa funcionalidade eliminou, em 2023, a necessidade de abertura de 7.597 processos administrativos f\u00edsicos, deixando de serem utilizadas aproximadamente 100 mil folhas de papel, al\u00e9m de trazer maior agilidade e efici\u00eancia aos procedimentos.<\/p>\n\n\n\n<p>A aba permite consultar o cadastro mobili\u00e1rio com a lista de empresas do cidad\u00e3o como s\u00f3cio ou como contador, com acesso a informa\u00e7\u00f5es detalhadas, al\u00e9m de permitir que sejam tomadas as provid\u00eancias referentes \u00e0s pend\u00eancias cadastrais. Outra op\u00e7\u00e3o \u00e9 a certid\u00e3o de d\u00e9bitos que o cidad\u00e3o pode emitir, ou seja, a certid\u00e3o negativa, positiva e positiva com efeito de negativa. Nesta \u00e1rea tamb\u00e9m \u00e9 oferecida a possibilidade da emiss\u00e3o do documento de Alvar\u00e1 Digital.<\/p>\n\n\n\n<p>At\u00e9 outubro, o servi\u00e7o Minha Empresa foi acessado 253.966 vezes.<\/p>\n\n\n\n<p><strong>Meu Bem-Estar<\/strong><\/p>\n\n\n\n<p>Meu Bem-Estar disponibiliza os servi\u00e7os de Esportes, Lazer, Cultura, Turismo e Bem-Estar Social. Em 2023 foi adicionada a Agenda Cult, que disponibiliza a lista de eventos culturais com acesso \u00e0s p\u00e1ginas com todos os detalhes do evento.<\/p>\n\n\n\n<p>Ser\u00e3o disponibilizados em novas vers\u00f5es as inscri\u00e7\u00f5es em oficinas, Esporte Cidad\u00e3o e Juventude Esportiva, al\u00e9m da Agenda do Cata Bagulho.<\/p>\n\n\n\n<p><strong>Minha Comunidade<\/strong><\/p>\n\n\n\n<p>Conta com o canal de intera\u00e7\u00e3o da popula\u00e7\u00e3o com a Prefeitura chamado \u201cZeladoria\u201d, por meio do qual as pessoas podem realizar a solicita\u00e7\u00e3o de servi\u00e7os, envio de reclama\u00e7\u00f5es e sugest\u00f5es, com acompanhamento de todo o tr\u00e2mite do processo. O servi\u00e7o Minha Comunidade foi acessado 17.256 vezes at\u00e9 outubro de 2023.<\/p>\n\n\n\n<p><strong>Meus Tributos<\/strong><\/p>\n\n\n\n<p>O servi\u00e7o Meus Tributos foi acessado 33.574 vezes at\u00e9 outubro, disponibilizando o servi\u00e7o de emiss\u00e3o de guias e negocia\u00e7\u00e3o de d\u00e9bitos com o munic\u00edpio, al\u00e9m da possibilidade de emiss\u00e3o de certid\u00f5es de d\u00e9bitos.<\/p>\n\n\n\n<p>Em 2023 foi adicionada a possibilidade de pagamento dos tributos atrav\u00e9s do PIX. Essa funcionalidade permitiu que os procedimentos de pagamento e baixa de d\u00e9bitos fossem agilizados, possibilitando o registro em tempo real na base da Prefeitura e a possibilidade de emiss\u00e3o de certid\u00e3o negativa do d\u00e9bito alguns segundos ap\u00f3s a efetiva\u00e7\u00e3o do pagamento.<\/p>\n\n\n\n<p>Al\u00e9m da agilidade, esse procedimento trouxe economia, pois trata-se de servi\u00e7o mais barato que o m\u00e9todo de pagamento dos documentos de arrecada\u00e7\u00e3o atrav\u00e9s do c\u00f3digo de barras, cuja baixa s\u00f3 ocorre no dia \u00fatil seguinte. Foram pagos atrav\u00e9s do PIX, em 2023, at\u00e9 16 de novembro, 82.387 documentos, o que representou uma economia de R$ 177.132,05 em tarifas banc\u00e1rias.<\/p>\n\n\n\n<p><strong>Minha Agenda Cidad\u00e3<\/strong><\/p>\n\n\n\n<p>Para manter o usu\u00e1rio sempre atualizado, a plataforma disp\u00f5e de um calend\u00e1rio com marca\u00e7\u00e3o de datas, eventos e compromissos do cidad\u00e3o com os servi\u00e7os da Prefeitura como, por exemplo, o vencimento de impostos, consultas m\u00e9dicas e eventos culturais. A Agenda Cidad\u00e3 foi acessada 89.015 vezes at\u00e9 outubro.<\/p>\n\n\n\n<p><strong>Processos e Fluxos de trabalho eletr\u00f4nicos<\/strong><\/p>\n\n\n\n<p>O Departamento de Tecnologia da Informa\u00e7\u00e3o continua trabalhando na plataforma de Processos e Fluxos de Trabalho Eletr\u00f4nicos. Ela \u00e9 desenvolvida em m\u00f3dulos com o objetivo de trazer maior efici\u00eancia aos processos e fluxos de trabalhos da Prefeitura. Atualmente j\u00e1 est\u00e3o implantados os fluxos de emiss\u00e3o de portarias e assinatura de contratos.<\/p>\n\n\n\n<p>Desde abril de 2021 foram emitidas e assinadas eletronicamente 4.951 Portarias, e deixaram de ser utilizadas 14.900 folhas de papel. Tamb\u00e9m foram emitidos 1.454 Contratos que foram assinados 9.450 vezes desde agosto de 2021, o que agilizou o processo e possibilitou a economia de 46.730 folhas de papel. Um contrato que poderia levar algumas semanas para ser assinado por todas as partes passou a ser assinado em apenas um dia.<\/p>\n\n\n\n<p>Est\u00e3o em desenvolvimento os m\u00f3dulos do Processo de Compra, desde a emiss\u00e3o da requisi\u00e7\u00e3o at\u00e9 o pagamento do fornecedor, que dever\u00e1 ser implantado no pr\u00f3ximo ano. Ainda este ano, o Depin iniciar\u00e1 a implanta\u00e7\u00e3o dos m\u00f3dulos do Processo Administrativo, Memorandos e Of\u00edcios.<\/p>\n\n\n\n<p>Al\u00e9m de n\u00e3o haver mais a necessidade de impress\u00e3o do documento, tamb\u00e9m foram eliminadas as atividades de transitar fisicamente e arquivar o documento, reduzindo o tempo, os espa\u00e7os necess\u00e1rios e a quantidade de pessoas envolvidas no processo.<\/p>\n\n\n\n<p><strong>Site<\/strong><\/p>\n\n\n\n<p>Este ano foram empenhadas 7.200 horas dos profissionais especialistas em TI, dedicados ao Site da Prefeitura, Portal de Transpar\u00eancia e Portal do Terceiro Setor para o Desenvolvimento de novas funcionalidades e manuten\u00e7\u00e3o do site. At\u00e9 o m\u00eas de outubro, o site recebeu 4.475.418 visitas, uma m\u00e9dia de 447.542 visitas por m\u00eas.<\/p>\n\n\n\n<p><strong>Sistemas de Gest\u00e3o<\/strong><\/p>\n\n\n\n<p>Na gest\u00e3o da Sa\u00fade, a equipe de profissionais especialistas em TI empenhou 12 mil horas dedicados ao sistema Salus, no desenvolvimento de novas funcionalidades e ajustes de procedimentos com o objetivo de melhorar a efici\u00eancia dos processos de trabalho da Secretaria de Sa\u00fade com a utiliza\u00e7\u00e3o de ferramentas tecnol\u00f3gicas.<\/p>\n\n\n\n<p>Para a gest\u00e3o Administrativa foram empenhadas 9.600 horas dos profissionais de TI, dedicados aos sistemas de Compras, Licita\u00e7\u00f5es, Contratos, Requisi\u00e7\u00f5es, Almoxarifado, Patrim\u00f4nio e Protocolo, no desenvolvimento de novas funcionalidades e ajuste de procedimentos visando melhorar a efici\u00eancia dos processos de trabalho da Secretaria de Administra\u00e7\u00e3o com a utiliza\u00e7\u00e3o de ferramentas tecnol\u00f3gicas.<\/p>\n\n\n\n<p>Na gest\u00e3o Tribut\u00e1ria, a manuten\u00e7\u00e3o e aprimoramento de ferramentas tecnol\u00f3gicas de processos de trabalho das secretarias da Fazenda, Engenharia e Jur\u00eddico exigiu o empenho de 19.200 horas dos profissionais de TI dedicados aos sistemas de IPTU, Constru\u00e7\u00e3o Civil, Aprove, Rendas Mobili\u00e1rias, Tesouraria, Fiscaliza\u00e7\u00e3o, Nota Fiscal Eletr\u00f4nica e D\u00edvida Ativa.<\/p>\n\n\n\n<p>O Departamento de TI tamb\u00e9m empenhou 4.800 horas de trabalho nos sistemas de Folha de Pagamento, Frequ\u00eancia e Recursos Humanos.<\/p>\n\n\n\n<p><strong>Meu wi-fi<\/strong><\/p>\n\n\n\n<p>Foram implantados e s\u00e3o mantidos pelo Departamento de Tecnologia 18 pontos do Programa de Internet P\u00fablica Gratuita, denomina Meu Wi-Fi: Ponto Cidad\u00e3o, UBS Jo\u00e3o Pioli, Hospital Dia, UPA, Pra\u00e7a Dom Pedro, Rodovi\u00e1ria, Pa\u00e7o Municipal, Secretaria de Cultura, Casa da Mem\u00f3ria, Casar\u00e3o Pau Preto, Pista de Bicicross, UBS Camargo Andrade, UBS VII, UBS Campo Bonito, Bem Viver, Farm\u00e1cia Central e Criarte. O servi\u00e7o foi utilizado por 215.660 pessoas que acessaram a internet 3.070.851 vezes.<\/p>\n\n\n\n<p><strong>Infraestrutura e Redes<\/strong><\/p>\n\n\n\n<p>Al\u00e9m da cria\u00e7\u00e3o e gerenciamento de toda a estrutura de TI da Prefeitura, o Departamento de Tecnologia mant\u00e9m atualmente 201 redes administradas; 151 servidores administrados e registra a m\u00e9dia mensal de 1.424.840 de mensagens de e-mail processadas; mant\u00e9m um volume de 34,1 TB de dados armazenados e 922 ativos de rede monitorados, entre outros servi\u00e7os.<\/p>\n\n\n\n<p>De acordo com o diretor de TI da Prefeitura, Jos\u00e9 Carlos Melli Filho, o Departamento fecha 2023 com 200 quil\u00f4metros de rede fibra \u00f3tica que interligam todos os pontos de monitoramento de seguran\u00e7a, os sem\u00e1foros inteligentes e 191 pr\u00e9dios p\u00fablicos distribu\u00eddos em toda a cidade.<\/p>\n\n\n\n<p><strong>Concurso P\u00fablico<\/strong><\/p>\n\n\n\n<p>A Prefeitura de Indaiatuba publicou no dia 15 de dezembro o edital de abertura de Concurso P\u00fablico para o preenchimento de 116 vagas em 58 cargos diferentes. As inscri\u00e7\u00f5es dever\u00e3o ser realizadas no site do Instituto de Educa\u00e7\u00e3o e Desenvolvimento Social Nosso Rumo, que \u00e9 a empresa respons\u00e1vel pela aplica\u00e7\u00e3o do concurso, por meio do endere\u00e7o eletr\u00f4nico www.nossorumo.org.br, a partir de 04 de janeiro at\u00e9 08 de fevereiro de 2024.<\/p>\n\n\n\n<p>A oferta de vagas \u00e9 destinada a cargos operacionais com escolaridade de Ensino Fundamental incompleto e completo, cargos administrativos de Ensino M\u00e9dio e T\u00e9cnico e especialistas com Ensino Superior em diversas \u00e1reas, incluindo professores e m\u00e9dicos. A prova objetiva est\u00e1 prevista para acontecer no dia 10 de mar\u00e7o de 2024.<\/p>\n","protected":false},"excerpt":{"rendered":"<p>Em dezembro, Prefeitura publicou edital de Concurso P\u00fablico para preencher 116 vagas O balan\u00e7o de 2023 da Secretaria de Administra\u00e7\u00e3o apresenta novidades nos servi\u00e7os de transporte coletivo urbano e amplia\u00e7\u00e3o da oferta de servi\u00e7os&nbsp;on-line&nbsp;voltados ao atendimento aos mun\u00edcipes e tamb\u00e9m na amplia\u00e7\u00e3o de ferramentas que agilizam os processos administrativos internos. A abertura de um Concurso [&hellip;]<\/p>\n","protected":false},"author":8,"featured_media":21220,"comment_status":"closed","ping_status":"open","sticky":false,"template":"","format":"standard","meta":{"rop_custom_images_group":[],"rop_custom_messages_group":[],"rop_publish_now":"initial","rop_publish_now_accounts":[],"rop_publish_now_history":[],"rop_publish_now_status":"pending","footnotes":""},"categories":[188],"tags":[],"class_list":["post-21219","post","type-post","status-publish","format-standard","has-post-thumbnail","hentry","category-indaiatuba"],"amp_enabled":true,"_links":{"self":[{"href":"https:\/\/imais.online\/portal\/wp-json\/wp\/v2\/posts\/21219","targetHints":{"allow":["GET"]}}],"collection":[{"href":"https:\/\/imais.online\/portal\/wp-json\/wp\/v2\/posts"}],"about":[{"href":"https:\/\/imais.online\/portal\/wp-json\/wp\/v2\/types\/post"}],"author":[{"embeddable":true,"href":"https:\/\/imais.online\/portal\/wp-json\/wp\/v2\/users\/8"}],"replies":[{"embeddable":true,"href":"https:\/\/imais.online\/portal\/wp-json\/wp\/v2\/comments?post=21219"}],"version-history":[{"count":1,"href":"https:\/\/imais.online\/portal\/wp-json\/wp\/v2\/posts\/21219\/revisions"}],"predecessor-version":[{"id":21221,"href":"https:\/\/imais.online\/portal\/wp-json\/wp\/v2\/posts\/21219\/revisions\/21221"}],"wp:featuredmedia":[{"embeddable":true,"href":"https:\/\/imais.online\/portal\/wp-json\/wp\/v2\/media\/21220"}],"wp:attachment":[{"href":"https:\/\/imais.online\/portal\/wp-json\/wp\/v2\/media?parent=21219"}],"wp:term":[{"taxonomy":"category","embeddable":true,"href":"https:\/\/imais.online\/portal\/wp-json\/wp\/v2\/categories?post=21219"},{"taxonomy":"post_tag","embeddable":true,"href":"https:\/\/imais.online\/portal\/wp-json\/wp\/v2\/tags?post=21219"}],"curies":[{"name":"wp","href":"https:\/\/api.w.org\/{rel}","templated":true}]}}