{"id":21225,"date":"2023-12-19T12:03:07","date_gmt":"2023-12-19T15:03:07","guid":{"rendered":"https:\/\/imais.online\/portal\/?p=21225"},"modified":"2023-12-19T12:03:08","modified_gmt":"2023-12-19T15:03:08","slug":"fissura-gigante-se-abre-no-solo-e-expele-lava-durante-erupcao-vulcanica-na-islandia","status":"publish","type":"post","link":"https:\/\/imais.online\/portal\/fissura-gigante-se-abre-no-solo-e-expele-lava-durante-erupcao-vulcanica-na-islandia\/","title":{"rendered":"Fissura gigante se abre no solo e expele lava durante erup\u00e7\u00e3o vulc\u00e2nica na Isl\u00e2ndia"},"content":{"rendered":"<div class=\"imais-before-content-placement\" id=\"imais-2720427264\"><script async src=\"\/\/pagead2.googlesyndication.com\/pagead\/js\/adsbygoogle.js?client=ca-pub-8787528412751566\" crossorigin=\"anonymous\"><\/script><ins class=\"adsbygoogle\" style=\"display:block;\" data-ad-client=\"ca-pub-8787528412751566\" \ndata-ad-slot=\"\" \ndata-ad-format=\"auto\"><\/ins>\n<script> \n(adsbygoogle = window.adsbygoogle || []).push({}); \n<\/script>\n<\/div>\n<h2 class=\"wp-block-heading\">Rachadura na superf\u00edcie do solo, no sudoeste do pa\u00eds, tinha extens\u00e3o inicial de 3,5 km, mas se expandia rapidamente<\/h2>\n\n\n\n<p>Um vulc\u00e3o entrou em erup\u00e7\u00e3o na noite desta segunda-feira (18), no sudoeste da&nbsp;<a href=\"https:\/\/busca.r7.com\/?q=isl%C3%A2ndia\"><strong>Isl\u00e2ndia<\/strong><\/a>, e expeliu lava e fuma\u00e7a por uma ampla \u00e1rea, amea\u00e7ando a cidade de Grindavik, que fica pr\u00f3xima, ap\u00f3s semanas de intensa atividade s\u00edsmica, conforme informou o Escrit\u00f3rio Meteorol\u00f3gico do pa\u00eds.&nbsp;<\/p>\n\n\n\n<p>O aeroporto internacional Keflavik, pr\u00f3ximo \u00e0 capital, Reykjavik, permaneceu aberto, embora com atrasos significativos nas chegadas e partidas.<\/p>\n\n\n\n<p>Imagens e transmiss\u00f5es ao vivo da erup\u00e7\u00e3o exibidas pela ag\u00eancia de not\u00edcias Reuters e outros ve\u00edculos mostram rocha derretida jorrando espetacularmente de fissuras no solo, com suas cores amarelo brilhante e laranja contrastando nitidamente com o c\u00e9u noturno escuro.<\/p>\n\n\n\n<p>A fissura na superf\u00edcie terrestre tinha cerca de 3,5 km de comprimento e crescia rapidamente, acrescentou o Escrit\u00f3rio Meteorol\u00f3gico.<\/p>\n\n\n\n<p>Entre 100 m\u00b3 e 200 m\u00b3 de lava emergiam por segundo, v\u00e1rias vezes mais do que em erup\u00e7\u00f5es anteriores na \u00e1rea, disse o \u00f3rg\u00e3o.<\/p>\n\n\n\n<p>Fonte R7<\/p>\n","protected":false},"excerpt":{"rendered":"<p>Rachadura na superf\u00edcie do solo, no sudoeste do pa\u00eds, tinha extens\u00e3o inicial de 3,5 km, mas se expandia rapidamente Um vulc\u00e3o entrou em erup\u00e7\u00e3o na noite desta segunda-feira (18), no sudoeste da&nbsp;Isl\u00e2ndia, e expeliu lava e fuma\u00e7a por uma ampla \u00e1rea, amea\u00e7ando a cidade de Grindavik, que fica pr\u00f3xima, ap\u00f3s semanas de intensa atividade s\u00edsmica, [&hellip;]<\/p>\n","protected":false},"author":8,"featured_media":21226,"comment_status":"closed","ping_status":"open","sticky":false,"template":"","format":"standard","meta":{"rop_custom_images_group":[],"rop_custom_messages_group":[],"rop_publish_now":"initial","rop_publish_now_accounts":[],"rop_publish_now_history":[],"rop_publish_now_status":"pending","footnotes":""},"categories":[212],"tags":[],"class_list":["post-21225","post","type-post","status-publish","format-standard","has-post-thumbnail","hentry","category-internacional"],"amp_enabled":true,"_links":{"self":[{"href":"https:\/\/imais.online\/portal\/wp-json\/wp\/v2\/posts\/21225","targetHints":{"allow":["GET"]}}],"collection":[{"href":"https:\/\/imais.online\/portal\/wp-json\/wp\/v2\/posts"}],"about":[{"href":"https:\/\/imais.online\/portal\/wp-json\/wp\/v2\/types\/post"}],"author":[{"embeddable":true,"href":"https:\/\/imais.online\/portal\/wp-json\/wp\/v2\/users\/8"}],"replies":[{"embeddable":true,"href":"https:\/\/imais.online\/portal\/wp-json\/wp\/v2\/comments?post=21225"}],"version-history":[{"count":1,"href":"https:\/\/imais.online\/portal\/wp-json\/wp\/v2\/posts\/21225\/revisions"}],"predecessor-version":[{"id":21227,"href":"https:\/\/imais.online\/portal\/wp-json\/wp\/v2\/posts\/21225\/revisions\/21227"}],"wp:featuredmedia":[{"embeddable":true,"href":"https:\/\/imais.online\/portal\/wp-json\/wp\/v2\/media\/21226"}],"wp:attachment":[{"href":"https:\/\/imais.online\/portal\/wp-json\/wp\/v2\/media?parent=21225"}],"wp:term":[{"taxonomy":"category","embeddable":true,"href":"https:\/\/imais.online\/portal\/wp-json\/wp\/v2\/categories?post=21225"},{"taxonomy":"post_tag","embeddable":true,"href":"https:\/\/imais.online\/portal\/wp-json\/wp\/v2\/tags?post=21225"}],"curies":[{"name":"wp","href":"https:\/\/api.w.org\/{rel}","templated":true}]}}