{"id":21228,"date":"2023-12-19T12:07:52","date_gmt":"2023-12-19T15:07:52","guid":{"rendered":"https:\/\/imais.online\/portal\/?p=21228"},"modified":"2023-12-19T12:07:53","modified_gmt":"2023-12-19T15:07:53","slug":"irma-de-celine-dion-afirma-que-a-cantora-perdeu-o-controle-dos-musculos","status":"publish","type":"post","link":"https:\/\/imais.online\/portal\/irma-de-celine-dion-afirma-que-a-cantora-perdeu-o-controle-dos-musculos\/","title":{"rendered":"Irm\u00e3 de C\u00e9line Dion afirma que a cantora perdeu o controle dos m\u00fasculos"},"content":{"rendered":"<div class=\"imais-before-content-placement\" id=\"imais-750574699\"><script async src=\"\/\/pagead2.googlesyndication.com\/pagead\/js\/adsbygoogle.js?client=ca-pub-8787528412751566\" crossorigin=\"anonymous\"><\/script><ins class=\"adsbygoogle\" style=\"display:block;\" data-ad-client=\"ca-pub-8787528412751566\" \ndata-ad-slot=\"\" \ndata-ad-format=\"auto\"><\/ins>\n<script> \n(adsbygoogle = window.adsbygoogle || []).push({}); \n<\/script>\n<\/div>\n<h2 class=\"wp-block-heading\">A artista se afastou dos palcos ap\u00f3s ter sido diagnosticada com uma doen\u00e7a rara, a s\u00edndrome da pessoa r\u00edgida<\/h2>\n\n\n\n<p>Irm\u00e3 de C\u00e9line Dion, Claudette Dion \u2014 que tamb\u00e9m \u00e9 cantora \u2014 comentou o estado de sa\u00fade da int\u00e9rprete de\u00a0<em>My Heart Will Go On<\/em>\u00a0para a revista canadense 7Jours. Segundo ela, C\u00e9line vem &#8220;trabalhando duro&#8221; para voltar aos palcos. H\u00e1 um ano,\u00a0<a href=\"https:\/\/entretenimento.r7.com\/musica\/celine-dion-revela-que-sofre-de-doenca-neurologica-rara-e-incuravel-tem-sido-muito-dificil-08122022\">ela se afastou para tratar a s\u00edndrome da pessoa r\u00edgida<\/a>, condi\u00e7\u00e3o rara e sem cura. Claudette ainda confirmou que a irm\u00e3 perdeu o controle dos m\u00fasculos.<\/p>\n\n\n\n<p>&#8220;H\u00e1 quem tenha perdido as esperan\u00e7as, porque \u00e9 uma doen\u00e7a ainda desconhecida&#8221;, confessou. &#8220;Ela trabalha muito, mas n\u00e3o tem controle dos m\u00fasculos. O que me d\u00f3i \u00e9 que ela sempre foi disciplinada. Ela sempre trabalhou duro. Nos nossos sonhos e nos dela, a ideia \u00e9 voltar aos palcos. Em qual estado? N\u00e3o sei. As cordas vocais s\u00e3o m\u00fasculos e o cora\u00e7\u00e3o tamb\u00e9m \u00e9 um m\u00fasculo. Isso \u00e9 o que me pega&#8221;, afirmou.<\/p>\n\n\n\n<p>Claudette explica, ainda, que a falta de pesquisas em torno da condi\u00e7\u00e3o rara \u00e9 outro complicador. &#8220;Como \u00e9 um caso em um milh\u00e3o, os cientistas n\u00e3o fizeram tantas pesquisas, porque n\u00e3o acomete tantas pessoas&#8221;, diz.<\/p>\n\n\n\n<h3 class=\"wp-block-heading\">S\u00edndrome da pessoa r\u00edgida<\/h3>\n\n\n\n<p>A s\u00edndrome da pessoa r\u00edgida \u00e9 uma condi\u00e7\u00e3o neurol\u00f3gica rara, que afeta uma ou duas pessoas em cada milh\u00e3o e \u00e9 caracterizada por rigidez muscular e espasmos. Apesar de n\u00e3o ter cura, h\u00e1 possibilidades de tratamento, que s\u00e3o limitadas e variam de pessoa para pessoa. &#8220;H\u00e1 pouco que possamos fazer para apoi\u00e1-la, para aliviar sua dor&#8221;, revelou a irm\u00e3 de C\u00e9line Dion.<\/p>\n\n\n\n<p>Ap\u00f3s revelar seu diagn\u00f3stico, C\u00e9line cancelou todos os shows at\u00e9 2024 e passou a morar com outra irm\u00e3, Linda, ficando sob os cuidados da fam\u00edlia. Ela \u00e9 m\u00e3e de Ren\u00e9-Charles, hoje com 22 anos.<\/p>\n\n\n\n<p>&#8220;\u00c9 reconfortante para todos n\u00f3s [t\u00ea-los perto de Celine]&#8221;, diz Claudette \u00e0 revista Hello!Canada.<\/p>\n\n\n\n<p>Apesar das not\u00edcias frustrantes, a irm\u00e3 de Dion n\u00e3o perde a esperan\u00e7a. &#8220;Estamos cruzando os dedos para que os pesquisadores encontrem um rem\u00e9dio para esta doen\u00e7a terr\u00edvel&#8221;, disse.<\/p>\n\n\n\n<p>Fonte R7<\/p>\n","protected":false},"excerpt":{"rendered":"<p>A artista se afastou dos palcos ap\u00f3s ter sido diagnosticada com uma doen\u00e7a rara, a s\u00edndrome da pessoa r\u00edgida Irm\u00e3 de C\u00e9line Dion, Claudette Dion \u2014 que tamb\u00e9m \u00e9 cantora \u2014 comentou o estado de sa\u00fade da int\u00e9rprete de\u00a0My Heart Will Go On\u00a0para a revista canadense 7Jours. Segundo ela, C\u00e9line vem &#8220;trabalhando duro&#8221; para voltar [&hellip;]<\/p>\n","protected":false},"author":8,"featured_media":21229,"comment_status":"closed","ping_status":"open","sticky":false,"template":"","format":"standard","meta":{"rop_custom_images_group":[],"rop_custom_messages_group":[],"rop_publish_now":"initial","rop_publish_now_accounts":[],"rop_publish_now_history":[],"rop_publish_now_status":"pending","footnotes":""},"categories":[212],"tags":[],"class_list":["post-21228","post","type-post","status-publish","format-standard","has-post-thumbnail","hentry","category-internacional"],"amp_enabled":true,"_links":{"self":[{"href":"https:\/\/imais.online\/portal\/wp-json\/wp\/v2\/posts\/21228","targetHints":{"allow":["GET"]}}],"collection":[{"href":"https:\/\/imais.online\/portal\/wp-json\/wp\/v2\/posts"}],"about":[{"href":"https:\/\/imais.online\/portal\/wp-json\/wp\/v2\/types\/post"}],"author":[{"embeddable":true,"href":"https:\/\/imais.online\/portal\/wp-json\/wp\/v2\/users\/8"}],"replies":[{"embeddable":true,"href":"https:\/\/imais.online\/portal\/wp-json\/wp\/v2\/comments?post=21228"}],"version-history":[{"count":1,"href":"https:\/\/imais.online\/portal\/wp-json\/wp\/v2\/posts\/21228\/revisions"}],"predecessor-version":[{"id":21230,"href":"https:\/\/imais.online\/portal\/wp-json\/wp\/v2\/posts\/21228\/revisions\/21230"}],"wp:featuredmedia":[{"embeddable":true,"href":"https:\/\/imais.online\/portal\/wp-json\/wp\/v2\/media\/21229"}],"wp:attachment":[{"href":"https:\/\/imais.online\/portal\/wp-json\/wp\/v2\/media?parent=21228"}],"wp:term":[{"taxonomy":"category","embeddable":true,"href":"https:\/\/imais.online\/portal\/wp-json\/wp\/v2\/categories?post=21228"},{"taxonomy":"post_tag","embeddable":true,"href":"https:\/\/imais.online\/portal\/wp-json\/wp\/v2\/tags?post=21228"}],"curies":[{"name":"wp","href":"https:\/\/api.w.org\/{rel}","templated":true}]}}