{"id":21231,"date":"2023-12-19T12:10:16","date_gmt":"2023-12-19T15:10:16","guid":{"rendered":"https:\/\/imais.online\/portal\/?p=21231"},"modified":"2023-12-19T12:10:17","modified_gmt":"2023-12-19T15:10:17","slug":"governo-lanca-nesta-terca-feira-aplicativo-que-bloqueia-celulares-roubados-veja-detalhes","status":"publish","type":"post","link":"https:\/\/imais.online\/portal\/governo-lanca-nesta-terca-feira-aplicativo-que-bloqueia-celulares-roubados-veja-detalhes\/","title":{"rendered":"Governo lan\u00e7a nesta ter\u00e7a-feira aplicativo que bloqueia celulares roubados; veja detalhes"},"content":{"rendered":"<div class=\"imais-before-content-placement\" id=\"imais-2856187612\"><script async src=\"\/\/pagead2.googlesyndication.com\/pagead\/js\/adsbygoogle.js?client=ca-pub-8787528412751566\" crossorigin=\"anonymous\"><\/script><ins class=\"adsbygoogle\" style=\"display:block;\" data-ad-client=\"ca-pub-8787528412751566\" \ndata-ad-slot=\"\" \ndata-ad-format=\"auto\"><\/ins>\n<script> \n(adsbygoogle = window.adsbygoogle || []).push({}); \n<\/script>\n<\/div>\n<h2 class=\"wp-block-heading\">Celular Seguro vai estar dispon\u00edvel na internet e nas principais lojas de aplicativos;\u00a0registro do usu\u00e1rio vai utilizar conta do gov.br<\/h2>\n\n\n\n<p>O\u00a0<a rel=\"noreferrer noopener\" href=\"https:\/\/noticias.r7.com\/brasilia\/ministerio-da-justica-estende-prazo-e-forca-nacional-fica-em-terra-indigena-no-para-ate-fevereiro-18122023\" target=\"_blank\">Minist\u00e9rio da Justi\u00e7a e Seguran\u00e7a P\u00fablica<\/a>\u00a0lan\u00e7a o site e aplicativo Celular Seguro nesta ter\u00e7a-feira (19). Com o novo servi\u00e7o, pessoas que forem v\u00edtimas de furto ou roubo v\u00e3o poder bloquear o aparelho, a linha telef\u00f4nica e os aplicativos banc\u00e1rios em poucos cliques. Segundo dados do \u00faltimo Anu\u00e1rio Brasileiro de Seguran\u00e7a P\u00fablica, o Brasil registrou aumento de 16% desse tipo de crime em 2022, quando comparado ao ano anterior.<\/p>\n\n\n\n<p>A nova ferramenta vai estar dispon\u00edvel na internet e nas principais lojas de aplicativos. O registro do usu\u00e1rio vai utilizar a mesma conta do\u00a0<a rel=\"noreferrer noopener\" href=\"https:\/\/www.gov.br\/pt-br\" target=\"_blank\">gov.br<\/a>, plataforma de acesso a servi\u00e7os do governo federal. Cada pessoa cadastrada poder\u00e1 indicar contatos de seguran\u00e7a, que v\u00e3o poder efetuar os bloqueios se o titular tiver o aparelho roubado ou furtado.<\/p>\n\n\n\n<p>A Ag\u00eancia Nacional de Telecomunica\u00e7\u00f5es (Anatel), a Federa\u00e7\u00e3o Brasileira de Bancos (Febraban), institui\u00e7\u00f5es financeiras e entidades privadas s\u00e3o parceiras da a\u00e7\u00e3o.<\/p>\n\n\n\n<h3 class=\"wp-block-heading\">Dados<\/h3>\n\n\n\n<p>O Anu\u00e1rio Brasileiro de Seguran\u00e7a P\u00fablica de 2023 divulgou o registro de quase 1 milh\u00e3o de casos de roubo ou furto de celulares em 2022 no Brasil. O \u00edndice representa crescimento de 16,6% quando comparado ao do ano de 2021.<\/p>\n\n\n\n<p>A Para\u00edba foi o estado com o maior aumento desse tipo de ocorr\u00eancia, com 157,7%. Bahia, com 132,2%, e Rio de Janeiro, com 109,3%, completam a lista dos estados com os maiores registros.<\/p>\n\n\n\n<p>Fonte R7<\/p>\n","protected":false},"excerpt":{"rendered":"<p>Celular Seguro vai estar dispon\u00edvel na internet e nas principais lojas de aplicativos;\u00a0registro do usu\u00e1rio vai utilizar conta do gov.br O\u00a0Minist\u00e9rio da Justi\u00e7a e Seguran\u00e7a P\u00fablica\u00a0lan\u00e7a o site e aplicativo Celular Seguro nesta ter\u00e7a-feira (19). Com o novo servi\u00e7o, pessoas que forem v\u00edtimas de furto ou roubo v\u00e3o poder bloquear o aparelho, a linha telef\u00f4nica [&hellip;]<\/p>\n","protected":false},"author":8,"featured_media":21232,"comment_status":"closed","ping_status":"open","sticky":false,"template":"","format":"standard","meta":{"rop_custom_images_group":[],"rop_custom_messages_group":[],"rop_publish_now":"initial","rop_publish_now_accounts":[],"rop_publish_now_history":[],"rop_publish_now_status":"pending","footnotes":""},"categories":[189],"tags":[],"class_list":["post-21231","post","type-post","status-publish","format-standard","has-post-thumbnail","hentry","category-brasil"],"amp_enabled":true,"_links":{"self":[{"href":"https:\/\/imais.online\/portal\/wp-json\/wp\/v2\/posts\/21231","targetHints":{"allow":["GET"]}}],"collection":[{"href":"https:\/\/imais.online\/portal\/wp-json\/wp\/v2\/posts"}],"about":[{"href":"https:\/\/imais.online\/portal\/wp-json\/wp\/v2\/types\/post"}],"author":[{"embeddable":true,"href":"https:\/\/imais.online\/portal\/wp-json\/wp\/v2\/users\/8"}],"replies":[{"embeddable":true,"href":"https:\/\/imais.online\/portal\/wp-json\/wp\/v2\/comments?post=21231"}],"version-history":[{"count":1,"href":"https:\/\/imais.online\/portal\/wp-json\/wp\/v2\/posts\/21231\/revisions"}],"predecessor-version":[{"id":21233,"href":"https:\/\/imais.online\/portal\/wp-json\/wp\/v2\/posts\/21231\/revisions\/21233"}],"wp:featuredmedia":[{"embeddable":true,"href":"https:\/\/imais.online\/portal\/wp-json\/wp\/v2\/media\/21232"}],"wp:attachment":[{"href":"https:\/\/imais.online\/portal\/wp-json\/wp\/v2\/media?parent=21231"}],"wp:term":[{"taxonomy":"category","embeddable":true,"href":"https:\/\/imais.online\/portal\/wp-json\/wp\/v2\/categories?post=21231"},{"taxonomy":"post_tag","embeddable":true,"href":"https:\/\/imais.online\/portal\/wp-json\/wp\/v2\/tags?post=21231"}],"curies":[{"name":"wp","href":"https:\/\/api.w.org\/{rel}","templated":true}]}}