{"id":21243,"date":"2023-12-20T10:42:49","date_gmt":"2023-12-20T13:42:49","guid":{"rendered":"https:\/\/imais.online\/portal\/?p=21243"},"modified":"2023-12-20T10:42:50","modified_gmt":"2023-12-20T13:42:50","slug":"programa-ali-rural-tem-inscricoes-abertas-ate-15-de-janeiro","status":"publish","type":"post","link":"https:\/\/imais.online\/portal\/programa-ali-rural-tem-inscricoes-abertas-ate-15-de-janeiro\/","title":{"rendered":"Programa ALI Rural tem inscri\u00e7\u00f5es abertas at\u00e9 15 de janeiro"},"content":{"rendered":"<div class=\"imais-before-content-placement\" id=\"imais-2284838278\"><script async src=\"\/\/pagead2.googlesyndication.com\/pagead\/js\/adsbygoogle.js?client=ca-pub-8787528412751566\" crossorigin=\"anonymous\"><\/script><ins class=\"adsbygoogle\" style=\"display:block;\" data-ad-client=\"ca-pub-8787528412751566\" \ndata-ad-slot=\"\" \ndata-ad-format=\"auto\"><\/ins>\n<script> \n(adsbygoogle = window.adsbygoogle || []).push({}); \n<\/script>\n<\/div>\n<p><em><small>Objetivo \u00e9 trazer solu\u00e7\u00f5es para o aumento de faturamento dos produtores rurais<\/small><\/em><\/p>\n\n\n\n<p>A Secretaria de Governo, por meio do Sebrae Aqui, abre vagas para o novo ciclo do Programa ALI Rural 2024. As inscri\u00e7\u00f5es devem ser realizadas pelo&nbsp;<a href=\"https:\/\/contato.sebraesp.com.br\/alirural\/?fbclid=PAAaaBC38NdD0CDz50SaDy6jOwWd_T1z-dS8Nsw-WyQqOgWO_0V5Ry6Y_Wbug\">link<\/a>&nbsp;at\u00e9 o dia 15 de janeiro. \u00c9 destinado aos micro e pequenos empres\u00e1rios do segmento do agroneg\u00f3cio que buscam inova\u00e7\u00e3o e desenvolvimento sustent\u00e1vel, com a dura\u00e7\u00e3o de at\u00e9 oito meses e conta com reuni\u00f5es ou atividades semanais.<\/p>\n\n\n\n<p>Neste per\u00edodo um agente local realiza um diagn\u00f3stico, apresenta solu\u00e7\u00f5es, acompanha a aplicabilidade realizada pelo produtor rural\/empres\u00e1rio, bem como, mensura os resultados atrav\u00e9s do aumento do faturamento ou redu\u00e7\u00e3o dos custos. Poder\u00e1 se inscrever o produtor rural com DAP ativa (no prazo de validade), CNPJ Rural, Registro de Pesca ou Inscri\u00e7\u00e3o estadual de produtor e que fatura at\u00e9 R$4.800.000,00 milh\u00f5es.<\/p>\n\n\n\n<p>Al\u00e9m disso, os Microeemprendedor Individual (MEI) que possuem a Classifica\u00e7\u00e3o Nacional de Atividades Econ\u00f4micas (CNAE) est\u00e3o aptos a participarem. Para mais informa\u00e7\u00f5es entrar em contato pelo telefone (19) 3834-9272.<\/p>\n","protected":false},"excerpt":{"rendered":"<p>Objetivo \u00e9 trazer solu\u00e7\u00f5es para o aumento de faturamento dos produtores rurais A Secretaria de Governo, por meio do Sebrae Aqui, abre vagas para o novo ciclo do Programa ALI Rural 2024. As inscri\u00e7\u00f5es devem ser realizadas pelo&nbsp;link&nbsp;at\u00e9 o dia 15 de janeiro. \u00c9 destinado aos micro e pequenos empres\u00e1rios do segmento do agroneg\u00f3cio que [&hellip;]<\/p>\n","protected":false},"author":8,"featured_media":21244,"comment_status":"closed","ping_status":"open","sticky":false,"template":"","format":"standard","meta":{"rop_custom_images_group":[],"rop_custom_messages_group":[],"rop_publish_now":"initial","rop_publish_now_accounts":[],"rop_publish_now_history":[],"rop_publish_now_status":"pending","footnotes":""},"categories":[188],"tags":[],"class_list":["post-21243","post","type-post","status-publish","format-standard","has-post-thumbnail","hentry","category-indaiatuba"],"amp_enabled":true,"_links":{"self":[{"href":"https:\/\/imais.online\/portal\/wp-json\/wp\/v2\/posts\/21243","targetHints":{"allow":["GET"]}}],"collection":[{"href":"https:\/\/imais.online\/portal\/wp-json\/wp\/v2\/posts"}],"about":[{"href":"https:\/\/imais.online\/portal\/wp-json\/wp\/v2\/types\/post"}],"author":[{"embeddable":true,"href":"https:\/\/imais.online\/portal\/wp-json\/wp\/v2\/users\/8"}],"replies":[{"embeddable":true,"href":"https:\/\/imais.online\/portal\/wp-json\/wp\/v2\/comments?post=21243"}],"version-history":[{"count":1,"href":"https:\/\/imais.online\/portal\/wp-json\/wp\/v2\/posts\/21243\/revisions"}],"predecessor-version":[{"id":21245,"href":"https:\/\/imais.online\/portal\/wp-json\/wp\/v2\/posts\/21243\/revisions\/21245"}],"wp:featuredmedia":[{"embeddable":true,"href":"https:\/\/imais.online\/portal\/wp-json\/wp\/v2\/media\/21244"}],"wp:attachment":[{"href":"https:\/\/imais.online\/portal\/wp-json\/wp\/v2\/media?parent=21243"}],"wp:term":[{"taxonomy":"category","embeddable":true,"href":"https:\/\/imais.online\/portal\/wp-json\/wp\/v2\/categories?post=21243"},{"taxonomy":"post_tag","embeddable":true,"href":"https:\/\/imais.online\/portal\/wp-json\/wp\/v2\/tags?post=21243"}],"curies":[{"name":"wp","href":"https:\/\/api.w.org\/{rel}","templated":true}]}}