{"id":21256,"date":"2023-12-20T11:05:45","date_gmt":"2023-12-20T14:05:45","guid":{"rendered":"https:\/\/imais.online\/portal\/?p=21256"},"modified":"2023-12-20T11:05:46","modified_gmt":"2023-12-20T14:05:46","slug":"ipva-2024-confira-os-calendarios-de-pagamento-descontos-e-valores-por-estado","status":"publish","type":"post","link":"https:\/\/imais.online\/portal\/ipva-2024-confira-os-calendarios-de-pagamento-descontos-e-valores-por-estado\/","title":{"rendered":"IPVA 2024: confira os calend\u00e1rios de pagamento, descontos e valores por estado"},"content":{"rendered":"<div class=\"imais-before-content-placement\" id=\"imais-2864265540\"><script async src=\"\/\/pagead2.googlesyndication.com\/pagead\/js\/adsbygoogle.js?client=ca-pub-8787528412751566\" crossorigin=\"anonymous\"><\/script><ins class=\"adsbygoogle\" style=\"display:block;\" data-ad-client=\"ca-pub-8787528412751566\" \ndata-ad-slot=\"\" \ndata-ad-format=\"auto\"><\/ins>\n<script> \n(adsbygoogle = window.adsbygoogle || []).push({}); \n<\/script>\n<\/div>\n<h2 class=\"wp-block-heading\">Secretarias da Fazenda de diversos locais do Brasil j\u00e1 divulgaram as datas para quitar o imposto anual<\/h2>\n\n\n\n<p>A\u00a0<strong>cobran\u00e7a do<\/strong><a class=\"\" href=\"https:\/\/autoesporte.globo.com\/servicos\/noticia\/2022\/05\/o-que-e-ipva-veja-a-historia-como-funciona-e-por-que-o-imposto-e-cobrado.ghtml\">\u00a0<strong>Imposto sobre Propriedades de Ve\u00edculos Automotores (IPVA)\u00a0<\/strong><\/a><strong>\u00e9 feita de forma anual e come\u00e7a j\u00e1 em janeiro de 2024 em boa parte do Brasil<\/strong>. As datas de pagamento e os valores mudam de acordo com cada estado. Alguns, ali\u00e1s, permitem que o tributo seja pago de forma parcelada e at\u00e9 oferecem descontos mais generosos para quem decide quitar o d\u00e9bito em cota \u00fanica.<\/p>\n\n\n\n<p>At\u00e9 o momento,<strong>\u00a012 estados e o Distrito Federal divulgaram todas as informa\u00e7\u00f5es sobre o pagamento do IPVA 2024<\/strong>. Os dados e o calend\u00e1rio est\u00e3o divididos por regi\u00f5es.\u00a0<strong>Veja abaixo:<\/strong><\/p>\n\n\n\n<h2 class=\"wp-block-heading\"><strong>Regi\u00e3o Sudeste<\/strong><\/h2>\n\n\n\n<ul class=\"wp-block-list\">\n<li><strong>Esp\u00edrito Santo &#8211; ES<\/strong><\/li>\n<\/ul>\n\n\n\n<p>No estado capixaba, a al\u00edquota do tributo \u00e9 de 2% para carros de passeio e 1% para motos, caminh\u00f5es, micro-\u00f4nibus e \u00f4nibus. Ve\u00edculos fabricados em 2008 est\u00e3o isentos automaticamente do pagamento do imposto por terem mais de 15 anos de fabrica\u00e7\u00e3o.<\/p>\n\n\n\n<p>Para quitar o d\u00e9bito, os motoristas e motociclistas podem realizar o pagamento em&nbsp;<strong>cota \u00fanica e com 15% de desconto<\/strong>. H\u00e1 ainda a possibilidade de<strong>&nbsp;parcelamento em seis vezes, entre os meses de abril e setembro, de acordo com o final da placa do ve\u00edculo<\/strong>.<\/p>\n\n\n\n<p>A emiss\u00e3o do Documento \u00danico de Arrecada\u00e7\u00e3o (DUA) deve ser feita pelo&nbsp;<a class=\"\" href=\"https:\/\/sefaz.es.gov.br\/\" target=\"_blank\" rel=\"noreferrer noopener\"><strong>site da Sefaz<\/strong><\/a>&nbsp;ou do Departamento Estadual de Tr\u00e2nsito do Esp\u00edrito Santo (Detran-ES). Os boletos estar\u00e3o dispon\u00edveis a partir de janeiro de 2024 e n\u00e3o ser\u00e3o mais entregues nos endere\u00e7os dos contribuintes.<\/p>\n\n\n\n<p>Calend\u00e1rio do IPVA do Esp\u00edrito Santo<\/p>\n\n\n\n<figure class=\"wp-block-table\"><table><tbody><tr><td>Final da placa<\/td><td>1\u00aa parcela ou cota \u00fanica com desconto<\/td><td>2\u00aa parcela<\/td><td>3\u00aa parcela<\/td><td>4\u00aa parcela<\/td><td>5\u00aa parcela<\/td><td>6\u00aa parcela<\/td><\/tr><tr><td>1 e 2<\/td><td>09\/04<\/td><td>09\/05<\/td><td>10\/06<\/td><td>10\/07<\/td><td>12\/08<\/td><td>12\/09<\/td><\/tr><tr><td>3 e 4<\/td><td>10\/04<\/td><td>13\/05<\/td><td>13\/06<\/td><td>15\/07<\/td><td>19\/08<\/td><td>19\/09<\/td><\/tr><tr><td>5 e 6<\/td><td>11\/04<\/td><td>14\/05<\/td><td>14\/06<\/td><td>16\/07<\/td><td>20\/08<\/td><td>20\/09<\/td><\/tr><tr><td>7 e 8<\/td><td>12\/04<\/td><td>15\/05<\/td><td>17\/06<\/td><td>17\/07<\/td><td>21\/08<\/td><td>23\/09<\/td><\/tr><tr><td>9 e 0<\/td><td>15\/04<\/td><td>16\/05<\/td><td>18\/06<\/td><td>18\/07<\/td><td>26\/08<\/td><td>26\/09<\/td><\/tr><\/tbody><\/table><\/figure>\n\n\n\n<p>Fonte: Sefaz-ES<\/p>\n\n\n\n<ul class=\"wp-block-list\">\n<li><strong>Minas Gerais &#8211; MG<\/strong><\/li>\n<\/ul>\n\n\n\n<p>A al\u00edquota do IPVA em Minas Gerais varia de 1% a 4% sobre o valor do ve\u00edculo. Carros de passeio pagam 4% sobre o valor do modelo. J\u00e1 motociclistas precisam debitar 2% de imposto. Por outro lado, ve\u00edculos de locadoras, \u00f4nibus, caminh\u00f5es e similares s\u00e3o cobrados por apenas 1%.<\/p>\n\n\n\n<p>Em 2024, o imposto poder\u00e1 ser pago em<strong>&nbsp;cota \u00fanica, com 3% de desconto, ou parcelado em at\u00e9 tr\u00eas vezes, sem redu\u00e7\u00e3o do valor<\/strong>. Caso o ve\u00edculo tenha as documenta\u00e7\u00f5es de 2022 e 2023 em dia, o propriet\u00e1rio ter\u00e1<strong>&nbsp;mais 3% de desconto concedido pelo programa &#8220;Bom Pagador&#8221;.<\/strong><\/p>\n\n\n\n<p>A consulta do valor do imposto pode ser feita por meio do n\u00famero do Renavam do ve\u00edculo, no<a class=\"\" href=\"http:\/\/www.fazenda.mg.gov.br\/noticias\/2023\/2023.12.05_ipva\/\" target=\"_blank\" rel=\"noreferrer noopener\">&nbsp;site da Secretaria de Fazenda<\/a>&nbsp;ou no LigMinas, pelo telefone 155.<\/p>\n\n\n\n<p>Calend\u00e1rio do IPVA de Minas Gerais<\/p>\n\n\n\n<figure class=\"wp-block-table\"><table><tbody><tr><td>Final da placa<\/td><td>Cota \u00fanica ou 1\u00aa parcela<\/td><td>2\u00aa parcela<\/td><td>3\u00aa parcela<\/td><\/tr><tr><td>1 e 2<\/td><td>15\/01<\/td><td>19\/02<\/td><td>18\/03<\/td><\/tr><tr><td>3 e 4<\/td><td>16\/01<\/td><td>20\/02<\/td><td>19\/03<\/td><\/tr><tr><td>5 e 6<\/td><td>17\/01<\/td><td>21\/02<\/td><td>20\/03<\/td><\/tr><tr><td>7 e 8<\/td><td>18\/01<\/td><td>22\/02<\/td><td>21\/03<\/td><\/tr><tr><td>9 e 0<\/td><td>19\/01<\/td><td>23\/02<\/td><td>22\/03<\/td><\/tr><\/tbody><\/table><\/figure>\n\n\n\n<p>Fonte: Detran-MG<\/p>\n\n\n\n<ul class=\"wp-block-list\">\n<li><strong>S\u00e3o Paulo &#8211; SP<\/strong><\/li>\n<\/ul>\n\n\n\n<p>A al\u00edquota do IPVA se mant\u00e9m em 4% para carros de passeio e 2% para motocicletas e similares, caminhonetes simples cabine simples, micro-\u00f4nibus e \u00f4nibus. Caminh\u00f5es ter\u00e3o que pagar 1,5% e a taxa \u00e9 de 1% para ve\u00edculos de locadoras.&nbsp;<a class=\"\" href=\"https:\/\/autoesporte.globo.com\/servicos\/noticia\/2023\/12\/ipva-sp-2024-confira-valor-descontos-e-calendario-de-pagamento.ghtml\"><strong>Veja aqui&nbsp;<\/strong><\/a>todas as informa\u00e7\u00f5es sobre o IPVA 2024 em S\u00e3o Paulo.<\/p>\n\n\n\n<p>Os contribuintes podem pagar o imposto em<strong>&nbsp;cota \u00fanica no m\u00eas de janeiro, com desconto de 3%, pagar integralmente em fevereiro, sem desconto, ou parcelar o tributo em at\u00e9 cinco veze<\/strong>s, de acordo com o final da placa do ve\u00edculo.<\/p>\n\n\n\n<p>Calend\u00e1rio do IPVA de S\u00e3o Paulo<\/p>\n\n\n\n<figure class=\"wp-block-table\"><table><tbody><tr><td>Final da placa<\/td><td>Janeiro<\/td><td>Fevereiro<\/td><td>Mar\u00e7o<\/td><td>Abril<\/td><td>Maio<\/td><\/tr><tr><td><\/td><td>1\u00aa parcela ou cota \u00fanica com 3% de desconto<\/td><td>2\u00aa parcela ou cota \u00fanica (sem desconto)<\/td><td>3\u00aa parcela (sem desconto)<\/td><td>4\u00aa parcela (sem desconto)<\/td><td>5\u00aa parcela (sem desconto)<\/td><\/tr><tr><td>1<\/td><td>11\/01<\/td><td>11\/02<\/td><td>11\/03<\/td><td>11\/04<\/td><td>11\/05<\/td><\/tr><tr><td>2<\/td><td>12\/01<\/td><td>12\/02<\/td><td>12\/03<\/td><td>12\/04<\/td><td>12\/05<\/td><\/tr><tr><td>3<\/td><td>15\/01<\/td><td>15\/02<\/td><td>15\/03<\/td><td>15\/04<\/td><td>15\/05<\/td><\/tr><tr><td>4<\/td><td>16\/01<\/td><td>16\/02<\/td><td>16\/03<\/td><td>16\/04<\/td><td>16\/05<\/td><\/tr><tr><td>5<\/td><td>17\/01<\/td><td>17\/02<\/td><td>17\/03<\/td><td>17\/04<\/td><td>17\/05<\/td><\/tr><tr><td>6<\/td><td>18\/01<\/td><td>18\/02<\/td><td>18\/03<\/td><td>18\/04<\/td><td>18\/05<\/td><\/tr><tr><td>7<\/td><td>19\/01<\/td><td>19\/02<\/td><td>19\/03<\/td><td>19\/04<\/td><td>19\/05<\/td><\/tr><tr><td>8<\/td><td>22\/01<\/td><td>22\/02<\/td><td>22\/03<\/td><td>22\/04<\/td><td>22\/05<\/td><\/tr><tr><td>9<\/td><td>23\/01<\/td><td>23\/02<\/td><td>23\/03<\/td><td>23\/04<\/td><td>23\/05<\/td><\/tr><tr><td>0<\/td><td>24\/01<\/td><td>24\/02<\/td><td>24\/03<\/td><td>24\/04<\/td><td>24\/05<\/td><\/tr><\/tbody><\/table><\/figure>\n\n\n\n<p>Fonte: Sefaz-SP<\/p>\n\n\n\n<ul class=\"wp-block-list\">\n<li><strong>Rio de Janeiro &#8211; RJ<\/strong><\/li>\n<\/ul>\n\n\n\n<p>A al\u00edquota do IPVA no RJ continua em 4% para carros de passeio e de 2% para motocicletas, \u00f4nibus, caminh\u00f5es e similares. Donos de autom\u00f3veis movidos a G\u00e1s Natural Veicular (GNV) t\u00eam IPVA de 1,5%. Por outro lado, propriet\u00e1rios de carros el\u00e9tricos precisam pagar 0,5% sobre o valor do autom\u00f3vel.<\/p>\n\n\n\n<p>Em 2024, ser\u00e1 poss\u00edvel quitar o imposto em<strong>&nbsp;cota \u00fanica, com desconto de 3%<\/strong>, no dia 22 de janeiro. H\u00e1 tamb\u00e9m a possibilidade de<strong>&nbsp;parcelar o IPVA em at\u00e9 tr\u00eas vezes&nbsp;<\/strong>nos meses de janeiro, fevereiro, mar\u00e7o ou abril, de acordo com o final da placa de cada modelo.&nbsp;<a class=\"\" href=\"https:\/\/autoesporte.globo.com\/servicos\/noticia\/2023\/12\/ipva-rj-2024-confira-valor-descontos-e-calendario-de-pagamento.ghtml\"><strong>Veja aqui<\/strong><\/a>&nbsp;todas as informa\u00e7\u00f5es sobre o IPVA 2024 no Rio de Janeiro.<\/p>\n\n\n\n<p>Calend\u00e1rio do IPVA do Rio de Janeiro<\/p>\n\n\n\n<figure class=\"wp-block-table\"><table><tbody><tr><td>Final da placa<\/td><td>Cota \u00fanica ou 1\u00aa parcela<\/td><td>2\u00aa parcela<\/td><td>3\u00aa parcela<\/td><\/tr><tr><td>0<\/td><td>22\/01<\/td><td>21\/02<\/td><td>22\/03<\/td><\/tr><tr><td>1<\/td><td>23\/01<\/td><td>22\/02<\/td><td>26\/03<\/td><\/tr><tr><td>2<\/td><td>24\/01<\/td><td>23\/02<\/td><td>27\/03<\/td><\/tr><tr><td>3<\/td><td>25\/01<\/td><td>26\/02<\/td><td>01\/04<\/td><\/tr><tr><td>4<\/td><td>26\/01<\/td><td>27\/02<\/td><td>02\/04<\/td><\/tr><tr><td>5<\/td><td>29\/01<\/td><td>29\/02<\/td><td>04\/04<\/td><\/tr><tr><td>6<\/td><td>30\/01<\/td><td>01\/03<\/td><td>05\/04<\/td><\/tr><tr><td>7<\/td><td>31\/01<\/td><td>04\/03<\/td><td>08\/04<\/td><\/tr><tr><td>8<\/td><td>01\/02<\/td><td>06\/03<\/td><td>09\/04<\/td><\/tr><tr><td>9<\/td><td>02\/02<\/td><td>08\/03<\/td><td>11\/04<\/td><\/tr><\/tbody><\/table><\/figure>\n\n\n\n<h2 class=\"wp-block-heading\">Regi\u00e3o Sul<\/h2>\n\n\n\n<ul class=\"wp-block-list\">\n<li><strong>Paran\u00e1 (PR)<\/strong><\/li>\n<\/ul>\n\n\n\n<p>No Paran\u00e1, as al\u00edquotas de IPVA para 2024 s\u00e3o as mesmas de 2023. S\u00e3o 3,5% de imposto para carros, caminhonetes e motocicletas e 1% para caminh\u00f5es, \u00f4nibus e ve\u00edculos de locadoras.<\/p>\n\n\n\n<p>Umas das novidades \u00e9 a possibilidade de realizar o<strong>&nbsp;pagamento \u00e0 vista com desconto de 6%<\/strong>. No ano passado, o abatimento nestes casos era menor, de 3%. \u00c9 poss\u00edvel tamb\u00e9m&nbsp;<strong>parcelar o pagamento em at\u00e9 cinco vezes<\/strong>, mas sem desconto.<\/p>\n\n\n\n<p>Os<a class=\"\" href=\"https:\/\/www.aen.pr.gov.br\/Noticia\/Com-desconto-de-6-aprovado-Fazenda-divulga-calendario-do-IPVA-2024\" target=\"_blank\" rel=\"noreferrer noopener\">&nbsp;prazos para o pagamento da parcela \u00fanica<\/a>&nbsp;ou da primeira cota foram fixados entre 17 e 23 de janeiro de 2024, a depender do n\u00famero final da placa do ve\u00edculo.<\/p>\n\n\n\n<p>Calend\u00e1rio do IPVA do Paran\u00e1<\/p>\n\n\n\n<figure class=\"wp-block-table\"><table><tbody><tr><td>Final da placa<\/td><td>1\u00aa parcela ou cota \u00fanica<\/td><td>2\u00aa parcela<\/td><td>3\u00aa parcela<\/td><td>4\u00aa parcela<\/td><td>5\u00aa parcela<\/td><\/tr><tr><td>1 e 2<\/td><td>17\/01<\/td><td>19\/02<\/td><td>18\/03<\/td><td>17\/04<\/td><td>17\/05<\/td><\/tr><tr><td>3 e 4<\/td><td>28\/01<\/td><td>20\/02<\/td><td>19\/03<\/td><td>18\/04<\/td><td>20\/05<\/td><\/tr><tr><td>5 e 6<\/td><td>19\/01<\/td><td>21\/02<\/td><td>20\/03<\/td><td>19\/04<\/td><td>21\/05<\/td><\/tr><tr><td>7 e 8<\/td><td>22\/01<\/td><td>22\/02<\/td><td>21\/03<\/td><td>22\/04<\/td><td>22\/05<\/td><\/tr><tr><td>9 e 0<\/td><td>23\/01<\/td><td>23\/02<\/td><td>22\/03<\/td><td>23\/04<\/td><td>23\/05<\/td><\/tr><\/tbody><\/table><\/figure>\n\n\n\n<p>Fonte: Sefaz-PR<\/p>\n\n\n\n<h2 class=\"wp-block-heading\">Regi\u00e3o Centro-Oeste<\/h2>\n\n\n\n<ul class=\"wp-block-list\">\n<li><strong>Distrito Federal &#8211; DF<\/strong><\/li>\n<\/ul>\n\n\n\n<p>O pagamento do tributo no Distrito Federal \u00e9 de 3,5% para carros de passeio, 1% para caminh\u00f5es e utilit\u00e1rios e 2% para motocicletas. Em 2024, o pagamento poder\u00e1 ser feito<strong>&nbsp;em cota \u00fanica, no dia 19 de janeiro, mas sem descontos<\/strong>. Quem preferir tamb\u00e9m pode&nbsp;<strong>parcelar o valor do imposto em at\u00e9 seis vezes<\/strong>.<\/p>\n\n\n\n<p>Caso o IPVA tenha valor inferior a R$ 100, dever\u00e1 ser pago em uma \u00fanica presta\u00e7\u00e3o. Al\u00e9m disso, o valor de cada parcela n\u00e3o poder\u00e1 ser menor do que R$ 50.<\/p>\n\n\n\n<p>Calend\u00e1rio do IPVA do Distrito Federal<\/p>\n\n\n\n<figure class=\"wp-block-table\"><table><tbody><tr><td>Final da placa<\/td><td>1\u00aa parcela ou cota \u00fanica<\/td><td>2\u00aa parcela<\/td><td>3\u00aa parcela<\/td><td>4\u00aa parcela<\/td><td>5\u00aa parcela<\/td><td>6\u00aa parcela<\/td><\/tr><tr><td>1 e 2<\/td><td>19\/02<\/td><td>18\/03<\/td><td>22\/04<\/td><td>20\/05<\/td><td>24\/06<\/td><td>22\/07<\/td><\/tr><tr><td>3 e 4<\/td><td>20\/02<\/td><td>19\/03<\/td><td>23\/04<\/td><td>21\/05<\/td><td>25\/06<\/td><td>23\/07<\/td><\/tr><tr><td>5 e 6<\/td><td>21\/02<\/td><td>20\/03<\/td><td>24\/04<\/td><td>22\/05<\/td><td>26\/06<\/td><td>24\/07<\/td><\/tr><tr><td>7 e 8<\/td><td>22\/02<\/td><td>21\/03<\/td><td>25\/04<\/td><td>23\/05<\/td><td>27\/06<\/td><td>25\/07<\/td><\/tr><tr><td>9 e 0<\/td><td>23\/02<\/td><td>22\/03<\/td><td>26\/04<\/td><td>24\/05<\/td><td>28\/06<\/td><td>26\/07<\/td><\/tr><\/tbody><\/table><\/figure>\n\n\n\n<p>Fonte: Sefaz-DF<\/p>\n\n\n\n<ul class=\"wp-block-list\">\n<li><strong>Mato Grosso do Sul &#8211; MS<\/strong><\/li>\n<\/ul>\n\n\n\n<p>Em Mato Grosso do Sul, ve\u00edculos de passeio s\u00e3o cobrados por 3% de IPVA, enquanto caminh\u00f5es, \u00f4nibus e micro-\u00f4nibus precisam pagar 1,5% de al\u00edquota. Donos de motorhomes t\u00eam desconto de 1,5% sobre o valor do autom\u00f3vel. J\u00e1 motocicletas pagam 2%.<\/p>\n\n\n\n<p>Por fim, ve\u00edculos com capacidade de at\u00e9 oito pessoas, exclu\u00eddo o condutor, que utilizem motores acionados a \u00f3leo diesel, devem 4,5% de imposto. Ve\u00edculos movidos a GNV est\u00e3o isentos.<\/p>\n\n\n\n<p>Em 2024, o imposto poder\u00e1 ser<strong>&nbsp;pago \u00e0 vista, em cota \u00fanica, com 15% de desconto<\/strong>. H\u00e1 tamb\u00e9m a possibilidade de<strong>&nbsp;parcelar em at\u00e9 cinco vezes<\/strong>, sem redu\u00e7\u00e3o no valor.<strong>&nbsp;<\/strong>A data inicial de pagamento \u00e9 de 31 de janeiro para todos. Veja mais informa\u00e7\u00f5es no&nbsp;<a class=\"\" href=\"https:\/\/www.sefaz.ms.gov.br\/ipva\/\" target=\"_blank\" rel=\"noreferrer noopener\">site da Sefaz-MS<\/a>.<\/p>\n\n\n\n<p>Calend\u00e1rio do IPVA do Mato Grosso do Sul<\/p>\n\n\n\n<figure class=\"wp-block-table\"><table><tbody><tr><td>1\u00aa parcela ou cota \u00fanica com 15% de desconto<\/td><td>2\u00aa parcela<\/td><td>3\u00aa parcela<\/td><td>4\u00aa parcela<\/td><td>5\u00aa parcela<\/td><\/tr><tr><td>31\/01<\/td><td>29\/02<\/td><td>27\/03<\/td><td>30\/04<\/td><td>29\/05<\/td><\/tr><\/tbody><\/table><\/figure>\n\n\n\n<p>Fonte: Sefaz-MS<\/p>\n\n\n\n<h2 class=\"wp-block-heading\">Regi\u00e3o Nordeste<\/h2>\n\n\n\n<ul class=\"wp-block-list\">\n<li><strong>Para\u00edba &#8211; PB<\/strong><\/li>\n<\/ul>\n\n\n\n<p>No estado, a al\u00edquota \u00e9 de 1% para carros, motos e micro-\u00f4nibus e 2,5% para \u00f4nibus e caminh\u00f5es. Os contribuintes poder\u00e3o realizar o pagamento em&nbsp;<strong>cota \u00fanica com desconto de 10%<\/strong>. A data limite do vencimento \u00e9 o \u00faltimo dia \u00fatil de cada m\u00eas, de acordo com o n\u00famero final da placa.<\/p>\n\n\n\n<p>H\u00e1 ainda a possibilidade de<strong>&nbsp;parcelamento em tr\u00eas vezes ou de pagamento \u00e0 vista a partir de mar\u00e7o<\/strong>, mas sem desconto.<\/p>\n\n\n\n<p>Ve\u00edculos fabricados at\u00e9 2008 est\u00e3o isentos do IPVA por terem mais de 15 anos de uso. Desde de janeiro de 2023, propriet\u00e1rios de motocicletas de at\u00e9 170 cilindradas tamb\u00e9m deixaram de pagar o imposto na Para\u00edba.<\/p>\n\n\n\n<p>Calend\u00e1rio do IPVA da Para\u00edba<\/p>\n\n\n\n<figure class=\"wp-block-table\"><table><tbody><tr><td>Final da placa<\/td><td>1\u00aa parcela ou cota \u00fanica com desconto de 10%<\/td><td>2\u00aa parcela<\/td><td>3\u00aa parcela ou cota \u00fanica sem desconto<\/td><\/tr><tr><td>1<\/td><td>31\/01<\/td><td>29\/02<\/td><td>28\/03<\/td><\/tr><tr><td>2<\/td><td>29\/02<\/td><td>28\/03<\/td><td>30\/04<\/td><\/tr><tr><td>3<\/td><td>28\/03<\/td><td>30\/04<\/td><td>31\/05<\/td><\/tr><tr><td>4<\/td><td>30\/04<\/td><td>31\/05<\/td><td>28\/06<\/td><\/tr><tr><td>5<\/td><td>31\/05<\/td><td>28\/06<\/td><td>31\/07<\/td><\/tr><tr><td>6<\/td><td>28\/06<\/td><td>31\/07<\/td><td>30\/08<\/td><\/tr><tr><td>7<\/td><td>31\/07<\/td><td>30\/08<\/td><td>30\/09<\/td><\/tr><tr><td>8<\/td><td>30\/08<\/td><td>30\/09<\/td><td>31\/10<\/td><\/tr><tr><td>9<\/td><td>30\/09<\/td><td>31\/10<\/td><td>29\/11<\/td><\/tr><tr><td>0<\/td><td>31\/10<\/td><td>29\/11<\/td><td>30\/12<\/td><\/tr><\/tbody><\/table><\/figure>\n\n\n\n<p>Fonte: SEFAZ-PB<\/p>\n\n\n\n<ul class=\"wp-block-list\">\n<li><strong>Piau\u00ed &#8211; PI<\/strong><\/li>\n<\/ul>\n\n\n\n<p>A al\u00edquota do IPVA do Piau\u00ed \u00e9 de 3% para carros com valores acima de R$ 150 mil, 2,5% para outros autom\u00f3veis de passeio e caminhonetes, 2% para motocicletas e de 1% para caminh\u00f5es.<\/p>\n\n\n\n<p>O pagamento&nbsp;<strong>poder\u00e1 ser feito em at\u00e9 tr\u00eas parcelas sem juros&nbsp;<\/strong><a class=\"\" href=\"https:\/\/www.pi.gov.br\/noticia\/governo-divulga-calendario-de-pagamento-do-ipva-2024\" target=\"_blank\" rel=\"noreferrer noopener\"><strong>a partir de 31 de janeiro<\/strong><\/a>. No entanto, o contribuinte tamb\u00e9m ter\u00e1 a possibilidade de&nbsp;<strong>pagar \u00e0 vista com desconto&nbsp;<\/strong>\u2014&nbsp;<strong>em janeiro, de 15%; ou em fevereiro, de 10%<\/strong>.<\/p>\n\n\n\n<p>Calend\u00e1rio do IPVA do Piau\u00ed<\/p>\n\n\n\n<figure class=\"wp-block-table\"><table><tbody><tr><td>Data de pagamento<\/td><td>Tipo de pagamento<\/td><td>Desconto<\/td><\/tr><tr><td>31\/01<\/td><td>Cota \u00fanica<\/td><td>15%<\/td><\/tr><tr><td>29\/02<\/td><td>Cota \u00fanica<\/td><td>10%<\/td><\/tr><tr><td>31\/01<\/td><td>1\u00aa parcela<\/td><td>Sem desconto<\/td><\/tr><tr><td>29\/02<\/td><td>2\u00aa parcela<\/td><td>Sem desconto<\/td><\/tr><tr><td>28\/03<\/td><td>3\u00aa parcela<\/td><td>Sem desconto<\/td><\/tr><\/tbody><\/table><\/figure>\n\n\n\n<p>Fonte: Sefaz-PI<\/p>\n\n\n\n<ul class=\"wp-block-list\">\n<li><strong>Sergipe &#8211; SE<\/strong><\/li>\n<\/ul>\n\n\n\n<p>No Estado do Sergipe, a cobran\u00e7a do IPVA \u00e9 a partir de 2,5% de al\u00edquota para autom\u00f3veis de at\u00e9 R$ 120 mil. Modelos com valor superior pagar\u00e3o 3%. \u00d4nibus, micro-\u00f4nibus e caminh\u00f5es s\u00e3o cobrados por 1%, enquanto motocicletas e similares pagam 2%.<\/p>\n\n\n\n<p>Os propriet\u00e1rios que&nbsp;<strong>quitarem o imposto at\u00e9 o dia 27 de mar\u00e7o ter\u00e3o desconto de 10%.&nbsp;<\/strong>No entanto, o abatimento n\u00e3o \u00e9 v\u00e1lido se o contribuinte possuir d\u00e9bitos de anos anteriores. H\u00e1 ainda a&nbsp;<strong>possibilidade de pagar o IPVA em at\u00e9 10 vezes no cart\u00e3o de cr\u00e9dito, ou seja, com juros.<\/strong><\/p>\n\n\n\n<p>Calend\u00e1rio do IPVA do Sergipe<\/p>\n\n\n\n<figure class=\"wp-block-table\"><table><tbody><tr><td>Final da placa<\/td><td>Cota \u00fanica com desconto de 10%<\/td><td>Cota sem desconto<\/td><\/tr><tr><td>1<\/td><td>27\/03<\/td><td>30\/04<\/td><\/tr><tr><td>2<\/td><td>27\/03<\/td><td>30\/04<\/td><\/tr><tr><td>3<\/td><td>27\/03<\/td><td>31\/05<\/td><\/tr><tr><td>4<\/td><td>27\/03<\/td><td>31\/05<\/td><\/tr><tr><td>5<\/td><td>27\/03<\/td><td>28\/06<\/td><\/tr><tr><td>6<\/td><td>27\/03<\/td><td>31\/07<\/td><\/tr><tr><td>7<\/td><td>27\/03<\/td><td>30\/08<\/td><\/tr><tr><td>8<\/td><td>27\/03<\/td><td>30\/09<\/td><\/tr><tr><td>9<\/td><td>27\/03<\/td><td>31\/10<\/td><\/tr><tr><td>0<\/td><td>27\/03<\/td><td>29\/10<\/td><\/tr><\/tbody><\/table><\/figure>\n\n\n\n<h2 class=\"wp-block-heading\">Regi\u00e3o Norte<\/h2>\n\n\n\n<ul class=\"wp-block-list\">\n<li><strong>Par\u00e1 &#8211; PA<\/strong><\/li>\n<\/ul>\n\n\n\n<p>No Par\u00e1, os contribuintes precisam pagar 2,5% de al\u00edquota para autom\u00f3veis de passeio, 1% para \u00f4nibus, micro-\u00f4nibus, caminh\u00f5es ou motos e 0,5% para embarca\u00e7\u00f5es e aeronaves comerciais.<\/p>\n\n\n\n<p>Em 2024, \u00e9 poss\u00edvel quitar o d\u00e9bito&nbsp;<strong>em cota \u00fanica ou em at\u00e9 tr\u00eas parcelas.<\/strong>&nbsp;H\u00e1 descontos para quem quitar o importo de forma integral:&nbsp;<strong>15% para ve\u00edculos que n\u00e3o tenham multas de tr\u00e2nsito nos \u00faltimos dois anos; 10% para ve\u00edculos sem multas de tr\u00e2nsito no ano anterior; 5% para as demais situa\u00e7\u00f5es<\/strong>.<\/p>\n\n\n\n<p>Calend\u00e1rio do IPVA do Par\u00e1<\/p>\n\n\n\n<figure class=\"wp-block-table\"><table><tbody><tr><td>Final da placa<\/td><td>Cota \u00fanica ou 1\u00aa parcela<\/td><td>2\u00aa parcela<\/td><td>3\u00aa parcela<\/td><\/tr><tr><td>01-31<\/td><td>08\/01<\/td><td>08\/02<\/td><td>01\/03<\/td><\/tr><tr><td>41-61<\/td><td>08\/01<\/td><td>08\/02<\/td><td>08\/03<\/td><\/tr><tr><td>71-91<\/td><td>15\/01<\/td><td>15\/02<\/td><td>15\/03<\/td><\/tr><tr><td>02-32<\/td><td>22\/01<\/td><td>22\/02<\/td><td>22\/03<\/td><\/tr><tr><td>42-62<\/td><td>05\/02<\/td><td>05\/03<\/td><td>05\/04<\/td><\/tr><tr><td>72-92<\/td><td>15\/02<\/td><td>12\/03<\/td><td>12\/04<\/td><\/tr><tr><td>03-33<\/td><td>19\/02<\/td><td>19\/03<\/td><td>19\/04<\/td><\/tr><tr><td>43-63<\/td><td>26\/02<\/td><td>26\/03<\/td><td>26\/04<\/td><\/tr><tr><td>73-93<\/td><td>11\/03<\/td><td>10\/04<\/td><td>10\/05<\/td><\/tr><tr><td>04-34<\/td><td>18\/03<\/td><td>17\/04<\/td><td>17\/05<\/td><\/tr><tr><td>44-64<\/td><td>25\/03<\/td><td>24\/04<\/td><td>24\/05<\/td><\/tr><tr><td>74-94<\/td><td>08\/04<\/td><td>07\/05<\/td><td>07\/06<\/td><\/tr><tr><td>05-35<\/td><td>15\/04<\/td><td>14\/05<\/td><td>14\/06<\/td><\/tr><tr><td>45-65<\/td><td>22\/04<\/td><td>21\/05<\/td><td>21\/06<\/td><\/tr><tr><td>75-95<\/td><td>29\/04<\/td><td>28\/05<\/td><td>28\/06<\/td><\/tr><tr><td>06-36<\/td><td>06\/05<\/td><td>05\/06<\/td><td>05\/07<\/td><\/tr><tr><td>46-66<\/td><td>13\/05<\/td><td>12\/06<\/td><td>12\/07<\/td><\/tr><tr><td>76-96<\/td><td>20\/05<\/td><td>19\/06<\/td><td>19\/07<\/td><\/tr><tr><td>07-37<\/td><td>03\/06<\/td><td>02\/07<\/td><td>02\/08<\/td><\/tr><tr><td>47-67<\/td><td>10\/06<\/td><td>09\/07<\/td><td>09\/08<\/td><\/tr><tr><td>77-97<\/td><td>24\/06<\/td><td>23\/07<\/td><td>23\/08<\/td><\/tr><tr><td>08-38<\/td><td>28\/06<\/td><td>30\/07<\/td><td>30\/08<\/td><\/tr><tr><td>48-68<\/td><td>15\/07<\/td><td>13\/08<\/td><td>13\/09<\/td><\/tr><tr><td>78-98<\/td><td>22\/07<\/td><td>20\/08<\/td><td>20\/09<\/td><\/tr><tr><td>09-39<\/td><td>29\/07<\/td><td>27\/08<\/td><td>27\/09<\/td><\/tr><tr><td>49-69<\/td><td>05\/08<\/td><td>04\/09<\/td><td>04\/10<\/td><\/tr><tr><td>79-99<\/td><td>19\/08<\/td><td>18\/09<\/td><td>18\/10<\/td><\/tr><tr><td>00-30<\/td><td>26\/08<\/td><td>25\/09<\/td><td>25\/10<\/td><\/tr><tr><td>40-60<\/td><td>09\/09<\/td><td>08\/10<\/td><td>08\/11<\/td><\/tr><tr><td>70-90<\/td><td>23\/09<\/td><td>22\/10<\/td><td>22\/11<\/td><\/tr><\/tbody><\/table><\/figure>\n\n\n\n<ul class=\"wp-block-list\">\n<li><strong>Roraima &#8211; RR<\/strong><\/li>\n<\/ul>\n\n\n\n<p>A al\u00edquota do IPVA para os moradores de Roraima \u00e9 de 3% para ve\u00edculos de passeio, 2% para autom\u00f3veis de transporte de cargas, motocicletas ou coletivos, e de 1% para ve\u00edculos de locadoras.<\/p>\n\n\n\n<p><strong>O pagamento poder\u00e1 ser feito \u00e0 vista, com desconto de 10%<\/strong>, at\u00e9 29 de fevereiro de 2024.<strong>&nbsp;<\/strong>Caso n\u00e3o fa\u00e7a essa ades\u00e3o,&nbsp;<strong>o contribuinte poder\u00e1 pagar em cota \u00fanica ou em at\u00e9 tr\u00eas vezes,<\/strong>&nbsp;seguindo o calend\u00e1rio, mas sem o desconto. A placa final do ve\u00edculo \u00e9 que determina as datas, que foram divididas entre janeiro e dezembro de 2023.<\/p>\n\n\n\n<p>Calend\u00e1rio do IPVA de Roraima<\/p>\n\n\n\n<figure class=\"wp-block-table\"><table><tbody><tr><td>Final da placa<\/td><td>Cota \u00fanica com desconto de 10%<\/td><td>1\u00aa cota<\/td><td>2\u00aa cota<\/td><td>3\u00aa cota ou \u00fanica (sem desconto)<\/td><\/tr><tr><td>1<\/td><td>29\/02<\/td><td>31\/01<\/td><td>29\/02<\/td><td>28\/03<\/td><\/tr><tr><td>2<\/td><td>29\/02<\/td><td>29\/02<\/td><td>28\/03<\/td><td>30\/04<\/td><\/tr><tr><td>3<\/td><td>29\/02<\/td><td>28\/03<\/td><td>30\/04<\/td><td>31\/05<\/td><\/tr><tr><td>4<\/td><td>29\/02<\/td><td>30\/04<\/td><td>31\/05<\/td><td>28\/06<\/td><\/tr><tr><td>5<\/td><td>29\/02<\/td><td>31\/05<\/td><td>28\/06<\/td><td>31\/07<\/td><\/tr><tr><td>6<\/td><td>29\/02<\/td><td>28\/06<\/td><td>31\/07<\/td><td>30\/08<\/td><\/tr><tr><td>7<\/td><td>29\/02<\/td><td>31\/07<\/td><td>30\/08<\/td><td>30\/09<\/td><\/tr><tr><td>8<\/td><td>29\/02<\/td><td>30\/08<\/td><td>30\/09<\/td><td>31\/10<\/td><\/tr><tr><td>9<\/td><td>29\/02<\/td><td>30\/09<\/td><td>31\/10<\/td><td>29\/11<\/td><\/tr><tr><td>0<\/td><td>29\/02<\/td><td>31\/10<\/td><td>29\/11<\/td><td>30\/12<\/td><\/tr><\/tbody><\/table><\/figure>\n\n\n\n<ul class=\"wp-block-list\">\n<li><strong>Tocantins &#8211; TO<\/strong><\/li>\n<\/ul>\n\n\n\n<p>De acordo com a Secretaria da Fazenda do Tocantins, a al\u00edquota do IPVA do estado \u00e9 de 2% para carros de passeio, 3% para caminh\u00f5es e utilit\u00e1rios e de 1% para motocicletas.<\/p>\n\n\n\n<p>Donos de ve\u00edculos poder\u00e3o pagar o imposto&nbsp;<strong>em cota \u00fanica ou em at\u00e9 10 parcelas,&nbsp;<\/strong>que n\u00e3o podem ter valor menor que R$500 em caso de pessoa jur\u00eddica e R$ 250 para pessoas f\u00edsicas.<\/p>\n\n\n\n<p>Quem optar por quitar o imposto em parcela \u00fanica at\u00e9 o dia 15 de janeiro<strong>&nbsp;de 2024 ter\u00e1 10% de desconto no valor total.&nbsp;<\/strong>A outra op\u00e7\u00e3o \u00e9&nbsp;<strong>pagar o valor \u00e0 vista, mas sem desconto.<\/strong><\/p>\n\n\n\n<p>Calend\u00e1rio do IPVA de Tocantins<\/p>\n\n\n\n<figure class=\"wp-block-table\"><table><tbody><tr><td>Vencimento<\/td><td>Data<\/td><\/tr><tr><td>1\u00aa parcela ou cota \u00fanica com desconto<\/td><td>15\/01<\/td><\/tr><tr><td>2\u00aa parcela<\/td><td>15\/02<\/td><\/tr><tr><td>3\u00aa parcela<\/td><td>15\/03<\/td><\/tr><tr><td>4\u00aa parcela<\/td><td>15\/04<\/td><\/tr><tr><td>5\u00aa parcela<\/td><td>15\/05<\/td><\/tr><tr><td>6\u00aa parcela<\/td><td>17\/06<\/td><\/tr><tr><td>7\u00aa parcela<\/td><td>15\/07<\/td><\/tr><tr><td>8\u00aa parcela<\/td><td>15\/08<\/td><\/tr><tr><td>9\u00aa parcela<\/td><td>16\/09<\/td><\/tr><tr><td>10\u00aa parcela<\/td><td>15\/10<\/td><\/tr><\/tbody><\/table><\/figure>\n\n\n\n<h2 class=\"wp-block-heading\"><strong>Emiss\u00e3o de guia e informa\u00e7\u00f5es adicionais por estado:<\/strong><\/h2>\n\n\n\n<ul class=\"wp-block-list\">\n<li><a class=\"\" href=\"https:\/\/www.detran.ac.gov.br\/\" target=\"_blank\" rel=\"noreferrer noopener\"><strong>Acre<\/strong><\/a><\/li>\n\n\n\n<li><a class=\"\" href=\"http:\/\/www.sefaz.al.gov.br\/\" target=\"_blank\" rel=\"noreferrer noopener\"><strong>Alagoas<\/strong><\/a><\/li>\n\n\n\n<li><a class=\"\" href=\"http:\/\/www.sefaz.ap.gov.br\/\" target=\"_blank\" rel=\"noreferrer noopener\"><strong>Amap\u00e1<\/strong><\/a><\/li>\n\n\n\n<li><a class=\"\" href=\"http:\/\/online.sefaz.am.gov.br\/ipva\/ipva.asp\" target=\"_blank\" rel=\"noreferrer noopener\"><strong>Amazonas<\/strong><\/a><\/li>\n\n\n\n<li><a class=\"\" href=\"https:\/\/www.sefaz.ba.gov.br\/scripts\/ipva\/fra_consulta_ipva.asp\" target=\"_blank\" rel=\"noreferrer noopener\"><strong>Bahia<\/strong><\/a><\/li>\n\n\n\n<li><a class=\"\" href=\"https:\/\/www.sefaz.ce.gov.br\/\" target=\"_blank\" rel=\"noreferrer noopener\"><strong>Cear\u00e1<\/strong><\/a><\/li>\n\n\n\n<li><a class=\"\" href=\"https:\/\/www.receita.fazenda.df.gov.br\/aplicacoes\/CartaServicos\/listaSubCategorias.cfm?codCategoriaServico=7&amp;codTipoPessoa=6\" target=\"_blank\" rel=\"noreferrer noopener\"><strong>Distrito Federal<\/strong><\/a><\/li>\n\n\n\n<li><a class=\"\" href=\"https:\/\/internet.sefaz.es.gov.br\/agenciavirtual\/area_publica\/ipva\/index.php\" target=\"_blank\" rel=\"noreferrer noopener\"><strong>Esp\u00edrito Santo<\/strong><\/a><\/li>\n\n\n\n<li><a class=\"\" href=\"https:\/\/www.economia.go.gov.br\/component\/sppagebuilder\/37-ipva-consultar-e-emitir-dare.html\" target=\"_blank\" rel=\"noreferrer noopener\"><strong>Goi\u00e1s<\/strong><\/a><\/li>\n\n\n\n<li><a class=\"\" href=\"https:\/\/sistemas1.sefaz.ma.gov.br\/portalsefaz\/jsp\/principal\/principal.jsf\" target=\"_blank\" rel=\"noreferrer noopener\"><strong>Maranh\u00e3o<\/strong><\/a><\/li>\n\n\n\n<li><a class=\"\" href=\"http:\/\/www5.sefaz.mt.gov.br\/web\/sefaz\/servicos?ciclo=\" target=\"_blank\" rel=\"noreferrer noopener\"><strong>Mato Grosso<\/strong><\/a><\/li>\n\n\n\n<li><a class=\"\" href=\"https:\/\/www.autoatendimento.ms.gov.br\/ipva\/\" target=\"_blank\" rel=\"noreferrer noopener\"><strong>Mato Grosso do Sul<\/strong><\/a><\/li>\n\n\n\n<li><a class=\"\" href=\"http:\/\/www.fazenda.mg.gov.br\/empresas\/impostos\/ipva\/consulta.html\" target=\"_blank\" rel=\"noreferrer noopener\"><strong>Minas Gerais<\/strong><\/a><\/li>\n\n\n\n<li><a class=\"\" href=\"https:\/\/app.sefa.pa.gov.br\/consulta-ipva\/form.action\" target=\"_blank\" rel=\"noreferrer noopener\"><strong>Par\u00e1<\/strong><\/a><\/li>\n\n\n\n<li><a class=\"\" href=\"https:\/\/www.sefaz.pb.gov.br\/\" target=\"_blank\" rel=\"noreferrer noopener\"><strong>Para\u00edba<\/strong><\/a><\/li>\n\n\n\n<li><a class=\"\" href=\"https:\/\/www.contribuinte.fazenda.pr.gov.br\/ipva\/faces\/home\" target=\"_blank\" rel=\"noreferrer noopener\"><strong>Paran\u00e1<\/strong><\/a><\/li>\n\n\n\n<li><a class=\"\" href=\"https:\/\/www.sefaz.pe.gov.br\/Servicos\/IPVA\/Paginas\/Apresentacao.aspx\" target=\"_blank\" rel=\"noreferrer noopener\"><strong>Pernambuco<\/strong><\/a><\/li>\n\n\n\n<li><a class=\"\" href=\"https:\/\/www.sefaz.pi.gov.br\/falecomasefaz\/portal\/ipva\/\" target=\"_blank\" rel=\"noreferrer noopener\"><strong>Piau\u00ed<\/strong><\/a><\/li>\n\n\n\n<li><a class=\"\" href=\"http:\/\/www.fazenda.rj.gov.br\/sefaz\/faces\/menu_structure\/servicos\/navigationContribuinte\/coluna2\/menu_servico_ipva\/IPVA-MaisOpcoes?_afrLoop=11683567781742688&amp;datasource=UCMServer%23dDocName%3A99607&amp;_adf.ctrl-state=12dbvrp747_48\" target=\"_blank\" rel=\"noreferrer noopener\"><strong>Rio de Janeiro<\/strong><\/a><\/li>\n\n\n\n<li><a class=\"\" href=\"https:\/\/www.set.rn.gov.br\/contentProducao\/aplicacao\/set_v2\/impostos\/gerados\/ipva_pagamento.asp\" target=\"_blank\" rel=\"noreferrer noopener\"><strong>Rio Grande do Norte<\/strong><\/a><\/li>\n\n\n\n<li><a class=\"\" href=\"https:\/\/ipva.rs.gov.br\/lista\/540\/pagamento\" target=\"_blank\" rel=\"noreferrer noopener\"><strong>Rio Grande do Sul<\/strong><\/a><\/li>\n\n\n\n<li><a class=\"\" href=\"https:\/\/ipva.sefin.ro.gov.br\/\" target=\"_blank\" rel=\"noreferrer noopener\"><strong>Rond\u00f4nia<\/strong><\/a><\/li>\n\n\n\n<li><a class=\"\" href=\"https:\/\/www.sefaz.rr.gov.br\/downloads\/category\/1133-14-ipva\" target=\"_blank\" rel=\"noreferrer noopener\"><strong>Roraima<\/strong><\/a><\/li>\n\n\n\n<li><a class=\"\" href=\"https:\/\/www.sef.sc.gov.br\/servicos\/assunto\/44\/IPVA\" target=\"_blank\" rel=\"noreferrer noopener\"><strong>Santa Catarina<\/strong><\/a><\/li>\n\n\n\n<li><a class=\"\" href=\"https:\/\/portal.fazenda.sp.gov.br\/servicos\/ipva\/Paginas\/mi-pagamento-do-IPVA.aspx\" target=\"_blank\" rel=\"noreferrer noopener\"><strong>S\u00e3o Paulo<\/strong><\/a><\/li>\n\n\n\n<li><a class=\"\" href=\"https:\/\/www.sefaz.se.gov.br\/SitePages\/default.aspx\" target=\"_blank\" rel=\"noreferrer noopener\"><strong>Sergipe<\/strong><\/a><\/li>\n\n\n\n<li><a class=\"\" href=\"http:\/\/www.sefaz2.to.gov.br\/ipva\/\" target=\"_blank\" rel=\"noreferrer noopener\"><strong>Tocantins<\/strong><\/a><\/li>\n<\/ul>\n\n\n\n<h2 class=\"wp-block-heading\"><a class=\"\" href=\"https:\/\/autoesporte.globo.com\/seu-bolso\/noticia\/2023\/11\/ipva-2024-veja-como-e-onde-calcular-o-valor-do-imposto.ghtml\"><strong>Como calcular o valor do IPVA?<\/strong><\/a><\/h2>\n\n\n\n<p>Cada estado tem al\u00edquotas e regras pr\u00f3prias para a cobran\u00e7a. Em S\u00e3o Paulo, o valor do imposto \u00e9 de 4% do pre\u00e7o do carro para ve\u00edculos de passeio de at\u00e9 20 anos. Em Tocantins, a al\u00edquota \u00e9 de 2%, mas o imposto \u00e9 cobrado para carros de at\u00e9 30 anos. J\u00e1 o estado de Pernambuco n\u00e3o isenta ve\u00edculos do IPVA por tempo de fabrica\u00e7\u00e3o.<\/p>\n\n\n\n<p>Os ve\u00edculos s\u00e3o precificados com base na tabela Fipe. Para saber o valor correto do seu carro na hora da cobran\u00e7a, basta acessar o portal oficial&nbsp;<a class=\"\" href=\"https:\/\/veiculos.fipe.org.br\/\" target=\"_blank\" rel=\"noreferrer noopener\">(clique aqui)<\/a>&nbsp;e selecionar marca, modelo, vers\u00e3o e ano de fabrica\u00e7\u00e3o.<\/p>\n\n\n\n<p>Partindo disso, o propriet\u00e1rio de um carro de passeio emplacado em S\u00e3o Paulo e avaliado em R$ 50.000 ter\u00e1 de pagar R$ 2.000 de IPVA, por exemplo. Para o mesmo ve\u00edculo registrado em Tocantins, a al\u00edquota do IPVA seria de R$ 1.000.<\/p>\n\n\n\n<p>Al\u00e9m do c\u00e1lculo feito com base na tabela Fipe, alguns sites e aplicativos j\u00e1 disponibilizam calculadoras descomplicadas para auxiliar o propriet\u00e1rio a prever quanto ser\u00e1 desembolsado no IPVA em 2024. S\u00e3o elas:<a class=\"\" href=\"https:\/\/www.idinheiro.com.br\/calculadoras\/simulador-de-ipva\/\" target=\"_blank\" rel=\"noreferrer noopener\">&nbsp;iDinheiro<\/a>,&nbsp;<a class=\"\" href=\"https:\/\/www.usezapay.com.br\/calculadoras\/ipva\" target=\"_blank\" rel=\"noreferrer noopener\">Zapay<\/a>&nbsp;e&nbsp;<a class=\"\" href=\"https:\/\/gringo.com.vc\/h\/ipva-veiculos\/\" target=\"_blank\" rel=\"noreferrer noopener\">Gringo<\/a>.<\/p>\n\n\n\n<h2 class=\"wp-block-heading\">Com quantos anos os carros param de pagar IPVA?<\/h2>\n\n\n\n<p>Isen\u00e7\u00e3o de IPVA por estado brasileiro:<\/p>\n\n\n\n<figure class=\"wp-block-table\"><table><tbody><tr><td>Estado<\/td><td>Idade do carro isento de IPVA<\/td><\/tr><tr><td>Acre (AC)<\/td><td>a partir de 20 anos de fabrica\u00e7\u00e3o<\/td><\/tr><tr><td>Alagoas (AL)<\/td><td>a partir de 31 de dezembro de 2002<\/td><\/tr><tr><td>Amap\u00e1 (AP)<\/td><td>a partir de 10 anos de fabrica\u00e7\u00e3o<\/td><\/tr><tr><td>Amazonas (AM)<\/td><td>a partir de 15 anos de fabrica\u00e7\u00e3o<\/td><\/tr><tr><td>Bahia (BA)<\/td><td>a partir de 15 anos de fabrica\u00e7\u00e3o<\/td><\/tr><tr><td>Cear\u00e1 (CE)<\/td><td>a partir de 15 anos de fabrica\u00e7\u00e3o<\/td><\/tr><tr><td>Distrito Federal (DF)<\/td><td>a partir de 15 anos de fabrica\u00e7\u00e3o<\/td><\/tr><tr><td>Esp\u00edrito Santo (ES)<\/td><td>a partir de 15 anos de fabrica\u00e7\u00e3o<\/td><\/tr><tr><td>Goi\u00e1s (GO)<\/td><td>a partir de 15 anos de fabrica\u00e7\u00e3o<\/td><\/tr><tr><td>Maranh\u00e3o (MA)<\/td><td>a partir de 15 anos de fabrica\u00e7\u00e3o<\/td><\/tr><tr><td>Mato Grosso (MT)<\/td><td>a partir de 18 anos de fabrica\u00e7\u00e3o<\/td><\/tr><tr><td>Mato Grosso do Sul (MS)<\/td><td>a partir de 20 anos de fabrica\u00e7\u00e3o<\/td><\/tr><tr><td>Minas Gerais (MG)<\/td><td>a partir de placa preta ou de valor hist\u00f3rico<\/td><\/tr><tr><td>Par\u00e1 (PA)<\/td><td>a partir de 15 anos de fabrica\u00e7\u00e3o<\/td><\/tr><tr><td>Para\u00edba (PB)<\/td><td>a partir de 15 anos de fabrica\u00e7\u00e3o<\/td><\/tr><tr><td>Paran\u00e1 (PR)<\/td><td>a partir de 20 anos de fabrica\u00e7\u00e3o<\/td><\/tr><tr><td>Pernambuco (PE)<\/td><td>n\u00e3o isenta<\/td><\/tr><tr><td>Piau\u00ed (PI)<\/td><td>a partir de 15 anos de fabrica\u00e7\u00e3o<\/td><\/tr><tr><td>Rio de Janeiro (RJ)<\/td><td>a partir de 15 anos de fabrica\u00e7\u00e3o<\/td><\/tr><tr><td>Rio Grande do Norte (RN)<\/td><td>a partir de 10 anos de fabrica\u00e7\u00e3o<\/td><\/tr><tr><td>Rio Grande do Sul (RS)<\/td><td>a partir de 20 anos de fabrica\u00e7\u00e3o<\/td><\/tr><tr><td>Rond\u00f4nia (RO)<\/td><td>a partir de 15 anos de fabrica\u00e7\u00e3o<\/td><\/tr><tr><td>Roraima (RR)<\/td><td>a partir de 10 anos de fabrica\u00e7\u00e3o<\/td><\/tr><tr><td>Santa Catarina (SC)<\/td><td>a partir de 30 anos de fabrica\u00e7\u00e3o<\/td><\/tr><tr><td>S\u00e3o Paulo (SP)<\/td><td>a partir de 20 anos de fabrica\u00e7\u00e3o<\/td><\/tr><tr><td>Sergipe (SE)<\/td><td>a partir de 15 anos de fabrica\u00e7\u00e3o<\/td><\/tr><tr><td>Tocantins (TO)<\/td><td>a partir de 30 anos de fabrica\u00e7\u00e3o<\/td><\/tr><\/tbody><\/table><\/figure>\n\n\n\n<h2 class=\"wp-block-heading\"><a class=\"\" href=\"https:\/\/autoesporte.globo.com\/servicos\/noticia\/2023\/12\/ipva-2024-o-que-acontece-se-eu-nao-pagar-o-imposto.ghtml\"><strong>O que acontece se eu n\u00e3o pagar o IPVA?<\/strong><\/a><\/h2>\n\n\n\n<p>Quem n\u00e3o paga o IPVA nas datas corretas&nbsp;<strong>est\u00e1 sujeito ao pagamento de multas<\/strong>. Em S\u00e3o Paulo, h\u00e1 multa di\u00e1ria de 0,33% at\u00e9 o limite de 20% sobre o valor do imposto. No caso de inscri\u00e7\u00e3o em d\u00edvida ativa, a multa ser\u00e1 de 40% sobre o valor cobrado.<\/p>\n\n\n\n<p>Em casos de incid\u00eancia, os devedores ainda ter\u00e3o que desembolsar juros equivalentes \u00e0 taxa do Sistema Especial de Liquida\u00e7\u00e3o e de Cust\u00f3dia, mas conhecida como Selic, de no m\u00ednimo 1% ao m\u00eas, sobre o valor do imposto acrescido da multa. O sistema automaticamente atualiza o valor do d\u00e9bito a ser pago.<\/p>\n\n\n\n<p>Conforme a Lei n\u00ba 12.799\/08, permanecendo o d\u00e9bito, o propriet\u00e1rio do ve\u00edculo ter\u00e1 o nome inclu\u00eddo no Cadastro Informativo de Cr\u00e9ditos N\u00e3o Quitados de \u00d3rg\u00e3os e Entidades Estaduais (Cadin Estadual) e na D\u00edvida Ativa do Estado de S\u00e3o Paulo. Ou seja, ficar\u00e1 com o nome sujo.<\/p>\n\n\n\n<p>O propriet\u00e1rio que deixar de recolher o IPVA<strong>\u00a0tamb\u00e9m fica impedido de realizar o\u00a0<\/strong><a class=\"\" href=\"https:\/\/autoesporte.globo.com\/seu-bolso\/noticia\/2023\/12\/licenciamento-2024-para-que-serve-e-qual-e-a-multa-se-nao-pagar.ghtml\"><strong>licenciamento do ve\u00edculo<\/strong><\/a>, ficando sujeito \u00e0s penalidades previstas na legisla\u00e7\u00e3o de tr\u00e2nsito.<\/p>\n\n\n\n<p>Fonte G1<\/p>\n","protected":false},"excerpt":{"rendered":"<p>Secretarias da Fazenda de diversos locais do Brasil j\u00e1 divulgaram as datas para quitar o imposto anual A\u00a0cobran\u00e7a do\u00a0Imposto sobre Propriedades de Ve\u00edculos Automotores (IPVA)\u00a0\u00e9 feita de forma anual e come\u00e7a j\u00e1 em janeiro de 2024 em boa parte do Brasil. As datas de pagamento e os valores mudam de acordo com cada estado. Alguns, [&hellip;]<\/p>\n","protected":false},"author":8,"featured_media":21257,"comment_status":"closed","ping_status":"open","sticky":false,"template":"","format":"standard","meta":{"rop_custom_images_group":[],"rop_custom_messages_group":[],"rop_publish_now":"initial","rop_publish_now_accounts":[],"rop_publish_now_history":[],"rop_publish_now_status":"pending","footnotes":""},"categories":[189],"tags":[],"class_list":["post-21256","post","type-post","status-publish","format-standard","has-post-thumbnail","hentry","category-brasil"],"amp_enabled":true,"_links":{"self":[{"href":"https:\/\/imais.online\/portal\/wp-json\/wp\/v2\/posts\/21256","targetHints":{"allow":["GET"]}}],"collection":[{"href":"https:\/\/imais.online\/portal\/wp-json\/wp\/v2\/posts"}],"about":[{"href":"https:\/\/imais.online\/portal\/wp-json\/wp\/v2\/types\/post"}],"author":[{"embeddable":true,"href":"https:\/\/imais.online\/portal\/wp-json\/wp\/v2\/users\/8"}],"replies":[{"embeddable":true,"href":"https:\/\/imais.online\/portal\/wp-json\/wp\/v2\/comments?post=21256"}],"version-history":[{"count":1,"href":"https:\/\/imais.online\/portal\/wp-json\/wp\/v2\/posts\/21256\/revisions"}],"predecessor-version":[{"id":21258,"href":"https:\/\/imais.online\/portal\/wp-json\/wp\/v2\/posts\/21256\/revisions\/21258"}],"wp:featuredmedia":[{"embeddable":true,"href":"https:\/\/imais.online\/portal\/wp-json\/wp\/v2\/media\/21257"}],"wp:attachment":[{"href":"https:\/\/imais.online\/portal\/wp-json\/wp\/v2\/media?parent=21256"}],"wp:term":[{"taxonomy":"category","embeddable":true,"href":"https:\/\/imais.online\/portal\/wp-json\/wp\/v2\/categories?post=21256"},{"taxonomy":"post_tag","embeddable":true,"href":"https:\/\/imais.online\/portal\/wp-json\/wp\/v2\/tags?post=21256"}],"curies":[{"name":"wp","href":"https:\/\/api.w.org\/{rel}","templated":true}]}}