{"id":21261,"date":"2023-12-28T10:26:27","date_gmt":"2023-12-28T13:26:27","guid":{"rendered":"https:\/\/imais.online\/portal\/?p=21261"},"modified":"2023-12-28T10:26:28","modified_gmt":"2023-12-28T13:26:28","slug":"secretaria-de-servicos-urbanos-divulga-cronograma-da-operacao-cata-bagulho-para-2024","status":"publish","type":"post","link":"https:\/\/imais.online\/portal\/secretaria-de-servicos-urbanos-divulga-cronograma-da-operacao-cata-bagulho-para-2024\/","title":{"rendered":"Secretaria de Servi\u00e7os Urbanos divulga cronograma da Opera\u00e7\u00e3o Cata Bagulho para 2024"},"content":{"rendered":"<div class=\"imais-before-content-placement\" id=\"imais-2087841319\"><script async src=\"\/\/pagead2.googlesyndication.com\/pagead\/js\/adsbygoogle.js?client=ca-pub-8787528412751566\" crossorigin=\"anonymous\"><\/script><ins class=\"adsbygoogle\" style=\"display:block;\" data-ad-client=\"ca-pub-8787528412751566\" \ndata-ad-slot=\"\" \ndata-ad-format=\"auto\"><\/ins>\n<script> \n(adsbygoogle = window.adsbygoogle || []).push({}); \n<\/script>\n<\/div>\n<p><em><small>Opera\u00e7\u00e3o retira madeiras, restos de podas de \u00e1rvores e objetos e m\u00f3veis velhos para descarte<\/small><\/em><\/p>\n\n\n\n<p>A Prefeitura de Indaiatuba divulgou nesta semana o cronograma da Opera\u00e7\u00e3o Cata Bagulho para o pr\u00f3ximo ano. A programa\u00e7\u00e3o de 2024 come\u00e7ar\u00e1 pelo setor 12 que abrange a regi\u00e3o da&nbsp;Colinas de Indaiatuba I, Jardim Bela Vista, Jardim Cidade Jardim; Jardim Europa I e II, Jardim Maring\u00e1, Morumbi, Parque Residencial Indai\u00e1, Travi\u00fa e Veredas da Conquista.&nbsp;Moradores dessas regi\u00f5es poder\u00e3o colocar nas cal\u00e7adas m\u00f3veis, madeiras, galhos resultantes de podas e objetos para descarte, na noite anterior \u00e0 coleta.<\/p>\n\n\n\n<p>O servi\u00e7o \u00e9 dividido por setores e a coleta \u00e9 realizada de segunda-feira \u00e0 s\u00e1bado, a partir das 7h.&nbsp;&nbsp;O objetivo da opera\u00e7\u00e3o \u00e9 evitar descartes irregulares e manter a cidade limpa.<\/p>\n\n\n\n<p>O Cata Bagulho n\u00e3o faz a retirada dos entulhos de constru\u00e7\u00e3o, material resultante de podas de \u00e1rvores de dentro de propriedades, limpeza de terrenos e ch\u00e1caras. Nesses casos o propriet\u00e1rio deve providenciar a retirada e a destina\u00e7\u00e3o correta.<\/p>\n\n\n\n<p><strong>Cronograma&nbsp;&nbsp;&nbsp;&nbsp;&nbsp;&nbsp;&nbsp;&nbsp;&nbsp;&nbsp;&nbsp;&nbsp;&nbsp;&nbsp;<\/strong><\/p>\n\n\n\n<p><strong>4\/01\/2024 &#8211; Setor 12:&nbsp;<\/strong>Colinas de Indaiatuba Gleba 1; Jardim Bela Vista; Jardim Cidade Jardim; Jardim Europa I; Jardim Europa II; Jardim Maring\u00e1; Jardim Morumbi; Parque Residencial Indai\u00e1; Travi\u00fa; Veredas da Conquista.<\/p>\n\n\n\n<p><strong>08\/01\/2024 &#8211; Setor<\/strong>&nbsp;<strong>13:&nbsp;<\/strong>Jardim Alice; Jardim Juscelino Kubitschek;&nbsp;&nbsp;&nbsp;&nbsp;&nbsp;&nbsp;&nbsp;&nbsp;&nbsp;&nbsp;&nbsp;&nbsp;Jardim Tancredo Neves; N\u00facleo Residencial Deolinda;&nbsp;Parque das Na\u00e7\u00f5es; Vila Pires da Cunha.<\/p>\n\n\n\n<p><strong>11\/01\/2024 &#8211; Setor 14:&nbsp;<\/strong>Jardim Morada do Sol &#8211; Regi\u00e3o entre as vias: Avenida \u00c1rio Barnab\u00e9, Avenida Francisco de Paula Leite, Rua Jacob Lyra e Avenida Engenheiro F\u00e1bio Roberto Barnab\u00e9.<\/p>\n\n\n\n<p><strong>15\/01\/2024 -Setor 15:&nbsp;<\/strong>Jardim Morada do Sol &#8211; Regi\u00e3o entre as vias: Rua Paulo Von Ah, Avenida Engenheiro F\u00e1bio Roberto Barnab\u00e9, Rua Carlos Alberto Garcia.&nbsp;&nbsp;&nbsp;&nbsp;&nbsp;&nbsp;&nbsp;&nbsp;&nbsp;&nbsp;&nbsp;&nbsp;Jardim Teot\u00f4nio Vilela<\/p>\n\n\n\n<p><strong>18\/01\/2024 &#8211; Setor 16:&nbsp;<\/strong>Jardim Morada do Sol &#8211; Regi\u00e3o entre as vias: Rua Dr. Sergio Mario Almeida, Avenida Engenheiro F\u00e1bio Roberto Barnab\u00e9, Rua Francisco Rossi e Rua Martinho Lutero. Jardim S\u00e3o Conrado<\/p>\n\n\n\n<p><strong>22\/01\/2024 &#8211; Setor 17:&nbsp;<\/strong>Jardim Morada do Sol &#8211; Regi\u00e3o entre as vias: Rua Cust\u00f3dio Candido Carneiro, Avenida Engenheiro F\u00e1bio Roberto Barnab\u00e9 e Rua Martinho Lutero.<\/p>\n\n\n\n<p><strong>25\/01\/2024 &#8211; Setor 18:&nbsp;<\/strong>American Park Empresarial; Distrito Industrial Domingos Giorni; Distrito Industrial Jo\u00e3o Narezzi; Distrito Industrial Nova Era; Europark Comercial; Fazenda Pimenta; Loteamento Comercial Vit\u00f3ria Martini; Recreio Campestre J\u00f3ia<\/p>\n\n\n\n<p><strong>29\/01\/2024 &#8211; Setor 19:&nbsp;<\/strong>Parque das Bandeiras 1; Parque das Bandeiras 2; Parque Presidente; Recreio Campestre Internacional de Viracopos.<\/p>\n\n\n\n<p><strong>01\/02\/2024 &#8211; Setor 20:&nbsp;<\/strong>Ch\u00e1cara do Trevo; Ch\u00e1cara Videiras de Itaici; Colinas do Mosteiro de Itaici; Itaici; Jardim Juliana; Jardim Panorama; Jardim Turim; Recando dos P\u00e1ssaros; S\u00edtios de Recreio Jardim Itaici; Terras de Itaici; Vale das Laranjeiras; Vila Floren\u00e7a.<\/p>\n\n\n\n<p><strong>06\/02\/2024 &#8211; Setor 21:&nbsp;<\/strong>Jardim Esplanada I; Jardim Esplanada II; Jardim Monte Verde; Jardim Portal do Sol; Jardim Regina.<\/p>\n\n\n\n<p><strong>09\/02\/2024 &#8211; Setor 22:&nbsp;<\/strong>Ch\u00e1caras Alvorada; Comercial Monte Castelo; Conjunto Habitacional Caminho da Luz; Jardim Brasil; Jardim Professor Carlos Aldrovandi; Tombadouro.<\/p>\n\n\n\n<p><strong>14\/02\/2024 &#8211; Setor 23:&nbsp;<\/strong>Jardim Beija-Flor; Jardim Bem Te Vi; Jardim Bom Sucesso; Jardim Campo Bonito; Jardim das Andorinhas; Jardim das Araras; Jardim das Gaivotas; Jardim dos Sabi\u00e1s; Jardim dos Tucanos; Jardim Residencial Sabi\u00e1s; Parque dos Sabi\u00e1s; Smart City.<\/p>\n\n\n\n<p><strong>17\/02\/2024 &#8211; Setor 24:&nbsp;<\/strong>Conjunto Habitacional Jo\u00e3o Pioli; Jardim Barcelona; Jardim Colonial; Jardim Dr. Lauro Bueno de Camargo; Jardim Hubert; Jardim Monte Carlo; Jardim Nova Veneza; Jardim Toscana; Jardim Veneza; Jardim Moriyama; Jardim Morada do Sol &#8211; Regi\u00e3o entre as vias: Rua Antonio Narezzi e Rua Walter Gut.<\/p>\n\n\n\n<p><strong>21\/02\/2024 &#8211; Setor 25:&nbsp;<\/strong>Jardim das Maritacas; Jardim dos Colibris; Jardim Paulista I; Jardim Paulista II; Jardim Paulistano; Jardim Uni\u00e3o.<\/p>\n\n\n\n<p><strong>24\/02\/2024 &#8211; Setor 01:&nbsp;<\/strong>Colinas de Indaiatuba II; Jardim Alpes Su\u00ed\u00e7os; Jardim Ava\u00ed; Jardim Dom Bosco; S\u00edtios de Recreio Colina; Solar do Itamarac\u00e1; Vila Ava\u00ed; Vila Su\u00ed\u00e7a.<\/p>\n\n\n\n<p><strong>28\/02\/2024 &#8211; Setor 02:&nbsp;&nbsp;<\/strong>Cidade Nova I &#8211; Regi\u00e3o entre Avenidas Presidente Kennedy e Almirante Tamandar\u00e9. Cidade Nova II; Vila Areal; Vila Georgina.<\/p>\n\n\n\n<p><strong>02\/03\/2024 &#8211; Setor 03:&nbsp;<\/strong>Altos da Bela Vista. Centro &#8211; Regi\u00e3o entre as vias: Rua Candel\u00e1ria, Rua Padre Bento Pacheco, Rua H\u00e9rcules Mazzoni e Rua S\u00e3o Carlos. Ch\u00e1cara Areal; Ch\u00e1caras Belvedere; Jardim S\u00e3o Carlos; Vila Almeida; Vila Lopes; Vila Nossa Senhora Aparecida; Vila Ruz Peres; Vila Teller; Vila Todos os Santos.&nbsp;<strong>06\/03\/2024 &#8211; Setor 04:&nbsp;<\/strong>Centro &#8211; Regi\u00e3o entre as vias: Avenida Itoror\u00f3, Avenida Presidente Vargas, Rua Padre Bento Pacheco e Rua Quinze de Novembro. Cidade Nova I &#8211; Regi\u00e3o entre as Avenidas Presidente Kennedy e Avenida Itoror\u00f3.<\/p>\n\n\n\n<p><strong>09\/03\/2024 &#8211; Setor 05:&nbsp;<\/strong>Centro &#8211; Regi\u00e3o entre as vias Padre Bento Pacheco, Rua Candel\u00e1ria, Rua Sete de Setembro e Rua H\u00e9rcules Mazzoni. Jardim Maria Luiza; Jardim Pau Preto; Vila Nossa Senhora da Candel\u00e1ria; Vila Sfeir.<\/p>\n\n\n\n<p><strong>13\/03\/2024 &#8211; Setor 06:&nbsp;<\/strong>Centro &#8211; Regi\u00e3o Entre as Ruas Padre Bento Pacheco, Rua Tuiuti, Rua Augusto de Oliveira Camargo e Rua Candel\u00e1ria. Jardim Rossignatti; Parque Boa Esperan\u00e7a; Vila Vit\u00f3ria.<\/p>\n\n\n\n<p><strong>16\/03\/2024 &#8211; Setor 07:&nbsp;<\/strong>Alto da Colina; Jardim Am\u00e9rica; Jardim Cristina; Jardim dos Amarais; Jardim Moacyr Arruda; Jardim Novo Horizonte; Jardim Santiago; Jardim S\u00e3o Paulo; Jardim Sevilha; Parque S\u00e3o Louren\u00e7o; Vila Castelo Branco; Vila Furlan; Vila Homero.<\/p>\n\n\n\n<p><strong>20\/03\/2024 &#8211; Setor 08:&nbsp;<\/strong>Aqui Se Vive; Jardim Carlos Augusto Andrade; Jardim Guanabara; Jardim Itamarac\u00e1; Jardim Olinda;&nbsp;&nbsp;&nbsp;&nbsp;&nbsp;&nbsp;&nbsp;&nbsp;&nbsp;&nbsp;&nbsp;&nbsp;&nbsp;Jardim Regente; Jardim Santa Rita; Jardim Valen\u00e7a; Park Meraki; Vila Maria; Vila Maria; Helena; Vila Rubens; Vila Soriano.<\/p>\n\n\n\n<p><strong>23\/03\/2024 &#8211; Setor 09:&nbsp;<\/strong>Jardim Adriana; Jardim Bom Princ\u00edpio; Jardim do Valle; Jardim Nely; Jardim Pompeia; Jardim Remulo Zoppi; Jardim Renata; Jardim S\u00e3o Francisco; N\u00facleo Hab. Brigadeiro Faria Lima; Vila Bergamo;&nbsp;&nbsp;&nbsp;&nbsp;&nbsp;&nbsp;&nbsp;&nbsp;&nbsp;&nbsp;&nbsp;&nbsp;Vila S\u00e3o Jos\u00e9.<\/p>\n\n\n\n<p><strong>27\/03\/2024 &#8211; Setor 10:&nbsp;<\/strong>Jardim Belo Horizonte; Jardim Calif\u00f3rnia;&nbsp;&nbsp;&nbsp;&nbsp;&nbsp;&nbsp;&nbsp;&nbsp;&nbsp;&nbsp;&nbsp;&nbsp;Jardim Kioto I; Jardim Kioto II; Jardim Nova Indai\u00e1; Jardim Oliveira Camargo; Jardim Tropical; Vila Brizola &#8211; Regi\u00e3o entre as vias: Rua dos Indai\u00e1s e Domacyr Stocco J\u00fanior; Vila Costa e Silva; Vila Santa Cruz.<\/p>\n\n\n\n<p><strong>01\/04\/2024 &#8211; Setor 11:&nbsp;<\/strong>Conjunto Habitacional L\u00facio Artoni; Distrito Bartolomai; Jardim do Sol; Jardim Eldorado; Jardim Fl\u00f3rida; Jardim Jequitib\u00e1; Jardim Leonor I; Jardim Leonor II; Jardim Para\u00edso; Jardim Patr\u00edcia; Jardim Pedroso;Jardim Primavera;&nbsp;&nbsp;&nbsp;&nbsp;&nbsp;&nbsp;&nbsp;&nbsp;&nbsp;&nbsp;&nbsp;&nbsp;Jardim Santorini; Jardim Umuarama; Vila Brizola &#8211; Regi\u00e3o entre as vias: Rua dos Indai\u00e1s e Rua Primo Jos\u00e9 Mattioni. Vila Mariana;&nbsp;Vila Verde.<\/p>\n\n\n\n<p><strong>04\/04\/2024 &#8211; Setor 12:&nbsp;<\/strong>Colinas de Indaiatuba Gleba 1; Jardim Bela Vista; Jardim Cidade Jardim; Jardim Europa I; Jardim Europa II; Jardim Maring\u00e1; Jardim Morumbi; Parque Residencial Indai\u00e1; Travi\u00fa; Veredas da Conquista.<\/p>\n\n\n\n<p><strong>08\/04\/2024 &#8211; Setor 13:&nbsp;<\/strong>Jardim Alice; Jardim Juscelino Kubitschek; Jardim Tancredo Neves; N\u00facleo Residencial Deolinda; Parque das Na\u00e7\u00f5es; Vila Pires da Cunha.<\/p>\n\n\n\n<p><strong>11\/04\/2024 &#8211; Setor 14:&nbsp;<\/strong>Jardim Morada do Sol &#8211; Regi\u00e3o entre as vias: Avenida \u00c1rio Barnab\u00e9, Avenida Francisco de Paula Leite, Rua Jacob Lyra e Avenida Engenheiro F\u00e1bio Roberto Barnab\u00e9.<\/p>\n\n\n\n<p><strong>15\/04\/2024 &#8211; Setor 15:&nbsp;<\/strong>Jardim Morada do Sol &#8211; Regi\u00e3o entre as vias: Rua Paulo Von Ah, Avenida Engenheiro F\u00e1bio Roberto Barnab\u00e9, Rua Carlos Alberto Garcia. Jardim Teot\u00f4nio Vilela.<\/p>\n\n\n\n<p><strong>18\/04\/2024 &#8211; Setor 16:&nbsp;<\/strong>Jardim Morada do Sol &#8211; Regi\u00e3o entre as vias: Rua Dr. Sergio Mario Almeida, Avenida Engenheiro F\u00e1bio Roberto Barnab\u00e9, Rua Francisco Rossi e Rua Martinho Lutero. Jardim S\u00e3o Conrado<\/p>\n\n\n\n<p><strong>22\/04\/2024 &#8211; Setor 17:&nbsp;<\/strong>Jardim Morada do Sol &#8211; Regi\u00e3o entre as vias: Rua Cust\u00f3dio Candido Carneiro, Avenida Engenheiro F\u00e1bio Roberto Barnab\u00e9 e Rua Martinho Lutero.<\/p>\n\n\n\n<p><strong>25\/04\/2024 &#8211; Setor 18:&nbsp;<\/strong>American Park Empresarial; Distrito Industrial Domingos Giorni; Distrito Industrial Jo\u00e3o Narezzi; Distrito Industrial Nova Era; Europark Comercial; Fazenda Pimenta; Loteamento Comercial Vit\u00f3ria Martini; Recreio Campestre J\u00f3ia.<\/p>\n\n\n\n<p><strong>29\/04\/2024 &#8211; Setor 19:&nbsp;<\/strong>Parque das Bandeiras 1; Parque das Bandeiras 2; Parque Presidente; Recreio Campestre Internacional de Viracopos.<\/p>\n\n\n\n<p><strong>03\/05\/2024 &#8211; Setor 20:&nbsp;<\/strong>Ch\u00e1cara do Trevo; Ch\u00e1cara Videiras de Itaici; Colinas do Mosteiro de Itaici; Itaici; Jardim Juliana; Jardim Panorama; Jardim Turim; Recando dos P\u00e1ssaros; S\u00edtios de Recreio Jardim Itaici; Terras de Itaici; Vale das Laranjeiras; Vila Floren\u00e7a.<\/p>\n\n\n\n<p><strong>07\/05\/2024 &#8211; Setor 21:&nbsp;<\/strong>Jardim Esplanada I;&nbsp;&nbsp;&nbsp;&nbsp;&nbsp;&nbsp;&nbsp;&nbsp;&nbsp;&nbsp;&nbsp;&nbsp;Jardim Esplanada II; Jardim Monte Verde; Jardim Portal do Sol; Jardim Regina.<\/p>\n\n\n\n<p><strong>10\/05\/2024 &#8211; Setor 22:&nbsp;<\/strong>Ch\u00e1caras Alvorada;&nbsp;&nbsp;&nbsp;&nbsp;&nbsp;&nbsp;&nbsp;&nbsp;&nbsp;&nbsp;&nbsp;&nbsp;Comercial Monte Castelo; Conjunto Habitacional Caminho da Luz; Jardim Brasil; Jardim Professor Carlos Aldrovandi; Tombadouro.<\/p>\n\n\n\n<p><strong>14\/05\/2024 &#8211; Setor 23:&nbsp;<\/strong>Jardim Beija-Flor; Jardim Bem Te Vi; Jardim Bom Sucesso; Jardim Campo Bonito; Jardim das Andorinhas; Jardim das Araras; Jardim das Gaivotas; Jardim dos Sabi\u00e1s; Jardim dos Tucanos; Jardim Residencial Sabi\u00e1s; Parque dos Sabi\u00e1s; Smart City<\/p>\n\n\n\n<p><strong>17\/05\/2024 &#8211; Setor 24:&nbsp;<\/strong>Conjunto Habitacional Jo\u00e3o Pioli; Jardim Barcelona; Jardim Colonial; Jardim Dr. Lauro Bueno de Camargo; Jardim Hubert; Jardim Monte Carlo; Jardim Nova Veneza; Jardim Toscana; Jardim Veneza; Jarim Moriyama; Jardim Morada do Sol &#8211; Regi\u00e3o entre as vias: Rua Antonio Narezzi e Rua Walter Gut.<\/p>\n\n\n\n<p><strong>21\/05\/2024 &#8211; Setor 25:&nbsp;<\/strong>Jardim das Maritacas; Jardim dos Colibris; Jardim Paulista I; Jardim Paulista II; Jardim Paulistano; Jardim Uni\u00e3o.<\/p>\n\n\n\n<p><strong>24\/05\/2024 &#8211; Setor 01:&nbsp;<\/strong>Colinas de Indaiatuba II; Jardim Alpes Su\u00ed\u00e7os; Jardim Ava\u00ed; Jardim Dom Bosco;&nbsp;&nbsp;&nbsp;&nbsp;&nbsp;&nbsp;&nbsp;&nbsp;&nbsp;&nbsp;&nbsp;&nbsp;&nbsp;S\u00edtios de Recreio Colina; Solar do Itamarac\u00e1; Vila Ava\u00ed; Vila Su\u00ed\u00e7a.<\/p>\n\n\n\n<p><strong>28\/05\/2024 &#8211; Setor 02:&nbsp;<\/strong>Cidade Nova I &#8211; Regi\u00e3o entre Avenidas Presidente Kennedy e Almirante Tamandar\u00e9. Cidade Nova II; Vila Areal; Vila Georgina.<\/p>\n\n\n\n<p><strong>01\/06\/2024 &#8211; Setor 03:&nbsp;<\/strong>Altos da Bela Vista;&nbsp;&nbsp;&nbsp;&nbsp;&nbsp;&nbsp;&nbsp;&nbsp;&nbsp;&nbsp;&nbsp;&nbsp;Centro &#8211; Regi\u00e3o entre as vias: Rua Candel\u00e1ria, Rua Padre Bento Pacheco, Rua H\u00e9rcules Mazzoni e Rua S\u00e3o Carlos. Ch\u00e1cara Areal; Ch\u00e1caras Belvedere; Jardim S\u00e3o Carlos; Vila Almeida; Vila Lopes; Vila Nossa Senhora Aparecida; Vila Ruz Peres; Vila Teller; Vila Todos os Santos.<\/p>\n\n\n\n<p><strong>05\/06\/2024 &#8211; Setor 04:&nbsp;<\/strong>Centro &#8211; Regi\u00e3o entre as vias: Avenida Itoror\u00f3, Avenida Presidente Vargas, Rua Padre Bento Pacheco e Rua Quinze de Novembro.&nbsp;Cidade Nova I &#8211; Regi\u00e3o entre as Avenidas Presidente Kennedy e Avenida Itoror\u00f3.<\/p>\n\n\n\n<p><strong>08\/06\/2024 &#8211; Setor 05:&nbsp;<\/strong>Centro &#8211; Regi\u00e3o entre as vias Padre Bento Pacheco, Rua Candel\u00e1ria, Rua Sete de Setembro e Rua H\u00e9rcules Mazzoni. Jardim Maria Luiza; Jardim Pau Preto; Vila Nossa Senhora da Candel\u00e1ria; Vila Sfeir.<\/p>\n\n\n\n<p><strong>12\/06\/2024 &#8211; Setor 06:&nbsp;<\/strong>Centro &#8211; Regi\u00e3o Entre as Ruas Padre Bento Pacheco, Rua Tuiuti, Rua Augusto de Oliveira Camargo e Rua Candel\u00e1ria. Jardim Rossignatti;&nbsp;&nbsp;Parque Boa Esperan\u00e7a; Vila Vit\u00f3ria.<\/p>\n\n\n\n<p><strong>15\/06\/2024 &#8211; Setor 07:&nbsp;<\/strong>Alto da Colina; Jardim Am\u00e9rica; Jardim Cristina; Jardim dos Amarais; Jardim Moacyr Arruda; Jardim Novo Horizonte; Jardim Santiago; Jardim S\u00e3o Paulo; Jardim Sevilha; Parque S\u00e3o Louren\u00e7o; Vila Castelo Branco; Vila Furlan; Vila Homero.<\/p>\n\n\n\n<p><strong>19\/06\/2024 &#8211; Setor 08:&nbsp;<\/strong>Aqui Se Vive; Jardim Carlos Augusto Andrade; Jardim Guanabara; Jardim Itamarac\u00e1; Jardim Olinda; Jardim Regente; Jardim Santa Rita; Jardim Valen\u00e7a; Park Meraki; Vila Maria; Vila Maria Helena; Vila Rubens; Vila Soriano.<\/p>\n\n\n\n<p><strong>22\/06\/2024 &#8211; Setor 09:&nbsp;<\/strong>Jardim Adriana; Jardim Bom Princ\u00edpio; Jardim do Valle; Jardim Nely; Jardim Pompeia; Jardim R\u00eamulo Zoppi; Jardim Renata; Jardim S\u00e3o Francisco; N\u00facleo Hab. Brigadeiro Faria Lima; Vila Bergamo;&nbsp;&nbsp;&nbsp;&nbsp;&nbsp;&nbsp;&nbsp;&nbsp;&nbsp;&nbsp;&nbsp;&nbsp;Vila S\u00e3o Jos\u00e9.<\/p>\n\n\n\n<p><strong>26\/06\/2024 &#8211; Setor 10:&nbsp;<\/strong>Jardim Belo Horizonte; Jardim Calif\u00f3rnia; Jardim Kioto I;&nbsp;&nbsp;&nbsp;&nbsp;&nbsp;&nbsp;&nbsp;&nbsp;&nbsp;&nbsp;&nbsp;Jardim Kioto II; Jardim Nova Indai\u00e1; Jardim Oliveira Camargo; Jardim Tropical; Vila Brizola &#8211; Regi\u00e3o entre as vias: Rua dos Indai\u00e1s e Domacyr Stocco J\u00fanior. Vila Costa e Silva; Vila Santa Cruz.<\/p>\n\n\n\n<p>29<strong>\/06\/2024 &#8211; Setor 11:&nbsp;<\/strong>Conjunto Habitacional L\u00facio Artoni; Distrito Bartolomai; Jardim do Sol; Jardim Eldorado; Jardim Fl\u00f3rida; Jardim Jequitib\u00e1; Jardim Leonor I; Jardim Leonor II; Jardim Para\u00edso; Jardim Patr\u00edcia; Jardim Pedroso; Jardim Primavera; Jardim Santorini; Jardim Umuarama; Vila Brizola &#8211; Regi\u00e3o entre as vias: Rua dos Indai\u00e1s e Rua Primo Jos\u00e9 Mattioni. Vila Mariana;&nbsp;&nbsp;&nbsp;&nbsp;&nbsp;&nbsp;&nbsp;&nbsp;&nbsp;&nbsp;&nbsp;&nbsp;Vila Verde.<\/p>\n\n\n\n<p><strong>03\/07\/2024 &#8211; Setor 12:&nbsp;<\/strong>Colinas de Indaiatuba Gleba 1; Jardim Bela Vista; Jardim Cidade Jardim; Jardim Europa I; Jardim Europa II; Jardim Maring\u00e1; Jardim Morumbi; Parque Residencial Indai\u00e1; Travi\u00fa; Veredas da Conquista.<\/p>\n\n\n\n<p><strong>06\/07\/2024 &#8211; Setor 13:&nbsp;<\/strong>Jardim Alice; Jardim Juscelino Kubitschek; Jardim Tancredo Neves; N\u00facleo Residencial Deolinda; Parque das Na\u00e7\u00f5es; Vila Pires da Cunha.<\/p>\n\n\n\n<p><strong>11\/07\/2024 &#8211; Setor 14:&nbsp;<\/strong>Jardim Morada do Sol &#8211; Regi\u00e3o entre as vias: Avenida \u00c1rio Barnab\u00e9, Avenida Francisco de Paula Leite, Rua Jacob Lyra e Avenida Engenheiro F\u00e1bio Roberto Barnab\u00e9.<\/p>\n\n\n\n<p><strong>15\/07\/2024 &#8211; Setor 15:&nbsp;<\/strong>Jardim Morada do Sol &#8211; Regi\u00e3o entre as vias: Rua Paulo Von Ah, Avenida Engenheiro F\u00e1bio Roberto Barnab\u00e9, Rua Carlos Alberto Garcia. Jardim Teot\u00f4nio Vilela<\/p>\n\n\n\n<p><strong>18\/07\/2024 &#8211; Setor 16:&nbsp;<\/strong>Jardim Morada do Sol &#8211; Regi\u00e3o entre as vias: Rua Dr. Sergio Mario Almeida, Avenida Engenheiro F\u00e1bio Roberto Barnab\u00e9, Rua Francisco Rossi e Rua Martinho Lutero. Jardim S\u00e3o Conrado<\/p>\n\n\n\n<p><strong>22\/07\/2024 &#8211; Setor 17:&nbsp;<\/strong>Jardim Morada do Sol &#8211; Regi\u00e3o entre as vias: Rua Cust\u00f3dio Candido Carneiro, Avenida Engenheiro F\u00e1bio Roberto Barnab\u00e9 e Rua Martinho Lutero.<\/p>\n\n\n\n<p><strong>25\/07\/2024 &#8211; Setor 18:&nbsp;<\/strong>American Park Empresarial; Distrito Industrial Domingos Giorni; Distrito Industrial Jo\u00e3o Narezzi; Distrito Industrial Nova Era; Europark Comercial; Fazenda Pimenta; Loteamento Comercial Vit\u00f3ria Martini; Recreio Campestre Joia.<\/p>\n\n\n\n<p><strong>29\/07\/2024 &#8211; Setor 19:&nbsp;<\/strong>Parque das Bandeiras 1; Parque das Bandeiras 2; Parque Presidente; Recreio Campestre Internacional de Viracopos.<\/p>\n\n\n\n<p><strong>01\/08\/2024 &#8211; Setor 20:&nbsp;<\/strong>Ch\u00e1cara do Trevo; Ch\u00e1cara Videiras de Itaici; Colinas do Mosteiro de Itaici; Itaici;<\/p>\n\n\n\n<p>Jardim Juliana; Jardim Panorama; Jardim Turim; Recando dos P\u00e1ssaros; S\u00edtios de Recreio Jardim Itaici; Terras de Itaici; Vale das Laranjeiras; Vila Floren\u00e7a.<\/p>\n\n\n\n<p><strong>05\/08\/2024 &#8211; Setor 21:&nbsp;<\/strong>Jardim Esplanada I;&nbsp;&nbsp;&nbsp;&nbsp;&nbsp;&nbsp;&nbsp;&nbsp;&nbsp;&nbsp;&nbsp;&nbsp;Jardim Esplanada II; Jardim Monte Verde; Jardim Portal do Sol; Jardim Regina.<\/p>\n\n\n\n<p><strong>08\/08\/2024 &#8211; Setor 22:&nbsp;<\/strong>Ch\u00e1caras Alvorada;&nbsp;&nbsp;&nbsp;&nbsp;&nbsp;&nbsp;&nbsp;&nbsp;&nbsp;&nbsp;&nbsp;&nbsp;Comercial Monte Castelo; Conjunto Habitacional Caminho da Luz; Jardim Brasil; Jardim Professor Carlos Aldrovandi; Tombadouro<\/p>\n\n\n\n<p><strong>12\/08\/2024 &#8211; Setor 23:&nbsp;<\/strong>Jardim Beija-Flor; Jardim Bem Te Vi; Jardim Bom Sucesso; Jardim Campo Bonito; Jardim das Andorinhas; Jardim das Araras; Jardim das Gaivotas; Jardim dos Sabi\u00e1s; Jardim dos Tucanos; Jardim Residencial Sabi\u00e1s; Parque dos Sabi\u00e1s; Smart City<\/p>\n\n\n\n<p><strong>15\/08\/2024 &#8211; Setor 24:&nbsp;<\/strong>Conjunto Habitacional Jo\u00e3o Pioli; Jardim Barcelona; Jardim Colonial; Jardim Dr. Lauro Bueno de Camargo; Jardim Hubert; Jardim Monte Carlo; Jardim Nova Veneza; Jardim Toscana; Jardim Veneza; Jarim Moriyama; Jardim Morada do Sol &#8211; Regi\u00e3o entre as vias: Rua Antonio Narezzi e Rua Walter Gut.<\/p>\n\n\n\n<p><strong>19\/08\/2024 &#8211; Setor 25:&nbsp;<\/strong>Jardim das Maritacas; Jardim dos Colibris; Jardim Paulista I; Jardim Paulista II; Jardim Paulistano; Jardim Uni\u00e3o.<\/p>\n\n\n\n<p><strong>22\/08\/2024 &#8211; Setor 01:&nbsp;<\/strong>Colinas de Indaiatuba II; Jardim Alpes Su\u00ed\u00e7os; Jardim Ava\u00ed; Jardim Dom Bosco;&nbsp;&nbsp;&nbsp;&nbsp;&nbsp;&nbsp;&nbsp;&nbsp;&nbsp;&nbsp;&nbsp;&nbsp;&nbsp;S\u00edtios de Recreio Colina; Solar do Itamarac\u00e1; Vila Ava\u00ed; Vila Su\u00ed\u00e7a.<\/p>\n\n\n\n<p><strong>26\/08\/2024 &#8211; Setor 02:&nbsp;<\/strong>Cidade Nova I &#8211; Regi\u00e3o entre Avenidas Presidente Kennedy e Almirante Tamandar\u00e9. Cidade Nova II; Vila Areal; Vila Georgina.<\/p>\n\n\n\n<p><strong>29\/08\/2024 &#8211; Setor 03:&nbsp;<\/strong>Altos da Bela Vista;&nbsp;&nbsp;&nbsp;&nbsp;&nbsp;&nbsp;&nbsp;&nbsp;&nbsp;&nbsp;&nbsp;&nbsp;Centro &#8211; Regi\u00e3o entre as vias: Rua Candel\u00e1ria, Rua Padre Bento Pacheco, Rua H\u00e9rcules Mazzoni e Rua S\u00e3o Carlos. Ch\u00e1cara Areal; Ch\u00e1caras Belvedere; Jardim S\u00e3o Carlos; Vila Almeida; Vila Lopes; Vila Nossa Senhora Aparecida; Vila Ruz Peres; Vila Teller; Vila Todos os Santos<\/p>\n\n\n\n<p><strong>02\/09\/2024 &#8211; Setor 04:&nbsp;<\/strong>Centro &#8211; Regi\u00e3o entre as vias: Avenida Itoror\u00f3, Avenida Presidente Vargas, Rua Padre Bento Pacheco e Rua Quinze de Novembro.&nbsp;Cidade Nova I &#8211; Regi\u00e3o entre as Avenidas Presidente Kennedy e Avenida Itoror\u00f3.<\/p>\n\n\n\n<p><strong>05\/09\/2024 &#8211; Setor 05:&nbsp;<\/strong>Centro &#8211; Regi\u00e3o entre as vias Padre Bento Pacheco, Rua Candel\u00e1ria, Rua Sete de Setembro e Rua H\u00e9rcules Mazzoni. Jardim Maria Luiza; Jardim Pau Preto; Vila Nossa Senhora da Candel\u00e1ria; Vila Sfeir.<\/p>\n\n\n\n<p><strong>10\/09\/2024 &#8211; Setor 06:&nbsp;<\/strong>Centro &#8211; Regi\u00e3o Entre as Ruas Padre Bento Pacheco, Rua Tuiuti, Rua Augusto de Oliveira Camargo e Rua Candel\u00e1ria. Jardim Rossignatti; Parque Boa Esperan\u00e7a; Vila Vit\u00f3ria.<\/p>\n\n\n\n<p><strong>13\/09\/2024 &#8211; Setor 07:&nbsp;<\/strong>Alto da Colina; Jardim Am\u00e9rica; Jardim Cristina; Jardim dos Amarais; Jardim Moacyr Arruda; Jardim Novo Horizonte; Jardim Santiago; Jardim S\u00e3o Paulo; Jardim Sevilha; Parque S\u00e3o Louren\u00e7o; Vila Castelo Branco; Vila Furlan; Vila Homero.<\/p>\n\n\n\n<p><strong>17\/09\/2024 &#8211; Setor 08:&nbsp;<\/strong>Aqui Se Vive; Jardim Carlos Augusto Andrade; Jardim Guanabara; Jardim Itamarac\u00e1; Jardim Olinda; Jardim Regente; Jardim Santa Rita; Jardim Valen\u00e7a; Park Meraki; Vila Maria; Vila Maria Helena; Vila Rubens; Vila Soriano<\/p>\n\n\n\n<p><strong>20\/09\/2024 &#8211; Setor 09:&nbsp;<\/strong>Jardim Adriana; Jardim Bom Princ\u00edpio; Jardim do Valle; Jardim Nely; Jardim; Pompeia; Jardim Remulo Zoppi; Jardim Renata; Jardim S\u00e3o Francisco; N\u00facleo Hab. Brigadeiro Faria Lima; Vila Bergamo;&nbsp;&nbsp;&nbsp;&nbsp;&nbsp;&nbsp;&nbsp;&nbsp;&nbsp;&nbsp;&nbsp;&nbsp;Vila S\u00e3o Jos\u00e9<\/p>\n\n\n\n<p><strong>24\/09\/2024 &#8211; Setor 10:&nbsp;<\/strong>Jardim Belo Horizonte; Jardim Calif\u00f3rnia;&nbsp;&nbsp;&nbsp;&nbsp;&nbsp;&nbsp;&nbsp;&nbsp;&nbsp;&nbsp;&nbsp;&nbsp;Jardim Kioto I; Jardim Kioto II; Jardim Nova Indai\u00e1; Jardim Oliveira Camargo; Jardim Tropical; Vila Brizola &#8211; Regi\u00e3o entre as vias: Rua dos Indai\u00e1s e Domacyr Stocco J\u00fanior. Vila Costa e Silva; Vila Santa Cruz<\/p>\n\n\n\n<p><strong>27\/09\/2024 &#8211; Setor 11:&nbsp;<\/strong>Conjunto Habitacional L\u00facio Artoni; Distrito Bartolomai; Jardim do Sol; Jardim Eldorado; Jardim Fl\u00f3rida; Jardim Jequitib\u00e1; Jardim Leonor I; Jardim Leonor II; Jardim Para\u00edso; Jardim Patr\u00edcia; Jardim Pedroso; Jardim Primavera; Jardim Santorini; Jardim Umuarama; Vila Brizola &#8211; Regi\u00e3o entre as vias: Rua dos Indai\u00e1s e Rua Primo Jos\u00e9 Mattioni. Vila Mariana;&nbsp;&nbsp;&nbsp;&nbsp;&nbsp;&nbsp;&nbsp;&nbsp;&nbsp;&nbsp;&nbsp;&nbsp;Vila Verde.<\/p>\n\n\n\n<p><strong>01\/10\/2024 &#8211; Setor 12:&nbsp;<\/strong>Colinas de Indaiatuba Gleba 1; Jardim Bela Vista; Jardim Cidade Jardim; Jardim Europa I; Jardim Europa II; Jardim Maring\u00e1; Jardim Morumbi; Parque Residencial Indai\u00e1; Travi\u00fa; Veredas da Conquista;<\/p>\n\n\n\n<p><strong>04\/10\/2024 &#8211; Setor 13:&nbsp;<\/strong>Jardim Alice; Jardim Juscelino Kubitschek; Jardim Tancredo Neves; N\u00facleo Residencial Deolinda; Parque das Na\u00e7\u00f5es; Vila Pires da Cunha.<\/p>\n\n\n\n<p><strong>08\/10\/2024 &#8211; Setor 14:&nbsp;<\/strong>Jardim Morada do Sol &#8211; Regi\u00e3o entre as vias: Avenida \u00c1rio Barnab\u00e9, Avenida Francisco de Paula Leite, Rua Jacob Lyra e Avenida Engenheiro F\u00e1bio Roberto Barnab\u00e9.<\/p>\n\n\n\n<p><strong>11\/10\/2024 &#8211; Setor 15:&nbsp;<\/strong>Jardim Morada do Sol &#8211; Regi\u00e3o entre as vias: Rua Paulo Von Ah, Avenida Engenheiro F\u00e1bio Roberto Barnab\u00e9, Rua Carlos Alberto Garcia. Jardim Teot\u00f4nio Vilela<\/p>\n\n\n\n<p><strong>16\/10\/2024 &#8211; Setor 16:&nbsp;<\/strong>Jardim Morada do Sol &#8211; Regi\u00e3o entre as vias: Rua Dr. Sergio Mario Almeida, Avenida Engenheiro F\u00e1bio Roberto Barnab\u00e9, Rua Francisco Rossi e Rua Martinho Lutero. Jardim S\u00e3o Conrado<\/p>\n\n\n\n<p><strong>19\/10\/2024 &#8211; Setor 17:&nbsp;<\/strong>Jardim Morada do Sol &#8211; Regi\u00e3o entre as vias: Rua Cust\u00f3dio Candido Carneiro, Avenida Engenheiro F\u00e1bio Roberto Barnab\u00e9 e Rua Martinho Lutero.<\/p>\n\n\n\n<p><strong>23\/10\/2024 &#8211; Setor 18:&nbsp;<\/strong>American Park Empresarial; Distrito Industrial Domingos Giorni; Distrito Industrial Jo\u00e3o Narezzi; Distrito Industrial Nova Era; Europark Comercial; Fazenda Pimenta; Loteamento Comercial Vit\u00f3ria Martini; Recreio Campestre Joia.<\/p>\n\n\n\n<p><strong>26\/10\/2024 &#8211; Setor 19:&nbsp;<\/strong>Parque das Bandeiras 1; Parque das Bandeiras 2; Parque Presidente; Recreio Campestre Internacional de Viracopos.<\/p>\n\n\n\n<p><strong>30\/10\/2024 &#8211; Setor 20:&nbsp;<\/strong>Ch\u00e1cara do Trevo; Ch\u00e1cara Videiras de Itaici; Colinas do Mosteiro de Itaici; Itaici; Jardim Juliana; Jardim Panorama; Jardim Turim; Recando dos P\u00e1ssaros; S\u00edtios de Recreio Jardim Itaici; Terras de Itaici; Vale das Laranjeiras; Vila Floren\u00e7a<\/p>\n\n\n\n<p><strong>04\/11\/2024 &#8211; Setor 21:&nbsp;<\/strong>Jardim Esplanada I;&nbsp;&nbsp;&nbsp;&nbsp;&nbsp;&nbsp;&nbsp;&nbsp;&nbsp;&nbsp;&nbsp;&nbsp;Jardim Esplanada II; Jardim Monte Verde; Jardim Portal do Sol; Jardim Regina.<\/p>\n\n\n\n<p><strong>07\/11\/2024 &#8211; Setor 22:&nbsp;<\/strong>Ch\u00e1caras Alvorada;&nbsp;&nbsp;&nbsp;&nbsp;&nbsp;&nbsp;&nbsp;&nbsp;&nbsp;&nbsp;&nbsp;&nbsp;Comercial Monte Castelo; Conjunto Habitacional Caminho da Luz; Jardim Brasil; Jardim Professor Carlos Aldrovandi; Tombadouro<\/p>\n\n\n\n<p><strong>11\/11\/2024 &#8211; Setor 23:&nbsp;<\/strong>Jardim Beija-Flor; Jardim Bem Te Vi; Jardim Bom Sucesso; Jardim Campo Bonito; Jardim das Andorinhas; Jardim das Araras; Jardim das Gaivotas; Jardim dos Sabi\u00e1s; Jardim dos Tucanos; Jardim Residencial Sabi\u00e1s; Parque dos Sabi\u00e1s; Smart City.<\/p>\n\n\n\n<p><strong>14\/11\/2024 &#8211; Setor 24:&nbsp;<\/strong>Conjunto Habitacional Jo\u00e3o Pioli; Jardim Barcelona; Jardim Colonial; Jardim Dr. Lauro Bueno de Camargo; Jardim Hubert; Jardim Monte Carlo; Jardim Nova Veneza; Jardim Toscana; Jardim Veneza; Jardim Moriyama; Jardim Morada do Sol &#8211; Regi\u00e3o entre as vias: Rua Antonio Narezzi e Rua Walter Gut.<\/p>\n\n\n\n<p><strong>19\/11\/2024 &#8211; Setor 25:&nbsp;<\/strong>Jardim das Maritacas; Jardim dos Colibris; Jardim Paulista I; Jardim Paulista II; Jardim Paulistano; Jardim Uni\u00e3o.<\/p>\n\n\n\n<p><strong>23\/11\/2024 &#8211; Setor 01:&nbsp;<\/strong>Colinas de Indaiatuba II; Jardim Alpes Su\u00ed\u00e7os; Jardim Ava\u00ed; Jardim Dom Bosco;&nbsp;&nbsp;&nbsp;&nbsp;&nbsp;&nbsp;&nbsp;&nbsp;&nbsp;&nbsp;&nbsp;&nbsp;&nbsp;S\u00edtios de Recreio Colina; Solar do Itamarac\u00e1; Vila Ava\u00ed; Vila Su\u00ed\u00e7a.<\/p>\n\n\n\n<p><strong>27\/11\/2024 &#8211; Setor 02:&nbsp;<\/strong>Cidade Nova I &#8211; Regi\u00e3o entre Avenidas Presidente Kennedy e Almirante Tamandar\u00e9. Cidade Nova II; Vila Areal; Vila Georgina.<\/p>\n\n\n\n<p><strong>30\/11\/2024 &#8211;&nbsp;&nbsp;Setor 03:&nbsp;<\/strong>Altos da Bela Vista; Centro &#8211; Regi\u00e3o entre as vias: Rua Candel\u00e1ria, Rua Padre Bento Pacheco, Rua H\u00e9rcules Mazzoni e Rua S\u00e3o Carlos. Ch\u00e1cara Areal; Ch\u00e1caras Belvedere; Jardim S\u00e3o Carlos; Vila Almeida; Vila Lopes; Vila Nossa Senhora Aparecida; Vila Ruz Peres; Vila Teller; Vila Todos os Santos.<\/p>\n\n\n\n<p><strong>04\/12\/2024 &#8211; Setor 04:&nbsp;<\/strong>Centro &#8211; Regi\u00e3o entre as vias: Avenida Itoror\u00f3, Avenida Presidente Vargas, Rua Padre Bento Pacheco e Rua Quinze de Novembro.&nbsp;Cidade Nova I &#8211; Regi\u00e3o entre as Avenidas Presidente Kennedy e Avenida Itoror\u00f3.<\/p>\n\n\n\n<p><strong>07\/12\/2024 &#8211; Setor 05:&nbsp;<\/strong>Centro &#8211; Regi\u00e3o entre as vias Padre Bento Pacheco, Rua Candel\u00e1ria, Rua Sete de Setembro e Rua H\u00e9rcules Mazzoni. Jardim Maria Luiza; Jardim Pau Preto; Vila Nossa Senhora da Candel\u00e1ria; Vila Sfeir.<\/p>\n\n\n\n<p><strong>11\/12\/2024 &#8211; Setor 06:&nbsp;<\/strong>Centro &#8211; Regi\u00e3o Entre as Ruas Padre Bento Pacheco, Rua Tuiuti, Rua Augusto de Oliveira Camargo e Rua Candel\u00e1ria. Jardim Rossignatti; Parque Boa Esperan\u00e7a; Vila Vit\u00f3ria.<\/p>\n\n\n\n<p><strong>14\/12\/2024 &#8211; Setor 07:&nbsp;&nbsp;<\/strong>Alto da Colina; Jardim Am\u00e9rica; Jardim Cristina; Jardim dos Amarais; Jardim Moacyr Arruda; Jardim Novo Horizonte; Jardim Santiago; Jardim S\u00e3o Paulo; Jardim Sevilha; Parque S\u00e3o Louren\u00e7o; Vila Castelo Branco; Vila Furlan; Vila Homero.<\/p>\n\n\n\n<p><strong>18\/12\/2024 &#8211; Setor 08:&nbsp;<\/strong>Aqui Se Vive; Jardim Carlos Augusto Andrade; Jardim Guanabara; Jardim Itamarac\u00e1; Jardim Olinda; Jardim Regente; Jardim Santa Rita; Jardim Valen\u00e7a; Park Meraki; Vila Maria; Vila Maria Helena; Vila Rubens; Vila Soriano<\/p>\n\n\n\n<p><strong>21\/12\/2024 &#8211; Setor 09:&nbsp;<\/strong>Jardim Adriana; Jardim Bom Princ\u00edpio; Jardim do Valle; Jardim Nely; Jardim Pompeia; Jardim Remulo Zoppi; Jardim Renata; Jardim S\u00e3o Francisco; N\u00facleo Hab. Brigadeiro Faria Lima; Vila Bergamo;&nbsp;&nbsp;&nbsp;&nbsp;&nbsp;&nbsp;&nbsp;&nbsp;&nbsp;&nbsp;&nbsp;&nbsp;Vila S\u00e3o Jos\u00e9.<\/p>\n\n\n\n<p><strong>26\/12\/2024 &#8211; Setor 10:&nbsp;<\/strong>Jardim Belo Horizonte; Jardim Calif\u00f3rnia;&nbsp;&nbsp;&nbsp;&nbsp;&nbsp;&nbsp;&nbsp;&nbsp;&nbsp;&nbsp;&nbsp;&nbsp;Jardim Kioto I; Jardim Kioto II; Jardim Nova Indai\u00e1; Jardim Oliveira Camargo; Jardim Tropical; Vila Brizola &#8211; Regi\u00e3o entre as vias: Rua dos Indai\u00e1s e Domacyr Stocco J\u00fanior. Vila Costa e Silva e&nbsp;&nbsp;&nbsp;&nbsp;&nbsp;&nbsp;&nbsp;&nbsp;&nbsp;Vila Santa Cruz.<\/p>\n","protected":false},"excerpt":{"rendered":"<p>Opera\u00e7\u00e3o retira madeiras, restos de podas de \u00e1rvores e objetos e m\u00f3veis velhos para descarte A Prefeitura de Indaiatuba divulgou nesta semana o cronograma da Opera\u00e7\u00e3o Cata Bagulho para o pr\u00f3ximo ano. A programa\u00e7\u00e3o de 2024 come\u00e7ar\u00e1 pelo setor 12 que abrange a regi\u00e3o da&nbsp;Colinas de Indaiatuba I, Jardim Bela Vista, Jardim Cidade Jardim; Jardim [&hellip;]<\/p>\n","protected":false},"author":8,"featured_media":21262,"comment_status":"closed","ping_status":"open","sticky":false,"template":"","format":"standard","meta":{"rop_custom_images_group":[],"rop_custom_messages_group":[],"rop_publish_now":"initial","rop_publish_now_accounts":[],"rop_publish_now_history":[],"rop_publish_now_status":"pending","footnotes":""},"categories":[188],"tags":[73],"class_list":["post-21261","post","type-post","status-publish","format-standard","has-post-thumbnail","hentry","category-indaiatuba","tag-featured"],"amp_enabled":true,"_links":{"self":[{"href":"https:\/\/imais.online\/portal\/wp-json\/wp\/v2\/posts\/21261","targetHints":{"allow":["GET"]}}],"collection":[{"href":"https:\/\/imais.online\/portal\/wp-json\/wp\/v2\/posts"}],"about":[{"href":"https:\/\/imais.online\/portal\/wp-json\/wp\/v2\/types\/post"}],"author":[{"embeddable":true,"href":"https:\/\/imais.online\/portal\/wp-json\/wp\/v2\/users\/8"}],"replies":[{"embeddable":true,"href":"https:\/\/imais.online\/portal\/wp-json\/wp\/v2\/comments?post=21261"}],"version-history":[{"count":1,"href":"https:\/\/imais.online\/portal\/wp-json\/wp\/v2\/posts\/21261\/revisions"}],"predecessor-version":[{"id":21263,"href":"https:\/\/imais.online\/portal\/wp-json\/wp\/v2\/posts\/21261\/revisions\/21263"}],"wp:featuredmedia":[{"embeddable":true,"href":"https:\/\/imais.online\/portal\/wp-json\/wp\/v2\/media\/21262"}],"wp:attachment":[{"href":"https:\/\/imais.online\/portal\/wp-json\/wp\/v2\/media?parent=21261"}],"wp:term":[{"taxonomy":"category","embeddable":true,"href":"https:\/\/imais.online\/portal\/wp-json\/wp\/v2\/categories?post=21261"},{"taxonomy":"post_tag","embeddable":true,"href":"https:\/\/imais.online\/portal\/wp-json\/wp\/v2\/tags?post=21261"}],"curies":[{"name":"wp","href":"https:\/\/api.w.org\/{rel}","templated":true}]}}