{"id":21264,"date":"2023-12-28T10:30:51","date_gmt":"2023-12-28T13:30:51","guid":{"rendered":"https:\/\/imais.online\/portal\/?p=21264"},"modified":"2023-12-28T10:30:52","modified_gmt":"2023-12-28T13:30:52","slug":"ano-atipico-2023-e-marcado-por-medidas-fiscais-e-aumento-de-gastos-do-governo","status":"publish","type":"post","link":"https:\/\/imais.online\/portal\/ano-atipico-2023-e-marcado-por-medidas-fiscais-e-aumento-de-gastos-do-governo\/","title":{"rendered":"Ano \u2018at\u00edpico\u2019, 2023 \u00e9 marcado por medidas fiscais e aumento de gastos do governo"},"content":{"rendered":"<div class=\"imais-before-content-placement\" id=\"imais-1564187167\"><script async src=\"\/\/pagead2.googlesyndication.com\/pagead\/js\/adsbygoogle.js?client=ca-pub-8787528412751566\" crossorigin=\"anonymous\"><\/script><ins class=\"adsbygoogle\" style=\"display:block;\" data-ad-client=\"ca-pub-8787528412751566\" \ndata-ad-slot=\"\" \ndata-ad-format=\"auto\"><\/ins>\n<script> \n(adsbygoogle = window.adsbygoogle || []).push({}); \n<\/script>\n<\/div>\n<h2 class=\"wp-block-heading\">Equipe econ\u00f4mica de Lula tamb\u00e9m fez promessas que n\u00e3o cumprir\u00e1, segundo especialistas<\/h2>\n\n\n\n<p>A\u00a0<strong><a rel=\"noreferrer noopener\" href=\"https:\/\/noticias.r7.com\/brasilia\/haddad-fala-em-esforco-concentrado-para-aprovacao-de-medidas-economicas-16112023\" target=\"_blank\">gest\u00e3o econ\u00f4mica<\/a><\/strong>\u00a0em 2023 do\u00a0<strong><a rel=\"noreferrer noopener\" href=\"https:\/\/noticias.r7.com\/brasilia\/diario-oficial-publica-veto-da-desoneracao-que-pode-levar-a-perda-de-1-milhao-de-empregos-24112023\" target=\"_blank\">novo governo Lula<\/a><\/strong>\u00a0foi marcada por\u00a0<strong><a rel=\"noreferrer noopener\" href=\"https:\/\/noticias.r7.com\/economia\/com-volta-de-imposto-federal-e-alta-de-icms-combustiveis-ficam-mais-caros-no-inicio-de-2024-06122023\" target=\"_blank\">mais impostos, para ricos e pobres<\/a><\/strong>, e aumento de gastos p\u00fablicos \u201cat\u00edpico\u201d, segundo especialista ouvido pelo\u00a0<strong>R7<\/strong>.<\/p>\n\n\n\n<p>A atual administra\u00e7\u00e3o prop\u00f4s e\/ou trabalhou pela aprova\u00e7\u00e3o de pelo menos oito medidas que expandiam os tributos no Brasil. Foram elas:<\/p>\n\n\n\n<p>1. Taxa\u00e7\u00e3o de apostas esportivas. Previs\u00e3o de arrecada\u00e7\u00e3o: de R$ 12 bilh\u00f5es a R$ 15 bilh\u00f5es por ano;<\/p>\n\n\n\n<p>2. Taxa\u00e7\u00e3o de lojas digitais, como a Shein. Previs\u00e3o de arrecada\u00e7\u00e3o: de R$ 7 bilh\u00f5es a R$ 8 bilh\u00f5es;<\/p>\n\n\n\n<p>3. Impedir que subven\u00e7\u00e3o a estados para investimento seja equiparada a custeio. Previs\u00e3o de arrecada\u00e7\u00e3o: de R$ 85 bilh\u00f5es a R$ 90 bilh\u00f5es;<\/p>\n\n\n\n<p>4. Voto de qualidade do Carf (Conselho de Administra\u00e7\u00e3o de Recursos Fiscais) em favor da Uni\u00e3o, em caso de empate. Previs\u00e3o de arrecada\u00e7\u00e3o: R$ 54,7 bilh\u00f5es;<\/p>\n\n\n\n<p>5. Tributa\u00e7\u00e3o de investimentos de brasileiros no exterior e dos chamados fundos dos super-ricos. Previs\u00e3o de arrecada\u00e7\u00e3o em 2024: R$ 20 bilh\u00f5es;<\/p>\n\n\n\n<p>6. Veto \u00e0 desonera\u00e7\u00e3o da folha de pagamento para 17 setores. Previs\u00e3o de quanto custou por ano: R$ 9,4 bilh\u00f5es;<\/p>\n\n\n\n<p>7. Fim da desonera\u00e7\u00e3o dos combust\u00edveis. Previs\u00e3o de arrecada\u00e7\u00e3o em 2023: R$ 28,9 bilh\u00f5es;<\/p>\n\n\n\n<p>8. Taxa\u00e7\u00e3o de servi\u00e7os de streaming e produtores de conte\u00fado na internet. Sem previs\u00e3o de arrecada\u00e7\u00e3o.<\/p>\n\n\n\n<p>Vale lembrar que, em junho, por meio do Minist\u00e9rio da Fazenda, o governo federal disse \u00e0 reportagem que n\u00e3o haveria \u201caumento da carga tribut\u00e1ria\u201d.<\/p>\n\n\n\n<h3 class=\"wp-block-heading\">Aumento de gastos e endividamento<\/h3>\n\n\n\n<p>Al\u00e9m de mais impostos, o primeiro ano deste mandato presidencial registrou aumento de gastos p\u00fablicos \u201cat\u00edpico\u201d, segundo Felipe Salto, o economista-chefe da Warren Renascen\u00e7a.<\/p>\n\n\n\n<p>Isso porque, normalmente, o primeiro ano de um novo presidente \u00e9 de conten\u00e7\u00e3o de despesas. Com a nova gest\u00e3o petista, est\u00e1 sendo o contr\u00e1rio.<\/p>\n\n\n\n<p>\u201cCom a PEC da Transi\u00e7\u00e3o e gastos expandidos no ano passado, contratou-se uma esp\u00e9cie de continuidade desses fatores para 2023, que agora exerce sua press\u00e3o sobre as contas. O ajuste fiscal, a m\u00e9dio prazo, depende de medidas estruturais. \u00c9 bom, por exemplo, observar que o governo vem anunciando a cria\u00e7\u00e3o de um grupo de trabalho na \u00e1rea de avalia\u00e7\u00e3o de despesas (spending reviews). Essas iniciativas ajudam, mas o problema fiscal n\u00e3o \u00e9 pequeno\u201d, diz ele.<\/p>\n\n\n\n<p>O governo central, que resumidamente engloba todo o Estado brasileiro, acumulava um rombo de R$ 98 bilh\u00f5es de janeiro a outubro. Isso equivale a cerca de 1% do PIB (Produto Interno Bruto, que mede o tamanho da economia de um pa\u00eds).<\/p>\n\n\n\n<p>Ainda, a d\u00edvida bruta do governo brasileiro, que envolve tamb\u00e9m os gastos com pagamentos de juros de rombos passados, chegou a R$ 7,9 trilh\u00f5es em outubro (74,7% do PIB). Os dados s\u00e3o do Banco Central.<\/p>\n\n\n\n<h3 class=\"wp-block-heading\">Promessa para 2024<\/h3>\n\n\n\n<p>A atual gest\u00e3o federal prometeu zerar o d\u00e9ficit p\u00fablico prim\u00e1rio de 2024. Ou seja, sem contar com os pagamentos de juros de d\u00e9bitos passados, a atual gest\u00e3o quer ter saldo nulo no ano que vem.<\/p>\n\n\n\n<p>Inclusive, essa tem sido a principal promessa do ministro da Fazenda, Fernando Haddad.<\/p>\n\n\n\n<p>Para fontes ouvidas pela reportagem e por outros agentes de mercado, a promessa de d\u00e9ficit zero n\u00e3o ser\u00e1 cumprida.<\/p>\n\n\n\n<p>Nas contas do pr\u00f3prio governo, cumprir esse objetivo exigiria que a arrecada\u00e7\u00e3o tivesse aumento de R$ 168,5 bilh\u00f5es em 2024.<\/p>\n\n\n\n<p>Para Cl\u00e1udia Moreno, economista do C6 Bank, \u201cexiste uma incerteza muito grande se de fato\u201d essa expans\u00e3o nas receitas vai ocorrer. Ela prev\u00ea que, desse total, somente R$ 100 bilh\u00f5es se concretizar\u00e3o.<\/p>\n\n\n\n<p>A previs\u00e3o do banco para 2024 \u00e9 de saldo negativo de 0,7% do PIB (Produto Interno Bruto). \u00c9 a mesma estimativa do Warren Renascen\u00e7a.<\/p>\n\n\n\n<p>Vale lembrar que o arcabou\u00e7o fiscal prometia d\u00e9ficit de 0,5% neste ano e de 0% em 2024. Para 2025 e 2026, saldos positivos, respectivamente, de 0,5% e 1%.<\/p>\n\n\n\n<p>Fonte R7<\/p>\n","protected":false},"excerpt":{"rendered":"<p>Equipe econ\u00f4mica de Lula tamb\u00e9m fez promessas que n\u00e3o cumprir\u00e1, segundo especialistas A\u00a0gest\u00e3o econ\u00f4mica\u00a0em 2023 do\u00a0novo governo Lula\u00a0foi marcada por\u00a0mais impostos, para ricos e pobres, e aumento de gastos p\u00fablicos \u201cat\u00edpico\u201d, segundo especialista ouvido pelo\u00a0R7. A atual administra\u00e7\u00e3o prop\u00f4s e\/ou trabalhou pela aprova\u00e7\u00e3o de pelo menos oito medidas que expandiam os tributos no Brasil. Foram [&hellip;]<\/p>\n","protected":false},"author":8,"featured_media":21265,"comment_status":"closed","ping_status":"open","sticky":false,"template":"","format":"standard","meta":{"rop_custom_images_group":[],"rop_custom_messages_group":[],"rop_publish_now":"initial","rop_publish_now_accounts":[],"rop_publish_now_history":[],"rop_publish_now_status":"pending","footnotes":""},"categories":[189],"tags":[],"class_list":["post-21264","post","type-post","status-publish","format-standard","has-post-thumbnail","hentry","category-brasil"],"amp_enabled":true,"_links":{"self":[{"href":"https:\/\/imais.online\/portal\/wp-json\/wp\/v2\/posts\/21264","targetHints":{"allow":["GET"]}}],"collection":[{"href":"https:\/\/imais.online\/portal\/wp-json\/wp\/v2\/posts"}],"about":[{"href":"https:\/\/imais.online\/portal\/wp-json\/wp\/v2\/types\/post"}],"author":[{"embeddable":true,"href":"https:\/\/imais.online\/portal\/wp-json\/wp\/v2\/users\/8"}],"replies":[{"embeddable":true,"href":"https:\/\/imais.online\/portal\/wp-json\/wp\/v2\/comments?post=21264"}],"version-history":[{"count":1,"href":"https:\/\/imais.online\/portal\/wp-json\/wp\/v2\/posts\/21264\/revisions"}],"predecessor-version":[{"id":21266,"href":"https:\/\/imais.online\/portal\/wp-json\/wp\/v2\/posts\/21264\/revisions\/21266"}],"wp:featuredmedia":[{"embeddable":true,"href":"https:\/\/imais.online\/portal\/wp-json\/wp\/v2\/media\/21265"}],"wp:attachment":[{"href":"https:\/\/imais.online\/portal\/wp-json\/wp\/v2\/media?parent=21264"}],"wp:term":[{"taxonomy":"category","embeddable":true,"href":"https:\/\/imais.online\/portal\/wp-json\/wp\/v2\/categories?post=21264"},{"taxonomy":"post_tag","embeddable":true,"href":"https:\/\/imais.online\/portal\/wp-json\/wp\/v2\/tags?post=21264"}],"curies":[{"name":"wp","href":"https:\/\/api.w.org\/{rel}","templated":true}]}}