{"id":21267,"date":"2023-12-28T10:40:13","date_gmt":"2023-12-28T13:40:13","guid":{"rendered":"https:\/\/imais.online\/portal\/?p=21267"},"modified":"2023-12-28T10:40:14","modified_gmt":"2023-12-28T13:40:14","slug":"milhares-de-funcionarios-nhoques-da-argentina-perdem-o-emprego-na-virada-do-ano-entenda","status":"publish","type":"post","link":"https:\/\/imais.online\/portal\/milhares-de-funcionarios-nhoques-da-argentina-perdem-o-emprego-na-virada-do-ano-entenda\/","title":{"rendered":"Milhares de &#8216;funcion\u00e1rios-nhoques&#8217; da Argentina perdem o emprego na virada do ano; entenda"},"content":{"rendered":"<div class=\"imais-before-content-placement\" id=\"imais-707787025\"><script async src=\"\/\/pagead2.googlesyndication.com\/pagead\/js\/adsbygoogle.js?client=ca-pub-8787528412751566\" crossorigin=\"anonymous\"><\/script><ins class=\"adsbygoogle\" style=\"display:block;\" data-ad-client=\"ca-pub-8787528412751566\" \ndata-ad-slot=\"\" \ndata-ad-format=\"auto\"><\/ins>\n<script> \n(adsbygoogle = window.adsbygoogle || []).push({}); \n<\/script>\n<\/div>\n<h2 class=\"wp-block-heading\">Javier Milei prometeu na campanha reduzir os gastos do governo e mira em cortes na folha de pagamento federal<\/h2>\n\n\n\n<p>O presidente da Argentina, Javier Milei, est\u00e1 pondo em pr\u00e1tica o que prometeu ao longo de toda a campanha eleitoral:\u00a0<a href=\"https:\/\/noticias.r7.com\/internacional\/motosserra-o-que-e-o-plano-economico-mais-drastico-ja-imposto-a-historia-da-argentina-23122023\">cortar os gastos do governo<\/a>.<\/p>\n\n\n\n<p>Uma das medidas adotadas \u00e9 o corte de funcion\u00e1rios p\u00fablicos. Estima-se que entre\u00a0<a href=\"https:\/\/noticias.r7.com\/internacional\/milei-assina-decreto-para-demitir-ate-7000-funcionarios-publicos-26122023\">5.000 e 7.000 pessoas com cargos federais<\/a>\u00a0perder\u00e3o o emprego assim que o ano de 2024 come\u00e7ar.<\/p>\n\n\n\n<p>A gest\u00e3o Milei mira os chamados &#8220;funcion\u00e1rios-nhoques&#8221;, express\u00e3o popular que faz refer\u00eancia \u00e0queles que n\u00e3o trabalham mas recebem sal\u00e1rio todo dia 29, a mesma data em que o prato de origem italiana \u00e9 servido para trazer sorte e prosperidade.<\/p>\n\n\n\n<p>O jornal argentino La Naci\u00f3n publicou que os contratos assinados h\u00e1 menos de um ano e com t\u00e9rmino no dia 31 de dezembro n\u00e3o ser\u00e3o renovados.<\/p>\n\n\n\n<p>Segundo o porta-voz do governo, Manuel Adorni, ser\u00e1 realizada uma auditoria,&nbsp;nos pr\u00f3ximos 90 dias, para avaliar quais cargos s\u00e3o dispens\u00e1veis e quais ser\u00e3o mantidos. Estima-se que mais de 45 mil contratos ser\u00e3o analisados.<\/p>\n\n\n\n<p>Milei cortou nove dos 18 minist\u00e9rios e reduziu de 106 para 54 o n\u00famero de secret\u00e1rias assim que assumiu a faixa presidencial de Alberto Fern\u00e1ndez.&nbsp;<\/p>\n\n\n\n<p>O\u00a0<a href=\"https:\/\/www.indec.gob.ar\/\">Indec\u00a0<\/a>(instituto de estat\u00edstica argentino) divulgou um relat\u00f3rio em outubro deste ano que contabilizou que a Argentina tem mais de 338 mil funcion\u00e1rios p\u00fablicos.\u00a0Com um governo mais enxuto, mais trabalhadores federais ainda devem perder o emprego.<\/p>\n\n\n\n<h3 class=\"wp-block-heading\">Megadecreto<\/h3>\n\n\n\n<p>Na \u00faltima quarta-feira (20), o presidente argentino assinou um\u00a0<a href=\"https:\/\/noticias.r7.com\/internacional\/milei-decreta-desregulacao-economica-na-argentina-20122023\">megadecreto que modifica ou revoga mais de 300 leis<\/a>, que altera regimes trabalhistas, afeta alugu\u00e9is e facilita o processo de privatiza\u00e7\u00f5es de empresas estatais, como a Aerol\u00edneas Argentinas, o Banco de la Naci\u00f3n Argentina<strong>\u00a0<\/strong>e\u00a0a YPF.<\/p>\n\n\n\n<p>Milei afirma que o&nbsp;<a href=\"https:\/\/noticias.r7.com\/internacional\/milei-desafia-congresso-e-diz-que-convocara-consulta-popular-se-decretos-forem-rejeitados-27122023\">pacote de medidas<\/a>&nbsp;tem como foco desregular a economia, em um &#8220;choque libertador&#8221;, que seria &#8220;amig\u00e1vel com a compet\u00eancia, com os mercados, com os argentinos de bem&#8221;.<\/p>\n\n\n\n<p>O objetivo de Milei \u00e9 que os cortes dos custos do cofre p\u00fablico argentino cheguem a uma economia equivalente a 5% do PIB (Produto Interno Bruto).<\/p>\n\n\n\n<p>A canetada de Milei foi o estopim para uma s\u00e9rie de\u00a0<a href=\"https:\/\/noticias.r7.com\/internacional\/argentinos-voltam-as-ruas-em-mais-um-protesto-contra-as-medidas-economicas-de-javier-milei-27122023\">protestos pelas ruas das principais cidades<\/a>\u00a0do pa\u00eds, e sindicatos prometem greves e paralisa\u00e7\u00f5es para pressionar a Casa Rosada.\u00a0<\/p>\n\n\n\n<p>Fonte R7<\/p>\n","protected":false},"excerpt":{"rendered":"<p>Javier Milei prometeu na campanha reduzir os gastos do governo e mira em cortes na folha de pagamento federal O presidente da Argentina, Javier Milei, est\u00e1 pondo em pr\u00e1tica o que prometeu ao longo de toda a campanha eleitoral:\u00a0cortar os gastos do governo. Uma das medidas adotadas \u00e9 o corte de funcion\u00e1rios p\u00fablicos. Estima-se que [&hellip;]<\/p>\n","protected":false},"author":8,"featured_media":21268,"comment_status":"closed","ping_status":"open","sticky":false,"template":"","format":"standard","meta":{"rop_custom_images_group":[],"rop_custom_messages_group":[],"rop_publish_now":"initial","rop_publish_now_accounts":[],"rop_publish_now_history":[],"rop_publish_now_status":"pending","footnotes":""},"categories":[212],"tags":[],"class_list":["post-21267","post","type-post","status-publish","format-standard","has-post-thumbnail","hentry","category-internacional"],"amp_enabled":true,"_links":{"self":[{"href":"https:\/\/imais.online\/portal\/wp-json\/wp\/v2\/posts\/21267","targetHints":{"allow":["GET"]}}],"collection":[{"href":"https:\/\/imais.online\/portal\/wp-json\/wp\/v2\/posts"}],"about":[{"href":"https:\/\/imais.online\/portal\/wp-json\/wp\/v2\/types\/post"}],"author":[{"embeddable":true,"href":"https:\/\/imais.online\/portal\/wp-json\/wp\/v2\/users\/8"}],"replies":[{"embeddable":true,"href":"https:\/\/imais.online\/portal\/wp-json\/wp\/v2\/comments?post=21267"}],"version-history":[{"count":1,"href":"https:\/\/imais.online\/portal\/wp-json\/wp\/v2\/posts\/21267\/revisions"}],"predecessor-version":[{"id":21269,"href":"https:\/\/imais.online\/portal\/wp-json\/wp\/v2\/posts\/21267\/revisions\/21269"}],"wp:featuredmedia":[{"embeddable":true,"href":"https:\/\/imais.online\/portal\/wp-json\/wp\/v2\/media\/21268"}],"wp:attachment":[{"href":"https:\/\/imais.online\/portal\/wp-json\/wp\/v2\/media?parent=21267"}],"wp:term":[{"taxonomy":"category","embeddable":true,"href":"https:\/\/imais.online\/portal\/wp-json\/wp\/v2\/categories?post=21267"},{"taxonomy":"post_tag","embeddable":true,"href":"https:\/\/imais.online\/portal\/wp-json\/wp\/v2\/tags?post=21267"}],"curies":[{"name":"wp","href":"https:\/\/api.w.org\/{rel}","templated":true}]}}