{"id":21303,"date":"2023-12-29T10:53:02","date_gmt":"2023-12-29T13:53:02","guid":{"rendered":"https:\/\/imais.online\/portal\/?p=21303"},"modified":"2023-12-29T10:53:03","modified_gmt":"2023-12-29T13:53:03","slug":"mickey-e-minnie-mouse-vao-se-tornar-personagens-de-dominio-publico-saiba-o-que-muda","status":"publish","type":"post","link":"https:\/\/imais.online\/portal\/mickey-e-minnie-mouse-vao-se-tornar-personagens-de-dominio-publico-saiba-o-que-muda\/","title":{"rendered":"Mickey e Minnie Mouse\u00a0v\u00e3o se tornar personagens de dom\u00ednio p\u00fablico; saiba o que muda"},"content":{"rendered":"<div class=\"imais-before-content-placement\" id=\"imais-1209325358\"><script async src=\"\/\/pagead2.googlesyndication.com\/pagead\/js\/adsbygoogle.js?client=ca-pub-8787528412751566\" crossorigin=\"anonymous\"><\/script><ins class=\"adsbygoogle\" style=\"display:block;\" data-ad-client=\"ca-pub-8787528412751566\" \ndata-ad-slot=\"\" \ndata-ad-format=\"auto\"><\/ins>\n<script> \n(adsbygoogle = window.adsbygoogle || []).push({}); \n<\/script>\n<\/div>\n<h2 class=\"wp-block-heading\">Por anos, a Disney lutou para que isso n\u00e3o acontecesse, j\u00e1 que agora qualquer artista vai poder criar hist\u00f3rias que tenham os dois \u00edcones da anima\u00e7\u00e3o<\/h2>\n\n\n\n<p>\u00c9 o fim de uma era: Mickey e Minnie Mouse,\u00a0<a rel=\"noreferrer noopener\" href=\"https:\/\/entretenimento.r7.com\/famosos-e-tv\/influenciadora-revela-salario-que-recebia-ao-trabalhar-na-disney-e-assusta-web-04092023\" target=\"_blank\"><strong>s\u00edmbolos da Disney<\/strong><\/a>, completam 95 anos e passam a ser de dom\u00ednio p\u00fablico no dia 1\u00ba de janeiro de 2024, segundo a revista Variety. Mas, afinal, o que muda? Na pr\u00e1tica, a empresa n\u00e3o tem mais os direitos autorais sobre as obras. Isso permite que qualquer artista (cartunista, cineasta, escritor) fa\u00e7a o que bem entender com elas.<\/p>\n\n\n\n<p>Um exemplo da mesma situa\u00e7\u00e3o aconteceu com o personagem Ursinho Pooh, que, em 2022, passou a ser de dom\u00ednio p\u00fablico nos Estados Unidos. Sem precisar pagar os direitos autorais, o diretor Rhys Frake-Waterfield viu uma oportunidade de criar um filme. Em 2023, lan\u00e7ou\u00a0<em>Ursinho Pooh: Sangue e Mel<\/em>\u00a0\u2014 um longa de terror criticado pela m\u00eddia especializada.<\/p>\n\n\n\n<p>Ainda conforme a Variety, Jennifer Jenkings, diretora do Centro Duke de Estudos de Dom\u00ednio P\u00fablico, dos EUA, acredita que a disponibilidade de Mickey e Minnie Mouse causar\u00e1 uma grande como\u00e7\u00e3o. &#8220;A comunidade de direitos autorais est\u00e1 muito animada com a not\u00edcia \u2014 finalmente est\u00e1 acontecendo!&#8221;, diz ela.<\/p>\n\n\n\n<p>Mickey Mouse sempre esteve no meio dos embates sobre direitos autorais. Dan O&#8217;Neill, por exemplo, usou a imagem do rato em uma hist\u00f3ria em quadrinhos de 1971. Nela, o personagem era um traficante de drogas \u2014 que at\u00e9 tinha rela\u00e7\u00f5es sexuais expl\u00edcitas com Minnie.<\/p>\n\n\n\n<p>O uso dos ratinhos na hist\u00f3ria n\u00e3o ficou barato: a Disney o processou por violar direitos autorais, e eles entraram em uma briga judicial de oito anos. Sem ter como pagar a indeniza\u00e7\u00e3o, ele aceitou o acordo para escapar da pris\u00e3o. O combinado definia que O&#8217;Neill nunca mais poderia desenhar Mickey Mouse.<\/p>\n\n\n\n<p>&#8220;Ainda \u00e9 um crime para mim. Se eu fizer um desenho do Mickey Mouse, ficarei devendo uma multa de US$ 190 mil (cerca de R$ 918 mil) a Walt Disney, mais US$ 10 mil de honor\u00e1rios advocat\u00edcios, e passarei um ano na pris\u00e3o&#8221;, conta O&#8217;Neill, de 81 anos.<\/p>\n\n\n\n<p>Segundo a Variety, a Disney fez anos de lobby para evitar que Mickey entrasse em dom\u00ednio p\u00fablico. Agora, no entanto, parece que eles n\u00e3o brigar\u00e3o para manter os direitos autorais do personagem. Al\u00e9m dele e de Minnie, a empresa perder\u00e1 os direitos do Tigr\u00e3o, criado em 1928, a partir do primeiro dia de 2024.<\/p>\n\n\n\n<p>Fonte R7<\/p>\n","protected":false},"excerpt":{"rendered":"<p>Por anos, a Disney lutou para que isso n\u00e3o acontecesse, j\u00e1 que agora qualquer artista vai poder criar hist\u00f3rias que tenham os dois \u00edcones da anima\u00e7\u00e3o \u00c9 o fim de uma era: Mickey e Minnie Mouse,\u00a0s\u00edmbolos da Disney, completam 95 anos e passam a ser de dom\u00ednio p\u00fablico no dia 1\u00ba de janeiro de 2024, [&hellip;]<\/p>\n","protected":false},"author":8,"featured_media":21304,"comment_status":"closed","ping_status":"open","sticky":false,"template":"","format":"standard","meta":{"rop_custom_images_group":[],"rop_custom_messages_group":[],"rop_publish_now":"initial","rop_publish_now_accounts":[],"rop_publish_now_history":[],"rop_publish_now_status":"pending","footnotes":""},"categories":[212],"tags":[],"class_list":["post-21303","post","type-post","status-publish","format-standard","has-post-thumbnail","hentry","category-internacional"],"amp_enabled":true,"_links":{"self":[{"href":"https:\/\/imais.online\/portal\/wp-json\/wp\/v2\/posts\/21303","targetHints":{"allow":["GET"]}}],"collection":[{"href":"https:\/\/imais.online\/portal\/wp-json\/wp\/v2\/posts"}],"about":[{"href":"https:\/\/imais.online\/portal\/wp-json\/wp\/v2\/types\/post"}],"author":[{"embeddable":true,"href":"https:\/\/imais.online\/portal\/wp-json\/wp\/v2\/users\/8"}],"replies":[{"embeddable":true,"href":"https:\/\/imais.online\/portal\/wp-json\/wp\/v2\/comments?post=21303"}],"version-history":[{"count":1,"href":"https:\/\/imais.online\/portal\/wp-json\/wp\/v2\/posts\/21303\/revisions"}],"predecessor-version":[{"id":21305,"href":"https:\/\/imais.online\/portal\/wp-json\/wp\/v2\/posts\/21303\/revisions\/21305"}],"wp:featuredmedia":[{"embeddable":true,"href":"https:\/\/imais.online\/portal\/wp-json\/wp\/v2\/media\/21304"}],"wp:attachment":[{"href":"https:\/\/imais.online\/portal\/wp-json\/wp\/v2\/media?parent=21303"}],"wp:term":[{"taxonomy":"category","embeddable":true,"href":"https:\/\/imais.online\/portal\/wp-json\/wp\/v2\/categories?post=21303"},{"taxonomy":"post_tag","embeddable":true,"href":"https:\/\/imais.online\/portal\/wp-json\/wp\/v2\/tags?post=21303"}],"curies":[{"name":"wp","href":"https:\/\/api.w.org\/{rel}","templated":true}]}}