{"id":21330,"date":"2023-12-30T10:38:19","date_gmt":"2023-12-30T13:38:19","guid":{"rendered":"https:\/\/imais.online\/portal\/?p=21330"},"modified":"2023-12-30T10:38:20","modified_gmt":"2023-12-30T13:38:20","slug":"ultimo-fim-de-semana-de-2023-e-marcado-por-chuva-em-grande-parte-do-pais","status":"publish","type":"post","link":"https:\/\/imais.online\/portal\/ultimo-fim-de-semana-de-2023-e-marcado-por-chuva-em-grande-parte-do-pais\/","title":{"rendered":"\u00daltimo fim de semana de 2023 \u00e9 marcado por chuva em grande parte do pa\u00eds"},"content":{"rendered":"<div class=\"imais-before-content-placement\" id=\"imais-1118477991\"><script async src=\"\/\/pagead2.googlesyndication.com\/pagead\/js\/adsbygoogle.js?client=ca-pub-8787528412751566\" crossorigin=\"anonymous\"><\/script><ins class=\"adsbygoogle\" style=\"display:block;\" data-ad-client=\"ca-pub-8787528412751566\" \ndata-ad-slot=\"\" \ndata-ad-format=\"auto\"><\/ins>\n<script> \n(adsbygoogle = window.adsbygoogle || []).push({}); \n<\/script>\n<\/div>\n<h2 class=\"wp-block-heading\">Segundo o CGE, uma frente fria vai virar o tempo em S\u00e3o Paulo e deve provocar chuva fraca no dia da Corrida de S\u00e3o Silvestre<\/h2>\n\n\n\n<p>O ano de 2023 deve se despedir com muita chuva em grande parte do&nbsp;<strong><a href=\"https:\/\/noticias.r7.com\/cidades\" target=\"_blank\" rel=\"noreferrer noopener\">Brasil<\/a><\/strong>. Segundo o Inmet (Instituto Nacional de Meteorologia), a forma\u00e7\u00e3o de um canal de umidade desde o Amazonas at\u00e9 \u00e1reas da regi\u00e3o Sudeste pode gerar volumes expressivos de chuva no pa\u00eds.<\/p>\n\n\n\n<p>Na regi\u00e3o Norte\u00a0s\u00e3o previstos acumulados maiores que 60 mm no Amazonas, Acre, oeste de Roraima, Tocantins, centro-sul do Par\u00e1 e centro-norte do Amap\u00e1. Nas demais \u00e1reas, a previs\u00e3o \u00e9 de volumes inferiores a 20 mm.<\/p>\n\n\n\n<p>No Nordeste, a previs\u00e3o \u00e9 de chuvas em forma de pancadas que podem superar os 50 mm. Por\u00e9m, no litoral, n\u00e3o se descartam chuvas isoladas com volumes menores.<\/p>\n\n\n\n<p>H\u00e1 previs\u00e3o de pancadas de chuvas fortes em certos locais que devem ultrapassar 70 mm nas regi\u00f5es Centro-Oeste e Sudeste.<\/p>\n\n\n\n<p>No Sul do pa\u00eds, o tempo n\u00e3o deve mudar muito. A previs\u00e3o \u00e9 de acumulados de chuvas maiores que 60 mm no Paran\u00e1 e em Santa Catarina. Com previs\u00e3o de menores acumulados no Rio Grande do Sul.<\/p>\n\n\n\n<h3 class=\"wp-block-heading\">S\u00e3o Paulo<\/h3>\n\n\n\n<p>Segundo o CGE (Centro de Gerenciamento de Emerg\u00eancias Clim\u00e1ticas), no s\u00e1bado (30) a propaga\u00e7\u00e3o da frente fria provoca muitas nuvens e chuvas na forma de pancadas a partir do final da manh\u00e3 em S\u00e3o Paulo.<\/p>\n\n\n\n<p>H\u00e1 condi\u00e7\u00f5es para pontos de forte intensidade, com raios e rajadas moderadas de vento, o que eleva o risco de forma\u00e7\u00e3o de alagamentos e queda de \u00e1rvores. A m\u00e1xima deve chegar aos 27\u00b0C e a m\u00ednima aos 18\u00b0C.\u00a0<\/p>\n\n\n\n<p>No domingo (31),&nbsp;quando acontece a tradicional corrida de rua S\u00e3o Silvestre, os ventos \u00famidos que sopram do oceano v\u00e3o causar muita nebulosidade e chuvas fracas. As temperaturas variam entre a m\u00ednima de 17\u00b0C e a m\u00e1xima de 22\u00b0C.<\/p>\n\n\n\n<p>Esse tempo pode atrapalhar os participantes da corrida, que est\u00e1 marcada para come\u00e7ar \u00e0s 8h. Na hora da virada do ano, o c\u00e9u ainda deve apresentar muitas nuvens, com condi\u00e7\u00f5es para chuviscos e term\u00f4metros em torno dos 18\u00b0C.<\/p>\n\n\n\n<h3 class=\"wp-block-heading\">Confira a previs\u00e3o do tempo para o s\u00e1bado:<\/h3>\n\n\n\n<p>\u2022&nbsp;<strong>Rio de Janeiro:<\/strong>&nbsp;m\u00ednima de 21\u00b0C e m\u00e1xima de 32\u00b0C;<br>\u2022&nbsp;<strong>Porto Alegre:<\/strong>&nbsp;m\u00ednima de 17\u00b0C e m\u00e1xima de 24\u00b0C;<br>\u2022&nbsp;<strong>Fortaleza:<\/strong>&nbsp;m\u00ednima de 26\u00b0C e m\u00e1xima de 32\u00b0C;<br>\u2022&nbsp;<strong>Cuiab\u00e1:<\/strong>&nbsp;m\u00ednima de 25\u00b0C e m\u00e1xima de 37\u00b0C;<br>\u2022&nbsp;<strong>Manaus:<\/strong>&nbsp;m\u00ednima de 25\u00b0C e m\u00e1xima de 31\u00b0C;<br>\u2022&nbsp;<strong>Campo Grande:<\/strong>&nbsp;m\u00ednima de 23\u00b0C e m\u00e1xima de 30\u00b0C;<br>\u2022&nbsp;<strong>Florian\u00f3polis:<\/strong>&nbsp;m\u00ednima de 21\u00b0C e m\u00e1xima de 26\u00b0C;<br>\u2022&nbsp;<strong>Recife:<\/strong>&nbsp;m\u00ednima de 25\u00b0C e m\u00e1xima de 30\u00b0C;<br>\u2022&nbsp;<strong>Bel\u00e9m:<\/strong>&nbsp;m\u00ednima de 23\u00b0C e m\u00e1xima de 33\u00b0C.<\/p>\n\n\n\n<h3 class=\"wp-block-heading\">Confira a previs\u00e3o do tempo para o domingo:<\/h3>\n\n\n\n<p><em>undefined<\/em><\/p>\n\n\n\n<p>\u2022\u00a0<strong>Rio de Janeiro:<\/strong>\u00a0m\u00ednima de 19\u00b0C e m\u00e1xima de 25\u00b0C;<br>\u2022\u00a0<strong>Porto Alegre:<\/strong>\u00a0m\u00ednima de 15\u00b0C e m\u00e1xima de 26\u00b0C;<br>\u2022\u00a0<strong>Fortaleza:<\/strong>\u00a0m\u00ednima de 25\u00b0C e m\u00e1xima de 31\u00b0C;<br>\u2022\u00a0<strong>Cuiab\u00e1:<\/strong>\u00a0m\u00ednima de 24\u00b0C e m\u00e1xima de 36\u00b0C;<br>\u2022\u00a0<strong>Manaus:<\/strong>\u00a0m\u00ednima de 24\u00b0C e m\u00e1xima de 33\u00b0C;<br>\u2022\u00a0<strong>Campo Grande:<\/strong>\u00a0m\u00ednima de 22\u00b0C e m\u00e1xima de 29\u00b0C;<br>\u2022\u00a0<strong>Florian\u00f3polis:<\/strong>\u00a0m\u00ednima de 19\u00b0C e m\u00e1xima de 24\u00b0C;<br>\u2022\u00a0<strong>Recife:<\/strong>\u00a0m\u00ednima de 26\u00b0C e m\u00e1xima de 32\u00b0C;<br>\u2022\u00a0<strong>Bel\u00e9m:<\/strong>\u00a0m\u00ednima de 23\u00b0C e m\u00e1xima de 33\u00b0C.<\/p>\n\n\n\n<p>Fonte R7<\/p>\n","protected":false},"excerpt":{"rendered":"<p>Segundo o CGE, uma frente fria vai virar o tempo em S\u00e3o Paulo e deve provocar chuva fraca no dia da Corrida de S\u00e3o Silvestre O ano de 2023 deve se despedir com muita chuva em grande parte do&nbsp;Brasil. Segundo o Inmet (Instituto Nacional de Meteorologia), a forma\u00e7\u00e3o de um canal de umidade desde o [&hellip;]<\/p>\n","protected":false},"author":8,"featured_media":21331,"comment_status":"closed","ping_status":"open","sticky":false,"template":"","format":"standard","meta":{"rop_custom_images_group":[],"rop_custom_messages_group":[],"rop_publish_now":"initial","rop_publish_now_accounts":[],"rop_publish_now_history":[],"rop_publish_now_status":"pending","footnotes":""},"categories":[189],"tags":[],"class_list":["post-21330","post","type-post","status-publish","format-standard","has-post-thumbnail","hentry","category-brasil"],"amp_enabled":true,"_links":{"self":[{"href":"https:\/\/imais.online\/portal\/wp-json\/wp\/v2\/posts\/21330","targetHints":{"allow":["GET"]}}],"collection":[{"href":"https:\/\/imais.online\/portal\/wp-json\/wp\/v2\/posts"}],"about":[{"href":"https:\/\/imais.online\/portal\/wp-json\/wp\/v2\/types\/post"}],"author":[{"embeddable":true,"href":"https:\/\/imais.online\/portal\/wp-json\/wp\/v2\/users\/8"}],"replies":[{"embeddable":true,"href":"https:\/\/imais.online\/portal\/wp-json\/wp\/v2\/comments?post=21330"}],"version-history":[{"count":1,"href":"https:\/\/imais.online\/portal\/wp-json\/wp\/v2\/posts\/21330\/revisions"}],"predecessor-version":[{"id":21332,"href":"https:\/\/imais.online\/portal\/wp-json\/wp\/v2\/posts\/21330\/revisions\/21332"}],"wp:featuredmedia":[{"embeddable":true,"href":"https:\/\/imais.online\/portal\/wp-json\/wp\/v2\/media\/21331"}],"wp:attachment":[{"href":"https:\/\/imais.online\/portal\/wp-json\/wp\/v2\/media?parent=21330"}],"wp:term":[{"taxonomy":"category","embeddable":true,"href":"https:\/\/imais.online\/portal\/wp-json\/wp\/v2\/categories?post=21330"},{"taxonomy":"post_tag","embeddable":true,"href":"https:\/\/imais.online\/portal\/wp-json\/wp\/v2\/tags?post=21330"}],"curies":[{"name":"wp","href":"https:\/\/api.w.org\/{rel}","templated":true}]}}