{"id":21381,"date":"2024-01-05T11:16:32","date_gmt":"2024-01-05T14:16:32","guid":{"rendered":"https:\/\/imais.online\/portal\/?p=21381"},"modified":"2024-01-05T11:16:33","modified_gmt":"2024-01-05T14:16:33","slug":"atencao-bolsa-familia-de-pessoas-com-cpf-irregular-sera-bloqueado-a-partir-de-janeiro","status":"publish","type":"post","link":"https:\/\/imais.online\/portal\/atencao-bolsa-familia-de-pessoas-com-cpf-irregular-sera-bloqueado-a-partir-de-janeiro\/","title":{"rendered":"Aten\u00e7\u00e3o! Bolsa Fam\u00edlia de pessoas com CPF irregular ser\u00e1 bloqueado a partir de janeiro"},"content":{"rendered":"<div class=\"imais-before-content-placement\" id=\"imais-3383332801\"><script async src=\"\/\/pagead2.googlesyndication.com\/pagead\/js\/adsbygoogle.js?client=ca-pub-8787528412751566\" crossorigin=\"anonymous\"><\/script><ins class=\"adsbygoogle\" style=\"display:block;\" data-ad-client=\"ca-pub-8787528412751566\" \ndata-ad-slot=\"\" \ndata-ad-format=\"auto\"><\/ins>\n<script> \n(adsbygoogle = window.adsbygoogle || []).push({}); \n<\/script>\n<\/div>\n<h2 class=\"wp-block-heading\">Benefici\u00e1rios que n\u00e3o regularizem a situa\u00e7\u00e3o do documento em at\u00e9 seis meses ter\u00e3o o benef\u00edcio cessado de forma definitiva.<\/h2>\n\n\n\n<p>Milhares de fam\u00edlias de baixa renda correm o risco de perder os pagamentos do\u00a0<a href=\"https:\/\/editalconcursosbrasil.com.br\/noticias\/2023\/12\/nao-sabe-quando-sacar-o-bolsa-familia-em-2024-confira-o-calendario\/\"><strong>Bolsa Fam\u00edlia<\/strong><\/a>, maior programa de transfer\u00eancia de renda do pa\u00eds. A partir deste m\u00eas de janeiro, a inconsist\u00eancia de dados do CPF (Cadastro de Pessoa F\u00edsica) ser\u00e1 motivo para a suspens\u00e3o do benef\u00edcio.<\/p>\n\n\n\n<p>O Minist\u00e9rio do Desenvolvimento e Assist\u00eancia Social, Fam\u00edlia e Combate informou ainda que os pagamentos ser\u00e3o cancelados de forma definitiva caso a regulariza\u00e7\u00e3o do documento n\u00e3o ocorra no prazo de at\u00e9 seis meses. Segundo a pasta, o objetivo \u00e9 assegurar que o benef\u00edcio atinja a popula\u00e7\u00e3o que realmente precisa dele.<\/p>\n\n\n\n<p>As fam\u00edlias que est\u00e3o com alguma pend\u00eancia no CPF foram comunicadas sobre o problema e receberam instru\u00e7\u00f5es sobre como regularizar o documento. As mensagens enviadas via extrato de pagamento do Bolsa Fam\u00edlia, do aplicativo do programa e do app&nbsp;<a href=\"https:\/\/editalconcursosbrasil.com.br\/noticias\/2023\/10\/como-antecipar-o-saque-aniversario-do-fgts-pelo-caixa-tem\/\">Caixa Tem<\/a>.<\/p>\n\n\n\n<p>A coordena\u00e7\u00e3o estadual da iniciativa dever\u00e1 oferecer apoio aos munic\u00edpios que precisam de informa\u00e7\u00f5es sobre os procedimentos, al\u00e9m de orientar os benefici\u00e1rios com irregularidades. Em caso de d\u00favidas, o cidad\u00e3o pode entrar em contato pelos canais de atendimento do MSD, como o telefone 121 e o site do minist\u00e9rio.<\/p>\n\n\n\n<h3 class=\"wp-block-heading\">Como resolver irregularidades no CPF?<\/h3>\n\n\n\n<p>Quem precisa resolver alguma pend\u00eancia do CPF no Cad\u00danico (Cadastro \u00danico) deve procurar a Receita Federal e, ap\u00f3s a regulariza\u00e7\u00e3o, atualizar os dados no sistema do governo. Ap\u00f3s esse processo, a remo\u00e7\u00e3o da pend\u00eancia ocorrer\u00e1 automaticamente no Sibec (Sistema de Benef\u00edcios ao Cidad\u00e3o).<\/p>\n\n\n\n<p>O passo a passo \u00e9 o seguinte:<\/p>\n\n\n\n<ul class=\"wp-block-list\">\n<li>Acesse o&nbsp;<a href=\"https:\/\/www.gov.br\/receitafederal\/pt-br\" target=\"_blank\" rel=\"noreferrer noopener\">site da Receita Federal<\/a>;<\/li>\n\n\n\n<li>Clique em \u201cMeu CPF\u201d;<\/li>\n\n\n\n<li>Acesse o servi\u00e7o \u201cAtualizar CPF\u201d;<\/li>\n\n\n\n<li>Toque no item \u201cEtapas para realiza\u00e7\u00e3o do servi\u00e7o\u201d;<\/li>\n\n\n\n<li>Ap\u00f3s verificar a situa\u00e7\u00e3o do documento, siga os passos indicados para enviar os documentos \u00e0 Receita e finalizar o processo. Na maioria das vezes, a atualiza\u00e7\u00e3o pelo site corrige o problema na hora.<\/li>\n<\/ul>\n\n\n\n<h3 class=\"wp-block-heading\">Bolsa Fam\u00edlia 2024<\/h3>\n\n\n\n<p>O programa social atende fam\u00edlias com renda mensal de at\u00e9 R$ 218 por pessoa com um benef\u00edcio m\u00ednimo de R$ 600 por m\u00eas. Para receber, tamb\u00e9m \u00e9 necess\u00e1rio cumprir exig\u00eancias como manter a frequ\u00eancia escolar dos filhos, realizar o acompanhamento pr\u00e9-natal para gestantes, entre outras.<\/p>\n\n\n\n<p>O calend\u00e1rio de pagamentos do programa j\u00e1 retornou e novos repasses est\u00e3o previstos para janeiro, seguindo a ordem do final do NIS (N\u00famero de Identifica\u00e7\u00e3o Social) dos aprovados. Confira as datas de dep\u00f3sito do Bolsa Fam\u00edlia em 2024:<\/p>\n\n\n\n<figure class=\"wp-block-image\" id=\"attachment_468014\"><img decoding=\"async\" src=\"https:\/\/editalconcursosbrasil.com.br\/wp-content\/uploads\/2024\/01\/Captura-de-tela-2024-01-04-104558.jpg\" alt=\"\" class=\"wp-image-468014\"\/><figcaption class=\"wp-element-caption\">Fonte: Minist\u00e9rio do Desenvolvimento Social<\/figcaption><\/figure>\n\n\n\n<p>Fonte R7<\/p>\n\n\n\n<p><\/p>\n","protected":false},"excerpt":{"rendered":"<p>Benefici\u00e1rios que n\u00e3o regularizem a situa\u00e7\u00e3o do documento em at\u00e9 seis meses ter\u00e3o o benef\u00edcio cessado de forma definitiva. Milhares de fam\u00edlias de baixa renda correm o risco de perder os pagamentos do\u00a0Bolsa Fam\u00edlia, maior programa de transfer\u00eancia de renda do pa\u00eds. A partir deste m\u00eas de janeiro, a inconsist\u00eancia de dados do CPF (Cadastro [&hellip;]<\/p>\n","protected":false},"author":8,"featured_media":21382,"comment_status":"closed","ping_status":"open","sticky":false,"template":"","format":"standard","meta":{"rop_custom_images_group":[],"rop_custom_messages_group":[],"rop_publish_now":"initial","rop_publish_now_accounts":[],"rop_publish_now_history":[],"rop_publish_now_status":"pending","footnotes":""},"categories":[189],"tags":[73],"class_list":["post-21381","post","type-post","status-publish","format-standard","has-post-thumbnail","hentry","category-brasil","tag-featured"],"amp_enabled":true,"_links":{"self":[{"href":"https:\/\/imais.online\/portal\/wp-json\/wp\/v2\/posts\/21381","targetHints":{"allow":["GET"]}}],"collection":[{"href":"https:\/\/imais.online\/portal\/wp-json\/wp\/v2\/posts"}],"about":[{"href":"https:\/\/imais.online\/portal\/wp-json\/wp\/v2\/types\/post"}],"author":[{"embeddable":true,"href":"https:\/\/imais.online\/portal\/wp-json\/wp\/v2\/users\/8"}],"replies":[{"embeddable":true,"href":"https:\/\/imais.online\/portal\/wp-json\/wp\/v2\/comments?post=21381"}],"version-history":[{"count":1,"href":"https:\/\/imais.online\/portal\/wp-json\/wp\/v2\/posts\/21381\/revisions"}],"predecessor-version":[{"id":21383,"href":"https:\/\/imais.online\/portal\/wp-json\/wp\/v2\/posts\/21381\/revisions\/21383"}],"wp:featuredmedia":[{"embeddable":true,"href":"https:\/\/imais.online\/portal\/wp-json\/wp\/v2\/media\/21382"}],"wp:attachment":[{"href":"https:\/\/imais.online\/portal\/wp-json\/wp\/v2\/media?parent=21381"}],"wp:term":[{"taxonomy":"category","embeddable":true,"href":"https:\/\/imais.online\/portal\/wp-json\/wp\/v2\/categories?post=21381"},{"taxonomy":"post_tag","embeddable":true,"href":"https:\/\/imais.online\/portal\/wp-json\/wp\/v2\/tags?post=21381"}],"curies":[{"name":"wp","href":"https:\/\/api.w.org\/{rel}","templated":true}]}}