{"id":21384,"date":"2024-01-05T11:29:11","date_gmt":"2024-01-05T14:29:11","guid":{"rendered":"https:\/\/imais.online\/portal\/?p=21384"},"modified":"2024-01-05T11:29:12","modified_gmt":"2024-01-05T14:29:12","slug":"personal-trainer-morre-de-infarto-aos-31-anos-apos-sentir-mal-estar-no-estomago-levava-uma-vida-extremamente-saudavel","status":"publish","type":"post","link":"https:\/\/imais.online\/portal\/personal-trainer-morre-de-infarto-aos-31-anos-apos-sentir-mal-estar-no-estomago-levava-uma-vida-extremamente-saudavel\/","title":{"rendered":"Personal trainer morre de infarto aos 31 anos ap\u00f3s sentir mal-estar no est\u00f4mago: &#8216;Levava uma vida extremamente saud\u00e1vel&#8217;"},"content":{"rendered":"<div class=\"imais-before-content-placement\" id=\"imais-2368020756\"><script async src=\"\/\/pagead2.googlesyndication.com\/pagead\/js\/adsbygoogle.js?client=ca-pub-8787528412751566\" crossorigin=\"anonymous\"><\/script><ins class=\"adsbygoogle\" style=\"display:block;\" data-ad-client=\"ca-pub-8787528412751566\" \ndata-ad-slot=\"\" \ndata-ad-format=\"auto\"><\/ins>\n<script> \n(adsbygoogle = window.adsbygoogle || []).push({}); \n<\/script>\n<\/div>\n<h2 class=\"wp-block-heading\">Segundo Daniela Kuhn, esposa do personal Danilo de Campos, ele fazia exerc\u00edcios f\u00edsicos, seguia dieta e n\u00e3o tinha problemas de sa\u00fade. Caso aconteceu em Ponta Grossa.<\/h2>\n\n\n\n<p>O personal trainer Danilo de Campos, 31 anos, morreu em&nbsp;<a class=\"\" href=\"https:\/\/g1.globo.com\/pr\/campos-gerais-sul\/cidade\/ponta-grossa\/\">Ponta Grossa (PR)<\/a>, nos Campos Gerais, v\u00edtima de um infarto.<\/p>\n\n\n\n<p>Segundo a vi\u00fava de Danilo, Daniela Kuhn, horas antes de morrer o homem foi sozinho a um hospital relatando mal-estar no est\u00f4mago.<\/p>\n\n\n\n<p>De acordo com Daniela, o marido n\u00e3o tinha problemas de sa\u00fade aparentes. Na rotina do jovem, estavam exerc\u00edcios de muscula\u00e7\u00e3o seis vezes na semana e dieta orientada por nutricionista.<\/p>\n\n\n\n<p>A morte aconteceu no \u00faltimo s\u00e1bado (30).<\/p>\n\n\n\n<blockquote class=\"wp-block-quote is-layout-flow wp-block-quote-is-layout-flow\">\n<p>&#8220;Levava uma vida extremamente saud\u00e1vel, havia feito uma consulta de rotina com o cardiologista h\u00e1 6 meses para exames de check-up e estava tudo bem. Ele fazia dieta orientada por um nutricionista, treinava muscula\u00e7\u00e3o seis vezes na semana e fazia &#8216;cardio&#8217; em jejum diariamente ao acordar&#8221;.<\/p>\n<\/blockquote>\n\n\n\n<ul class=\"wp-block-list\">\n<li><strong>O ASSUNTO:&nbsp;<\/strong><a class=\"\" href=\"https:\/\/g1.globo.com\/podcast\/o-assunto\/noticia\/2023\/07\/28\/por-que-casos-de-infarto-em-jovens-tem-se-tornado-cada-vez-mais-comuns.ghtml\">Por que casos de infarto em jovens t\u00eam aumentado<\/a><\/li>\n<\/ul>\n\n\n\n<p>Ainda segundo Daniela, o marido consumia whey protein (prote\u00edna do soro do leite), creatina e compostos para pr\u00e9-treino \u2013 itens de consumo comuns entre frequentadores de academia. Ela tamb\u00e9m usa os produtos.<\/p>\n\n\n\n<p>Daniela contou, ainda, que a explica\u00e7\u00e3o que a fam\u00edlia recebeu sobre o caso de Danilo \u00e9 que o mal-estar no est\u00f4mago dele foi reflexo do cora\u00e7\u00e3o, que estava muito acelerado.<\/p>\n\n\n\n<h2 class=\"wp-block-heading\">Personal priorizava cuidar da sa\u00fade, segundo esposa<\/h2>\n\n\n\n<p>Durante a carreira, Danilo participou, uma \u00fanica vez, de um campeonato de fisiculturismo, mas, segundo Daniela, ele n\u00e3o quis continuar no segmento devido ao esfor\u00e7o que a atividade demanda \u2013 inclusive para a sa\u00fade.<\/p>\n\n\n\n<p>&#8220;Ele atuava como personal trainer, n\u00e3o era um fisiculturista. Ele s\u00f3 competiu uma vez, em 2022. Tinha curiosidade de sentir na pele como era a competi\u00e7\u00e3o que premia o esporte que ele tanto amava. Pegou o quinto lugar entre 15 atletas, saiu satisfeito e decidido a nunca mais competir, porque exigia sacrif\u00edcios \u00e0 sa\u00fade e \u00e0 fam\u00edlia que ele n\u00e3o estava disposto a se expor. Ele prezava a fam\u00edlia em primeiro lugar&#8221;, conta.<\/p>\n\n\n\n<p>Danilo deixou a esposa e um enteado de seis anos.<\/p>\n\n\n\n<p>De acordo com o Minist\u00e9rio da Sa\u00fade, o Infarto Agudo do Mioc\u00e1rdio \u00e9 a maior causa de mortes no Brasil. Os principais fatores de risco s\u00e3o tabagismo, sedentarismo, alimenta\u00e7\u00e3o ruim, colesterol alto e estresse em excesso.<\/p>\n\n\n\n<p>Fonte G1 <\/p>\n","protected":false},"excerpt":{"rendered":"<p>Segundo Daniela Kuhn, esposa do personal Danilo de Campos, ele fazia exerc\u00edcios f\u00edsicos, seguia dieta e n\u00e3o tinha problemas de sa\u00fade. Caso aconteceu em Ponta Grossa. O personal trainer Danilo de Campos, 31 anos, morreu em&nbsp;Ponta Grossa (PR), nos Campos Gerais, v\u00edtima de um infarto. Segundo a vi\u00fava de Danilo, Daniela Kuhn, horas antes de [&hellip;]<\/p>\n","protected":false},"author":8,"featured_media":21385,"comment_status":"closed","ping_status":"open","sticky":false,"template":"","format":"standard","meta":{"rop_custom_images_group":[],"rop_custom_messages_group":[],"rop_publish_now":"initial","rop_publish_now_accounts":[],"rop_publish_now_history":[],"rop_publish_now_status":"pending","footnotes":""},"categories":[237],"tags":[],"class_list":["post-21384","post","type-post","status-publish","format-standard","has-post-thumbnail","hentry","category-luto"],"amp_enabled":true,"_links":{"self":[{"href":"https:\/\/imais.online\/portal\/wp-json\/wp\/v2\/posts\/21384","targetHints":{"allow":["GET"]}}],"collection":[{"href":"https:\/\/imais.online\/portal\/wp-json\/wp\/v2\/posts"}],"about":[{"href":"https:\/\/imais.online\/portal\/wp-json\/wp\/v2\/types\/post"}],"author":[{"embeddable":true,"href":"https:\/\/imais.online\/portal\/wp-json\/wp\/v2\/users\/8"}],"replies":[{"embeddable":true,"href":"https:\/\/imais.online\/portal\/wp-json\/wp\/v2\/comments?post=21384"}],"version-history":[{"count":1,"href":"https:\/\/imais.online\/portal\/wp-json\/wp\/v2\/posts\/21384\/revisions"}],"predecessor-version":[{"id":21386,"href":"https:\/\/imais.online\/portal\/wp-json\/wp\/v2\/posts\/21384\/revisions\/21386"}],"wp:featuredmedia":[{"embeddable":true,"href":"https:\/\/imais.online\/portal\/wp-json\/wp\/v2\/media\/21385"}],"wp:attachment":[{"href":"https:\/\/imais.online\/portal\/wp-json\/wp\/v2\/media?parent=21384"}],"wp:term":[{"taxonomy":"category","embeddable":true,"href":"https:\/\/imais.online\/portal\/wp-json\/wp\/v2\/categories?post=21384"},{"taxonomy":"post_tag","embeddable":true,"href":"https:\/\/imais.online\/portal\/wp-json\/wp\/v2\/tags?post=21384"}],"curies":[{"name":"wp","href":"https:\/\/api.w.org\/{rel}","templated":true}]}}