{"id":21387,"date":"2024-01-05T11:33:21","date_gmt":"2024-01-05T14:33:21","guid":{"rendered":"https:\/\/imais.online\/portal\/?p=21387"},"modified":"2024-01-05T11:33:22","modified_gmt":"2024-01-05T14:33:22","slug":"viuva-de-joao-carreiro-fala-de-saudade-do-cantor-to-em-pedacos","status":"publish","type":"post","link":"https:\/\/imais.online\/portal\/viuva-de-joao-carreiro-fala-de-saudade-do-cantor-to-em-pedacos\/","title":{"rendered":"Vi\u00fava de Jo\u00e3o Carreiro fala de saudade do cantor: &#8216;T\u00f4 em peda\u00e7os&#8217;"},"content":{"rendered":"<div class=\"imais-before-content-placement\" id=\"imais-1294297219\"><script async src=\"\/\/pagead2.googlesyndication.com\/pagead\/js\/adsbygoogle.js?client=ca-pub-8787528412751566\" crossorigin=\"anonymous\"><\/script><ins class=\"adsbygoogle\" style=\"display:block;\" data-ad-client=\"ca-pub-8787528412751566\" \ndata-ad-slot=\"\" \ndata-ad-format=\"auto\"><\/ins>\n<script> \n(adsbygoogle = window.adsbygoogle || []).push({}); \n<\/script>\n<\/div>\n<h2 class=\"wp-block-heading\">Cantor morreu na noite de quarta (3) ap\u00f3s complica\u00e7\u00f5es de uma cirurgia no cora\u00e7\u00e3o<\/h2>\n\n\n\n<p><strong>Francine Caroline<\/strong>, vi\u00fava do cantor\u00a0<a class=\"\" href=\"https:\/\/revistaquem.globo.com\/noticias\/noticia\/2024\/01\/quem-era-joao-carreiro-cantor-que-morreu-aos-41-anos-durante-cirurgia-no-coracao.ghtml\">sertanejo\u00a0<strong>Jo\u00e3o Carreiro<\/strong><\/a>, voltou a usar a web, na madrugada desta sexta-feira (5), para lamentar\u00a0<a class=\"\" href=\"https:\/\/revistaquem.globo.com\/noticias\/noticia\/2024\/01\/morre-aos-41-anos-o-cantor-sertanejo-joao-carreiro.ghtml\">a morte do marido, aos 41 anos de idade<\/a>.<\/p>\n\n\n\n<p>Jo\u00e3o passou por um procedimento card\u00edaco para trocar a v\u00e1lvula do cora\u00e7\u00e3o, mas n\u00e3o resistiu e morreu na quarta-feira (3). &#8220;Minha vida me deixou&#8221;, escreveu ela nos Stories do Instagram.<\/p>\n\n\n\n<p>&#8220;Meu amor, eu t\u00f4 em peda\u00e7os. Que dor no meu cora\u00e7\u00e3o&#8221;, escreveu ela, divulgando um v\u00eddeo do cantor. Esta \u00e9 a segunda vez que Francine se manifesta desde a morte do marido.\u00a0<a class=\"\" href=\"https:\/\/revistaquem.globo.com\/noticias\/noticia\/2024\/01\/esposa-lamenta-a-morte-do-sertanejo-joao-carreiro-minha-vida-me-deixou.ghtml\">Horas depois da morte dele, ela escreveu: &#8220;Minha vida me deixou&#8221;<\/a>.<\/p>\n\n\n\n<p>Horas antes da cirurgia, Jo\u00e3o Carreiro explicou a um amigo que precisava colocar uma v\u00e1lvula no cora\u00e7\u00e3o e cuidar de um \u2018sopro\u2019 no local, chamado tecnicamente de&nbsp;<a class=\"\" href=\"https:\/\/revistaquem.globo.com\/noticias\/noticia\/2024\/01\/entenda-o-que-e-prolapso-da-valvula-mitral-condicao-cardiaca-de-joao-carreiro.ghtml\">prolapso da v\u00e1lvula mitral<\/a>.<\/p>\n\n\n\n<figure class=\"wp-block-image\"><img decoding=\"async\" src=\"https:\/\/s2-quem.glbimg.com\/51oiMBHA8KpOEYoJUCm61R5M__0=\/0x0:1196x1325\/984x0\/smart\/filters:strip_icc()\/i.s3.glbimg.com\/v1\/AUTH_b0f0e84207c948ab8b8777be5a6a4395\/internal_photos\/bs\/2024\/s\/3\/ru7fxcSfiJpKecyIzc0A\/350743247-667769268452529-7417045289732764892-n.jpg\" alt=\"Francine Caroline e Jo\u00e3o Carreiro \u2014 Foto: Instagram\"\/><figcaption class=\"wp-element-caption\">Francine Caroline e Jo\u00e3o Carreiro \u2014 Foto: Instagram<\/figcaption><\/figure>\n\n\n\n<p>Jo\u00e3o S\u00e9rgio Batista Corr\u00eaa Filho nasceu no dia 24 de novembro de 1982, na cidade de Cuiab\u00e1, Mato Grosso e j\u00e1 era fascinado por m\u00fasica sertaneja desde crian\u00e7a. O nome art\u00edstico foi uma homenagem ao lend\u00e1rio&nbsp;<strong>Ti\u00e3o Carreiro<\/strong>&nbsp;(1934-1993), da dupla&nbsp;<strong>Ti\u00e3o Carreiro &amp; Pardinho<\/strong>&nbsp;(1932-2001).<\/p>\n\n\n\n<p>Jo\u00e3o chegou a se formar em Administra\u00e7\u00e3o de Empresas, mas o amor pela m\u00fasica falou mais alto e ele se dedicou n\u00e3o apenas ao canto, como compor can\u00e7\u00f5es. Fez dupla com o sertanejo\u00a0<a class=\"\" href=\"https:\/\/revistaquem.globo.com\/noticias\/noticia\/2024\/01\/capataz-ex-dupla-com-joao-carreiro-lamenta-morte-do-cantor-va-em-paz.ghtml\"><strong>Capataz<\/strong><\/a>.<\/p>\n\n\n\n<figure class=\"wp-block-image\"><img decoding=\"async\" src=\"https:\/\/s2-quem.glbimg.com\/IcyVaUcpzn14p9tv63eFmURbMo0=\/0x0:1440x1440\/984x0\/smart\/filters:strip_icc()\/i.s3.glbimg.com\/v1\/AUTH_b0f0e84207c948ab8b8777be5a6a4395\/internal_photos\/bs\/2024\/n\/6\/YhLkSxT6aaKdWqaNfvnw\/352982964-1407579593143196-8033919903261793070-n.jpg\" alt=\"Francine Caroline e Jo\u00e3o Carreiro \u2014 Foto: Instagram\"\/><figcaption class=\"wp-element-caption\">Francine Caroline e Jo\u00e3o Carreiro \u2014 Foto: Instagram<\/figcaption><\/figure>\n\n\n\n<p>Em novembro, quando Jo\u00e3o completou 41 anos, Francine prestou uma homenagem rom\u00e2ntica ao marido, ilustrando a publica\u00e7\u00e3o com um v\u00eddeo que trazia uma montagem de fotos.<\/p>\n\n\n\n<p>&#8220;Eu me apaixono por voc\u00ea todos os dias!! Eu sou aben\u00e7oada, porque sou amada por voc\u00ea!! Meu mundo \u00e9 um lugar melhor por sua causa!! N\u00f3s encontramos o amor bem aqui aonde estamos em nossos cora\u00e7\u00f5es. Feliz anivers\u00e1rio, minha vida, EU TE AMOOO!!!&#8221;, dizia a publica\u00e7\u00e3o de Francine.<\/p>\n\n\n\n<figure class=\"wp-block-image\"><img decoding=\"async\" src=\"https:\/\/s2-quem.glbimg.com\/RhlDOQfV9BO_dw8Onp8q290carU=\/0x0:912x1600\/984x0\/smart\/filters:strip_icc()\/i.s3.glbimg.com\/v1\/AUTH_b0f0e84207c948ab8b8777be5a6a4395\/internal_photos\/bs\/2024\/u\/w\/RAPIXMSlmx8AOagWxsYQ\/6907f3ea-a280-493c-93a7-2c100ccfd718.jpg\" alt=\"Post de Francine Caroline, vi\u00fava de Jo\u00e3o Carreiro \u2014 Foto: Instagram\"\/><\/figure>\n\n\n\n<p>Post de Francine Caroline, vi\u00fava de Jo\u00e3o Carreiro \u2014 Foto: Instagram<\/p>\n\n\n\n<p>Fonte G1<\/p>\n","protected":false},"excerpt":{"rendered":"<p>Cantor morreu na noite de quarta (3) ap\u00f3s complica\u00e7\u00f5es de uma cirurgia no cora\u00e7\u00e3o Francine Caroline, vi\u00fava do cantor\u00a0sertanejo\u00a0Jo\u00e3o Carreiro, voltou a usar a web, na madrugada desta sexta-feira (5), para lamentar\u00a0a morte do marido, aos 41 anos de idade. Jo\u00e3o passou por um procedimento card\u00edaco para trocar a v\u00e1lvula do cora\u00e7\u00e3o, mas n\u00e3o resistiu [&hellip;]<\/p>\n","protected":false},"author":8,"featured_media":21388,"comment_status":"closed","ping_status":"open","sticky":false,"template":"","format":"standard","meta":{"rop_custom_images_group":[],"rop_custom_messages_group":[],"rop_publish_now":"initial","rop_publish_now_accounts":[],"rop_publish_now_history":[],"rop_publish_now_status":"pending","footnotes":""},"categories":[237],"tags":[],"class_list":["post-21387","post","type-post","status-publish","format-standard","has-post-thumbnail","hentry","category-luto"],"amp_enabled":true,"_links":{"self":[{"href":"https:\/\/imais.online\/portal\/wp-json\/wp\/v2\/posts\/21387","targetHints":{"allow":["GET"]}}],"collection":[{"href":"https:\/\/imais.online\/portal\/wp-json\/wp\/v2\/posts"}],"about":[{"href":"https:\/\/imais.online\/portal\/wp-json\/wp\/v2\/types\/post"}],"author":[{"embeddable":true,"href":"https:\/\/imais.online\/portal\/wp-json\/wp\/v2\/users\/8"}],"replies":[{"embeddable":true,"href":"https:\/\/imais.online\/portal\/wp-json\/wp\/v2\/comments?post=21387"}],"version-history":[{"count":1,"href":"https:\/\/imais.online\/portal\/wp-json\/wp\/v2\/posts\/21387\/revisions"}],"predecessor-version":[{"id":21389,"href":"https:\/\/imais.online\/portal\/wp-json\/wp\/v2\/posts\/21387\/revisions\/21389"}],"wp:featuredmedia":[{"embeddable":true,"href":"https:\/\/imais.online\/portal\/wp-json\/wp\/v2\/media\/21388"}],"wp:attachment":[{"href":"https:\/\/imais.online\/portal\/wp-json\/wp\/v2\/media?parent=21387"}],"wp:term":[{"taxonomy":"category","embeddable":true,"href":"https:\/\/imais.online\/portal\/wp-json\/wp\/v2\/categories?post=21387"},{"taxonomy":"post_tag","embeddable":true,"href":"https:\/\/imais.online\/portal\/wp-json\/wp\/v2\/tags?post=21387"}],"curies":[{"name":"wp","href":"https:\/\/api.w.org\/{rel}","templated":true}]}}