{"id":21411,"date":"2024-01-06T10:10:26","date_gmt":"2024-01-06T13:10:26","guid":{"rendered":"https:\/\/imais.online\/portal\/?p=21411"},"modified":"2024-01-06T10:10:27","modified_gmt":"2024-01-06T13:10:27","slug":"secretaria-de-saude-divulga-calendario-de-acoes-do-janeiro-branco-em-prol-da-saude-mental","status":"publish","type":"post","link":"https:\/\/imais.online\/portal\/secretaria-de-saude-divulga-calendario-de-acoes-do-janeiro-branco-em-prol-da-saude-mental\/","title":{"rendered":"Secretaria de Sa\u00fade divulga calend\u00e1rio de a\u00e7\u00f5es do Janeiro Branco em prol da sa\u00fade mental"},"content":{"rendered":"<div class=\"imais-before-content-placement\" id=\"imais-768855030\"><script async src=\"\/\/pagead2.googlesyndication.com\/pagead\/js\/adsbygoogle.js?client=ca-pub-8787528412751566\" crossorigin=\"anonymous\"><\/script><ins class=\"adsbygoogle\" style=\"display:block;\" data-ad-client=\"ca-pub-8787528412751566\" \ndata-ad-slot=\"\" \ndata-ad-format=\"auto\"><\/ins>\n<script> \n(adsbygoogle = window.adsbygoogle || []).push({}); \n<\/script>\n<\/div>\n<p><em><small>A\u00e7\u00f5es t\u00eam como objetivo preven\u00e7\u00e3o de agravos como ansiedade, depress\u00e3o, p\u00e2nico e suic\u00eddio<\/small><\/em><\/p>\n\n\n\n<p>A equipe de Aten\u00e7\u00e3o B\u00e1sica da Secretaria de Sa\u00fade promover\u00e1 uma s\u00e9rie de a\u00e7\u00f5es em comemora\u00e7\u00e3o ao Janeiro Branco, que \u00e9 o m\u00eas de conscientiza\u00e7\u00e3o sobre a sa\u00fade mental. Este ano, as Unidades B\u00e1sicas de Sa\u00fade oferecer\u00e3o atividades dentro do tema \u201cSa\u00fade mental enquanto h\u00e1 tempo: o que fazer agora?\u201d. As unidades do Jardim Oliveira Camargo e do Jardim Morada do Sol (UBS 4) abrir\u00e3o a programa\u00e7\u00e3o na pr\u00f3xima quinta-feira (11\/01), com palestras ministradas por profissionais da \u00e1rea. Fechando a programa\u00e7\u00e3o, a Secretaria promover\u00e1 uma palestra com a psiquiatra M\u00e1rcia Coutinho, no dia 26\/01, \u00e0s 8h30, no Audit\u00f3rio do Pa\u00e7o Municipal, voltada aos profissionais de sa\u00fade.&nbsp;&nbsp;<\/p>\n\n\n\n<p>As a\u00e7\u00f5es do Janeiro Branco t\u00eam como objetivo a preven\u00e7\u00e3o de agravos como ansiedade, depress\u00e3o, p\u00e2nico, suic\u00eddio, entre outras. As atividades ser\u00e3o realizadas de acordo com o cronograma de grupos j\u00e1 existentes em cada unidade e ser\u00e3o ofertadas orienta\u00e7\u00f5es para higiene do sono, oficina da mente, escuta, apoio psicol\u00f3gico e encaminhamentos para a rede especializada que se fizerem necess\u00e1rios.<\/p>\n\n\n\n<p><strong>Cronograma de atividades nas Unidades B\u00e1sicas de Sa\u00fade:<\/strong><\/p>\n\n\n\n<p>Dia 11\/01, 13h &#8211; UBS Jardim Oliveira Camargo: Palestra \u201cComo promover a sa\u00fade mental de crian\u00e7as e adolescentes\u201d pela pediatra Ana J\u00falia;<\/p>\n\n\n\n<p>Dia 11\/01, 14h &#8211; UBS 04: Palestra com psic\u00f3logo Leandro;<\/p>\n\n\n\n<p>Dia 12\/01, 9h &#8211; 10h &#8211; UBS II Cecap: Roda de conversa sobre sa\u00fade mental e alongamento;<\/p>\n\n\n\n<p>Dia 12\/01 &#8211; UBS Campo Bonito: Arte terapia com o grupo de Ansiedade;<\/p>\n\n\n\n<p>Dia 17\/01, 10h &#8211; UBS 04: palestra e caf\u00e9 da manh\u00e3 para crian\u00e7as e adolescentes com Dra. Carla Zanchettim<\/p>\n\n\n\n<p>Dia 18\/01, 14h &#8211; UBS Camargo Andrade: Grupo Oficina da Mente;<\/p>\n\n\n\n<p>Dia 22\/01 &#8211; UBS 10: Caf\u00e9 da manh\u00e3 e roda de conversa sobre sa\u00fade mental com enfermeira Elisete;<\/p>\n\n\n\n<p>Dia 23\/01, a partir das 8h30 &#8211; UBS 09: Roda de conversa com psic\u00f3logo Iggor na pra\u00e7a em frente \u00e0 UBS;<\/p>\n\n\n\n<p>Dia 23\/01, 8h &#8211; UBS Jardim Carlos Aldrovandi: Grupo de Sa\u00fade e Bem-estar, e Grupo de Caminhada;<\/p>\n\n\n\n<p>Dia 24\/01, 14h &#8211; UBS 01: Palestra com psic\u00f3logo, dan\u00e7a e auriculoterapia;<\/p>\n\n\n\n<p>Dia 24\/01, 9h30 \u00e0s 11h &#8211; UBS Itaici: Roda de conversa com psic\u00f3logo Jos\u00e9 com a tem\u00e1tica de autocuidado e fortalecimento da sa\u00fade mental;<\/p>\n\n\n\n<p>Dia 24\/01, 14h &#8211; UBS Campo Bonito: Roda de conversa com psic\u00f3logo Iggor e enfermeira Hindira;<\/p>\n\n\n\n<p>Dia 24\/01, 8h &#8211; UBS Jardim Umuarama: Palestra sobre sa\u00fade metal com Dr. Lucas;<\/p>\n\n\n\n<p>Dia 25\/01, 10h &#8211; UBS 04: Oficina de pintura;<\/p>\n\n\n\n<p>Dia 25\/01, 8h &#8211; UBS Jardim Maritacas: Palestra sobre sa\u00fade mental com Dr. Lucas;<\/p>\n\n\n\n<p>Dia 26\/01, 8h \u00e0s 11h &#8211; UBS Parque Indai\u00e1: Roda de conversa sobre sa\u00fade mental;<\/p>\n\n\n\n<p>Dia 26\/01, 8h &#8211; UBS Parque Corolla: Palestra sobre sa\u00fade mental, cinema terap\u00eautico e apresenta\u00e7\u00e3o do coral da unidade;<\/p>\n\n\n\n<p>27\/01, 8h &#8211; 12h &#8211; UBS 07: Realiza\u00e7\u00e3o de consultas m\u00e9dicas agendadas;<\/p>\n\n\n\n<p>27\/01, 8h \u2013 12h &#8211; UBS Jardim Brasil: Roda de conversa e atendimentos.<\/p>\n\n\n\n<p>29\/01, 9h30 \u2013 11h &#8211; UBS Jardim Jo\u00e3o Pioli: Roda de conversa com psic\u00f3logo Jos\u00e9 \u201cA\u00e7\u00f5es de autocuidado e fortalecimento da sa\u00fade mental\u201d.<\/p>\n","protected":false},"excerpt":{"rendered":"<p>A\u00e7\u00f5es t\u00eam como objetivo preven\u00e7\u00e3o de agravos como ansiedade, depress\u00e3o, p\u00e2nico e suic\u00eddio A equipe de Aten\u00e7\u00e3o B\u00e1sica da Secretaria de Sa\u00fade promover\u00e1 uma s\u00e9rie de a\u00e7\u00f5es em comemora\u00e7\u00e3o ao Janeiro Branco, que \u00e9 o m\u00eas de conscientiza\u00e7\u00e3o sobre a sa\u00fade mental. Este ano, as Unidades B\u00e1sicas de Sa\u00fade oferecer\u00e3o atividades dentro do tema \u201cSa\u00fade [&hellip;]<\/p>\n","protected":false},"author":8,"featured_media":21412,"comment_status":"closed","ping_status":"open","sticky":false,"template":"","format":"standard","meta":{"rop_custom_images_group":[],"rop_custom_messages_group":[],"rop_publish_now":"initial","rop_publish_now_accounts":[],"rop_publish_now_history":[],"rop_publish_now_status":"pending","footnotes":""},"categories":[188],"tags":[73],"class_list":["post-21411","post","type-post","status-publish","format-standard","has-post-thumbnail","hentry","category-indaiatuba","tag-featured"],"amp_enabled":true,"_links":{"self":[{"href":"https:\/\/imais.online\/portal\/wp-json\/wp\/v2\/posts\/21411","targetHints":{"allow":["GET"]}}],"collection":[{"href":"https:\/\/imais.online\/portal\/wp-json\/wp\/v2\/posts"}],"about":[{"href":"https:\/\/imais.online\/portal\/wp-json\/wp\/v2\/types\/post"}],"author":[{"embeddable":true,"href":"https:\/\/imais.online\/portal\/wp-json\/wp\/v2\/users\/8"}],"replies":[{"embeddable":true,"href":"https:\/\/imais.online\/portal\/wp-json\/wp\/v2\/comments?post=21411"}],"version-history":[{"count":1,"href":"https:\/\/imais.online\/portal\/wp-json\/wp\/v2\/posts\/21411\/revisions"}],"predecessor-version":[{"id":21413,"href":"https:\/\/imais.online\/portal\/wp-json\/wp\/v2\/posts\/21411\/revisions\/21413"}],"wp:featuredmedia":[{"embeddable":true,"href":"https:\/\/imais.online\/portal\/wp-json\/wp\/v2\/media\/21412"}],"wp:attachment":[{"href":"https:\/\/imais.online\/portal\/wp-json\/wp\/v2\/media?parent=21411"}],"wp:term":[{"taxonomy":"category","embeddable":true,"href":"https:\/\/imais.online\/portal\/wp-json\/wp\/v2\/categories?post=21411"},{"taxonomy":"post_tag","embeddable":true,"href":"https:\/\/imais.online\/portal\/wp-json\/wp\/v2\/tags?post=21411"}],"curies":[{"name":"wp","href":"https:\/\/api.w.org\/{rel}","templated":true}]}}