{"id":21423,"date":"2024-01-08T12:46:07","date_gmt":"2024-01-08T15:46:07","guid":{"rendered":"https:\/\/imais.online\/portal\/?p=21423"},"modified":"2024-01-08T12:48:38","modified_gmt":"2024-01-08T15:48:38","slug":"papa-francisco-cita-comercializacao-do-corpo-humano-e-pede-proibicao-universal-de-barriga-de-aluguel","status":"publish","type":"post","link":"https:\/\/imais.online\/portal\/papa-francisco-cita-comercializacao-do-corpo-humano-e-pede-proibicao-universal-de-barriga-de-aluguel\/","title":{"rendered":"Papa Francisco cita &#8216;comercializa\u00e7\u00e3o do corpo humano&#8217; e pede proibi\u00e7\u00e3o universal de barriga de aluguel"},"content":{"rendered":"<div class=\"imais-before-content-placement\" id=\"imais-3334052649\"><script async src=\"\/\/pagead2.googlesyndication.com\/pagead\/js\/adsbygoogle.js?client=ca-pub-8787528412751566\" crossorigin=\"anonymous\"><\/script><ins class=\"adsbygoogle\" style=\"display:block;\" data-ad-client=\"ca-pub-8787528412751566\" \ndata-ad-slot=\"\" \ndata-ad-format=\"auto\"><\/ins>\n<script> \n(adsbygoogle = window.adsbygoogle || []).push({}); \n<\/script>\n<\/div>\n<h2 class=\"wp-block-heading\">&#8216;O caminho para a paz exige respeito pela vida&#8217;, afirmou o Pont\u00edfice em audi\u00eancia<\/h2>\n\n\n\n<p>O Papa Francisco pediu nesta segunda-feira \u00e0 comunidade internacional que pro\u00edba gest\u00f5es via barriga de aluguel, denunciando uma &#8220;comercializa\u00e7\u00e3o&#8221; do corpo humano.<\/p>\n\n\n\n<p>\u2014 O caminho para a paz exige respeito pela vida, por toda a vida humana, a come\u00e7ar pela da crian\u00e7a que n\u00e3o nasce no ventre materno, que n\u00e3o pode ser suprimida nem transformada em produto comercial \u2014 declarou o Pont\u00edfice durante a sua audi\u00eancia com membros da corpo diplom\u00e1tico da Santa S\u00e9 para o in\u00edcio do ano.<\/p>\n\n\n\n<p>O argentino acrescentou que considera &#8220;deplor\u00e1vel&#8221; a pr\u00e1tica do que chamou de &#8220;maternidade de aluguel&#8221;, que ofende, segue ele, &#8220;gravemente a dignidade das mulheres e das crian\u00e7as; e se baseia na explora\u00e7\u00e3o da situa\u00e7\u00e3o de car\u00eancia material da m\u00e3e&#8221;.<\/p>\n\n\n\n<p>\u2014 Por esta raz\u00e3o, apelo \u00e0 comunidade internacional para que se comprometa a proibir universalmente esta pr\u00e1tica \u2014 apelou.<\/p>\n\n\n\n<p>A pr\u00e1tica \u00e9 comum entre celebridades. Em novembro, por exemplo, a socialite e modelo Paris Hilton, de 42 anos, anunciou que ela e o companheiro, o ator Carter Reum, se tornaram pais de uma menina via barriga de aluguel. Al\u00e9m da herdeira, outros artistas tamb\u00e9m recorreram \u00e0 iniciativa.<\/p>\n\n\n\n<ul class=\"wp-block-list\">\n<li><strong>Kim Kardashian<\/strong>&nbsp;e Kanye West tiveram Chicago e Psalm via barriga de aluguel, ap\u00f3s duas dif\u00edceis gesta\u00e7\u00f5es da empres\u00e1ria.<\/li>\n\n\n\n<li><strong>Lucy Liu<\/strong>&nbsp;teve Rockwell Lloyd Liu via barriga de aluguel e atribuiu escolha \u00e0 correria do trabalho<\/li>\n\n\n\n<li><strong>Cristiano Ronaldo<\/strong>&nbsp;teve o filho Cristiano e, anos mais tarde, os g\u00eameos Eva e Mateo \u2014 em ambos os casos, contratou mulheres para dar \u00e0 luz<\/li>\n\n\n\n<li><strong>Elton John<\/strong>&nbsp;e o marido, David Furnish, realizaram o sonho de ter filhos via barriga de aluguel. Da mesma gestante, nasceram Zachary e, anos mais tarde, Elijah<\/li>\n\n\n\n<li><strong>Nicole Kidman<\/strong>&nbsp;e Keith Urban tiveram a segunda filha, Faith Margaret, via barriga de aluguel, j\u00e1 que a atriz estava com dificuldades para engravidar<\/li>\n\n\n\n<li><strong>Sarah Jessica Parker<\/strong>&nbsp;e Matthew Broderick optou pelo m\u00e9todo para ter as g\u00eameas Tabitha e Loretta, depois de a atriz ter dificuldades para engravidar<\/li>\n\n\n\n<li><strong>Priyanka Chopra<\/strong>&nbsp;e Nick Jonas tamb\u00e9m tiveram um beb\u00ea via barriga de aluguel<\/li>\n<\/ul>\n\n\n\n<p>A Igreja Cat\u00f3lica op\u00f5e-se a esta t\u00e9cnica de procria\u00e7\u00e3o medicamente assistida, que consiste na implanta\u00e7\u00e3o de um embri\u00e3o no \u00fatero de uma barriga de aluguel. A gestante entrega o beb\u00ea ao casal ap\u00f3s o nascimento.<\/p>\n\n\n\n<p>Em junho de 2022, o religioso j\u00e1 havia descrito a barriga de aluguel como uma \u201cpr\u00e1tica desumana\u201d.<\/p>\n\n\n\n<p>Em novembro passado, o Vaticano indicou que os filhos de casais do mesmo sexo, adotados ou nascidos de barriga de aluguel, poderiam ser batizados.<\/p>\n\n\n\n<p>Poucos pa\u00edses no mundo autorizam o procedimento e, quando o fazem, \u00e9 numa base \u201caltru\u00edsta\u201d \u2014 isto \u00e9, sem qualquer compensa\u00e7\u00e3o financeira envolvida. No Brasil, por exemplo, a pr\u00e1tica comercial \u00e9 ilegal. A Lei de Transplantes pro\u00edbe a comercializa\u00e7\u00e3o de embri\u00f5es e partes do corpo humano n\u00e3o renov\u00e1veis.<\/p>\n\n\n\n<p>No entanto, a legisla\u00e7\u00e3o brasileira autoriza a chamada &#8220;barriga solid\u00e1ria&#8221;, que n\u00e3o envolve pagamentos e se rege por resolu\u00e7\u00e3o do Conselho Federal de Medicina (CFM). A gestante solid\u00e1ria precisa ter grau de parentesco at\u00e9 quarto grau com o casal e menos de 50 anos, entre outras regras.<\/p>\n\n\n\n<p>A barriga de aluguel comercial, ou seja, em que a gestante obt\u00e9m uma compensa\u00e7\u00e3o financeira, \u00e9 autorizada em alguns estados americanos.<\/p>\n\n\n\n<p>Fonte O Globo<\/p>\n","protected":false},"excerpt":{"rendered":"<p>&#8216;O caminho para a paz exige respeito pela vida&#8217;, afirmou o Pont\u00edfice em audi\u00eancia O Papa Francisco pediu nesta segunda-feira \u00e0 comunidade internacional que pro\u00edba gest\u00f5es via barriga de aluguel, denunciando uma &#8220;comercializa\u00e7\u00e3o&#8221; do corpo humano. \u2014 O caminho para a paz exige respeito pela vida, por toda a vida humana, a come\u00e7ar pela da [&hellip;]<\/p>\n","protected":false},"author":8,"featured_media":21424,"comment_status":"closed","ping_status":"open","sticky":false,"template":"","format":"standard","meta":{"rop_custom_images_group":[],"rop_custom_messages_group":[],"rop_publish_now":"initial","rop_publish_now_accounts":[],"rop_publish_now_history":[],"rop_publish_now_status":"pending","footnotes":""},"categories":[212],"tags":[73],"class_list":["post-21423","post","type-post","status-publish","format-standard","has-post-thumbnail","hentry","category-internacional","tag-featured"],"amp_enabled":true,"_links":{"self":[{"href":"https:\/\/imais.online\/portal\/wp-json\/wp\/v2\/posts\/21423","targetHints":{"allow":["GET"]}}],"collection":[{"href":"https:\/\/imais.online\/portal\/wp-json\/wp\/v2\/posts"}],"about":[{"href":"https:\/\/imais.online\/portal\/wp-json\/wp\/v2\/types\/post"}],"author":[{"embeddable":true,"href":"https:\/\/imais.online\/portal\/wp-json\/wp\/v2\/users\/8"}],"replies":[{"embeddable":true,"href":"https:\/\/imais.online\/portal\/wp-json\/wp\/v2\/comments?post=21423"}],"version-history":[{"count":1,"href":"https:\/\/imais.online\/portal\/wp-json\/wp\/v2\/posts\/21423\/revisions"}],"predecessor-version":[{"id":21425,"href":"https:\/\/imais.online\/portal\/wp-json\/wp\/v2\/posts\/21423\/revisions\/21425"}],"wp:featuredmedia":[{"embeddable":true,"href":"https:\/\/imais.online\/portal\/wp-json\/wp\/v2\/media\/21424"}],"wp:attachment":[{"href":"https:\/\/imais.online\/portal\/wp-json\/wp\/v2\/media?parent=21423"}],"wp:term":[{"taxonomy":"category","embeddable":true,"href":"https:\/\/imais.online\/portal\/wp-json\/wp\/v2\/categories?post=21423"},{"taxonomy":"post_tag","embeddable":true,"href":"https:\/\/imais.online\/portal\/wp-json\/wp\/v2\/tags?post=21423"}],"curies":[{"name":"wp","href":"https:\/\/api.w.org\/{rel}","templated":true}]}}