{"id":21426,"date":"2024-01-08T12:51:27","date_gmt":"2024-01-08T15:51:27","guid":{"rendered":"https:\/\/imais.online\/portal\/?p=21426"},"modified":"2024-01-08T12:51:28","modified_gmt":"2024-01-08T15:51:28","slug":"amigos-estao-preocupados-com-comportamentos-suspeitos-de-lady-gaga-diz-site","status":"publish","type":"post","link":"https:\/\/imais.online\/portal\/amigos-estao-preocupados-com-comportamentos-suspeitos-de-lady-gaga-diz-site\/","title":{"rendered":"Amigos est\u00e3o preocupados com comportamentos suspeitos de Lady Gaga, diz site"},"content":{"rendered":"<div class=\"imais-before-content-placement\" id=\"imais-1100146412\"><script async src=\"\/\/pagead2.googlesyndication.com\/pagead\/js\/adsbygoogle.js?client=ca-pub-8787528412751566\" crossorigin=\"anonymous\"><\/script><ins class=\"adsbygoogle\" style=\"display:block;\" data-ad-client=\"ca-pub-8787528412751566\" \ndata-ad-slot=\"\" \ndata-ad-format=\"auto\"><\/ins>\n<script> \n(adsbygoogle = window.adsbygoogle || []).push({}); \n<\/script>\n<\/div>\n<h2 class=\"wp-block-heading\">Cantora de 37 anos parecia desligada em um evento recente e estaria &#8216;sofrendo calada&#8217; em meio \u00e0s inseguran\u00e7as da vida<\/h2>\n\n\n\n<p>Amigos estariam atentos a alguns comportamentos estranhos de Lady Gaga de uns tempos para c\u00e1 e suspeitam de um &#8220;colapso nervoso secreto&#8221;, revelam contatos ao&nbsp;<a class=\"\" href=\"https:\/\/radaronline.com\/p\/lady-gaga-friends-far-odd-behavior-due-to-secret-breakdown\/\" target=\"_blank\" rel=\"noreferrer noopener\"><em>Radar Online<\/em>&nbsp;<\/a>neste domingo (7).<\/p>\n\n\n\n<p>As fontes do site afirmam que as pessoas mais pr\u00f3ximas temem que a cantora de 37 anos esteja sofrendo a portas fechadas h\u00e1 algum tempo e acreditam que inseguran\u00e7as de longa data come\u00e7aram a tomar conta de seus pensamentos.<\/p>\n\n\n\n<p>O comportamento da artista em um evento recente chamou aten\u00e7\u00e3o. Ao marcar presen\u00e7a na estreia de &#8216;Maestro&#8217;, cinebiografia de Leonard Bernstein (1918-1990) protagonizada por Bradley Cooper, Gaga &#8220;parecia desligada&#8221;, disseram insiders da revista\u00a0<em>InTouch\u00a0<\/em>na ocasi\u00e3o. \u201cEla ficou se posicionando em fotos com Bradley e Carey Mulligan como se fizesse parte do filme\u201d, lembrou um observador. \u201cAs pessoas pareciam chocadas, e Carey ficou confusa.\u201d<\/p>\n\n\n\n<p><a class=\"\" href=\"https:\/\/revistamonet.globo.com\/celebridades\/noticia\/2023\/12\/bradley-cooper-leva-lady-gaga-a-lancamento-de-filme-5-anos-apos-nasce-uma-estrela-e-boatos-de-romance.ghtml\">Foi Cooper quem levou a amiga para o evento de estreia do longa<\/a>\u00a0apontado como candidato potencial a indica\u00e7\u00f5es e trof\u00e9us na temporada de premia\u00e7\u00f5es de 2024. Eles trabalharam juntos em \u2018Nasce Uma Estrela\u2019 (2018), produ\u00e7\u00e3o tamb\u00e9m protagonizada e dirigida por ele. O longa rendeu \u00e0 cantora o Oscar de melhor can\u00e7\u00e3o original, pelo hit \u2018Shallow\u2019. A obra tamb\u00e9m rendeu v\u00e1rios boatos em torno de um suposto relacionamento das duas celebridades, que sempre negaram o affair. Os rumores ganharam ainda mais f\u00f4lego ap\u00f3s o \u201cclima rom\u00e2ntico\u201d da apresenta\u00e7\u00e3o dos dois no Oscar 2019. Pouco depois, Cooper terminou com a modelo Irina Shayk.<\/p>\n\n\n\n<p>Embora Gaga \u201csempre tenha sido exc\u00eantrica\u201d, observou uma fonte, \u201calgumas pessoas pr\u00f3ximas dizem que ela parece diferente nos \u00faltimos meses, quase como se tivesse tido um colapso nervoso secreto&#8221;. \u201cEla se afastou dos amigos e passa a maior parte do tempo sozinha quando n\u00e3o est\u00e1 com o namorado, Michael Polansky\u201d, acrescentou.<\/p>\n\n\n\n<p>Lady Gaga estaria um pouco perdida quanto aos rumos que pretende focar profissionalmente. \u201cV\u00e1rios meses atr\u00e1s, Gaga confessou a uma amiga que se sentia um pouco perdida em sua carreira\u201d, continuou. \u201cEla tem tido muito sucesso em todos os seus empreendimentos, mas se sente um pouco perdida no cen\u00e1rio da ind\u00fastria musical&#8221;.<\/p>\n\n\n\n<p>A cantora tem buscado se reencontrar enquanto v\u00ea o cen\u00e1rio pop feminino se dividir entre Beyonc\u00e9 e Taylor Swift nas manchetes dos jornais.<\/p>\n\n\n\n<figure class=\"wp-block-image\"><img decoding=\"async\" src=\"https:\/\/s2-monet.glbimg.com\/J0roFUIhIihARJ1SA88kD3yEZrM=\/0x0:1080x607\/984x0\/smart\/filters:strip_icc()\/i.s3.glbimg.com\/v1\/AUTH_e7c91519bbbb4fadb4e509085746275d\/internal_photos\/bs\/2024\/a\/2\/ZrVg8ISaA9BmY8nbSunQ\/402093415-2385484344985091-2620711473797749371-n.jpg\" alt=\"Lady Gaga \u2014 Foto: Reprodu\u00e7\u00e3o\/Instagram\"\/><figcaption class=\"wp-element-caption\">Lady Gaga \u2014 Foto: Reprodu\u00e7\u00e3o\/Instagram<\/figcaption><\/figure>\n\n\n\n<p>\u201cGaga foi muito pr\u00f3xima de Beyonc\u00e9 por muitos anos, e Gaga se sentia insegura sobre sua identidade, com as superturn\u00eas de Beyonc\u00e9 e Taylor Swift ganhando tanta aten\u00e7\u00e3o\u201d, disse o contato antes de observar que a cantora de &#8216;Bad Romance&#8217; \u201cprovavelmente est\u00e1 tentando encontrar seu equil\u00edbrio novamente\u201d.<\/p>\n\n\n\n<p>O representante de Lady Gaga ainda n\u00e3o respondeu ao pedido de coment\u00e1rios feito pelo site norte-americano.<\/p>\n\n\n\n<p>A cantora vai interpretar a personagem Arlequina na continua\u00e7\u00e3o de \u2018Coringa\u2019 (2019), &#8216;Joker: Folie \u00e0 Deux&#8217;, com lan\u00e7amento marcado para outubro de 2024.<\/p>\n\n\n\n<p>Fonte Monet<\/p>\n","protected":false},"excerpt":{"rendered":"<p>Cantora de 37 anos parecia desligada em um evento recente e estaria &#8216;sofrendo calada&#8217; em meio \u00e0s inseguran\u00e7as da vida Amigos estariam atentos a alguns comportamentos estranhos de Lady Gaga de uns tempos para c\u00e1 e suspeitam de um &#8220;colapso nervoso secreto&#8221;, revelam contatos ao&nbsp;Radar Online&nbsp;neste domingo (7). As fontes do site afirmam que as [&hellip;]<\/p>\n","protected":false},"author":8,"featured_media":21427,"comment_status":"closed","ping_status":"open","sticky":false,"template":"","format":"standard","meta":{"rop_custom_images_group":[],"rop_custom_messages_group":[],"rop_publish_now":"initial","rop_publish_now_accounts":[],"rop_publish_now_history":[],"rop_publish_now_status":"pending","footnotes":""},"categories":[212],"tags":[],"class_list":["post-21426","post","type-post","status-publish","format-standard","has-post-thumbnail","hentry","category-internacional"],"amp_enabled":true,"_links":{"self":[{"href":"https:\/\/imais.online\/portal\/wp-json\/wp\/v2\/posts\/21426","targetHints":{"allow":["GET"]}}],"collection":[{"href":"https:\/\/imais.online\/portal\/wp-json\/wp\/v2\/posts"}],"about":[{"href":"https:\/\/imais.online\/portal\/wp-json\/wp\/v2\/types\/post"}],"author":[{"embeddable":true,"href":"https:\/\/imais.online\/portal\/wp-json\/wp\/v2\/users\/8"}],"replies":[{"embeddable":true,"href":"https:\/\/imais.online\/portal\/wp-json\/wp\/v2\/comments?post=21426"}],"version-history":[{"count":1,"href":"https:\/\/imais.online\/portal\/wp-json\/wp\/v2\/posts\/21426\/revisions"}],"predecessor-version":[{"id":21428,"href":"https:\/\/imais.online\/portal\/wp-json\/wp\/v2\/posts\/21426\/revisions\/21428"}],"wp:featuredmedia":[{"embeddable":true,"href":"https:\/\/imais.online\/portal\/wp-json\/wp\/v2\/media\/21427"}],"wp:attachment":[{"href":"https:\/\/imais.online\/portal\/wp-json\/wp\/v2\/media?parent=21426"}],"wp:term":[{"taxonomy":"category","embeddable":true,"href":"https:\/\/imais.online\/portal\/wp-json\/wp\/v2\/categories?post=21426"},{"taxonomy":"post_tag","embeddable":true,"href":"https:\/\/imais.online\/portal\/wp-json\/wp\/v2\/tags?post=21426"}],"curies":[{"name":"wp","href":"https:\/\/api.w.org\/{rel}","templated":true}]}}