{"id":21432,"date":"2024-01-09T10:03:47","date_gmt":"2024-01-09T13:03:47","guid":{"rendered":"https:\/\/imais.online\/portal\/?p=21432"},"modified":"2024-01-09T10:03:48","modified_gmt":"2024-01-09T13:03:48","slug":"parque-do-mirim-tera-horario-especial-para-uso-da-fonte-nas-ferias-escolares","status":"publish","type":"post","link":"https:\/\/imais.online\/portal\/parque-do-mirim-tera-horario-especial-para-uso-da-fonte-nas-ferias-escolares\/","title":{"rendered":"Parque do Mirim ter\u00e1 hor\u00e1rio especial para uso da fonte nas f\u00e9rias escolares"},"content":{"rendered":"<div class=\"imais-before-content-placement\" id=\"imais-3696021510\"><script async src=\"\/\/pagead2.googlesyndication.com\/pagead\/js\/adsbygoogle.js?client=ca-pub-8787528412751566\" crossorigin=\"anonymous\"><\/script><ins class=\"adsbygoogle\" style=\"display:block;\" data-ad-client=\"ca-pub-8787528412751566\" \ndata-ad-slot=\"\" \ndata-ad-format=\"auto\"><\/ins>\n<script> \n(adsbygoogle = window.adsbygoogle || []).push({}); \n<\/script>\n<\/div>\n<p><em><small>Atra\u00e7\u00e3o estar\u00e1 dispon\u00edvel de ter\u00e7a-feira a domingo, das 9h \u00e0s 12h e das 14h \u00e0s 16h<\/small><\/em><\/p>\n\n\n\n<p>Durante o per\u00edodo das f\u00e9rias escolares, o Parque do Mirim, uma das unidades do Servi\u00e7o Aut\u00f4nomo de \u00c1gua e Esgotos (Saae), ter\u00e1 hor\u00e1rios especiais para o uso da sua fonte interativa. Essa atra\u00e7\u00e3o, conhecida por oferecer divers\u00e3o refrescante, estar\u00e1 dispon\u00edvel de ter\u00e7a-feira a domingo, das 9h \u00e0s 12h e das 14h \u00e0s 16h. Esses hor\u00e1rios permitem a realiza\u00e7\u00e3o de manuten\u00e7\u00f5es necess\u00e1rias para garantir a seguran\u00e7a e o funcionamento do espa\u00e7o.<\/p>\n\n\n\n<p>\u00c9 importante ressaltar que, visando a seguran\u00e7a das crian\u00e7as, o acesso \u00e0 fonte interativa do Parque do Mirim \u00e9 restrito a crian\u00e7as e pais acompanhados de crian\u00e7as de colo.<\/p>\n\n\n\n<p>As op\u00e7\u00f5es de entretenimento no Parque do Mirim s\u00e3o diversas, atendendo a todos os p\u00fablicos. Os visitantes podem desfrutar da fonte interativa, praticar esportes como v\u00f4lei de areia e futebol, al\u00e9m de realizar passeios de pedalinho ou bicicleta. Quiosques para lanches oferecem uma pausa para recarregar as energias em meio \u00e0 \u00e1rea verde do parque.<\/p>\n\n\n\n<p>Uma das atra\u00e7\u00f5es \u00e9 o mirante de 25 metros de altura, proporcionando uma vista panor\u00e2mica da regi\u00e3o e um local privilegiado para momentos tranquilos em meio \u00e0 natureza.<\/p>\n\n\n\n<p>O Parque do Mirim funciona diariamente das 6h \u00e0s 20h, com entrada gratuita, Quiosques, pedalinhos e aluguel de bicicletas est\u00e3o dispon\u00edveis de ter\u00e7a a domingo, das 8h \u00e0s 18h30.<\/p>\n\n\n\n<p>Para mais informa\u00e7\u00f5es sobre o Parque do Mirim, acesse: https:\/\/saae.sp.gov.br\/parque-do-mirim\/.<\/p>\n\n\n\n<p><\/p>\n","protected":false},"excerpt":{"rendered":"<p>Atra\u00e7\u00e3o estar\u00e1 dispon\u00edvel de ter\u00e7a-feira a domingo, das 9h \u00e0s 12h e das 14h \u00e0s 16h Durante o per\u00edodo das f\u00e9rias escolares, o Parque do Mirim, uma das unidades do Servi\u00e7o Aut\u00f4nomo de \u00c1gua e Esgotos (Saae), ter\u00e1 hor\u00e1rios especiais para o uso da sua fonte interativa. Essa atra\u00e7\u00e3o, conhecida por oferecer divers\u00e3o refrescante, estar\u00e1 [&hellip;]<\/p>\n","protected":false},"author":8,"featured_media":21433,"comment_status":"closed","ping_status":"open","sticky":false,"template":"","format":"standard","meta":{"rop_custom_images_group":[],"rop_custom_messages_group":[],"rop_publish_now":"initial","rop_publish_now_accounts":[],"rop_publish_now_history":[],"rop_publish_now_status":"pending","footnotes":""},"categories":[188],"tags":[],"class_list":["post-21432","post","type-post","status-publish","format-standard","has-post-thumbnail","hentry","category-indaiatuba"],"amp_enabled":true,"_links":{"self":[{"href":"https:\/\/imais.online\/portal\/wp-json\/wp\/v2\/posts\/21432","targetHints":{"allow":["GET"]}}],"collection":[{"href":"https:\/\/imais.online\/portal\/wp-json\/wp\/v2\/posts"}],"about":[{"href":"https:\/\/imais.online\/portal\/wp-json\/wp\/v2\/types\/post"}],"author":[{"embeddable":true,"href":"https:\/\/imais.online\/portal\/wp-json\/wp\/v2\/users\/8"}],"replies":[{"embeddable":true,"href":"https:\/\/imais.online\/portal\/wp-json\/wp\/v2\/comments?post=21432"}],"version-history":[{"count":1,"href":"https:\/\/imais.online\/portal\/wp-json\/wp\/v2\/posts\/21432\/revisions"}],"predecessor-version":[{"id":21434,"href":"https:\/\/imais.online\/portal\/wp-json\/wp\/v2\/posts\/21432\/revisions\/21434"}],"wp:featuredmedia":[{"embeddable":true,"href":"https:\/\/imais.online\/portal\/wp-json\/wp\/v2\/media\/21433"}],"wp:attachment":[{"href":"https:\/\/imais.online\/portal\/wp-json\/wp\/v2\/media?parent=21432"}],"wp:term":[{"taxonomy":"category","embeddable":true,"href":"https:\/\/imais.online\/portal\/wp-json\/wp\/v2\/categories?post=21432"},{"taxonomy":"post_tag","embeddable":true,"href":"https:\/\/imais.online\/portal\/wp-json\/wp\/v2\/tags?post=21432"}],"curies":[{"name":"wp","href":"https:\/\/api.w.org\/{rel}","templated":true}]}}