{"id":21438,"date":"2024-01-09T10:21:57","date_gmt":"2024-01-09T13:21:57","guid":{"rendered":"https:\/\/imais.online\/portal\/?p=21438"},"modified":"2024-01-09T10:21:58","modified_gmt":"2024-01-09T13:21:58","slug":"menino-de-1-ano-morre-apos-ser-atropelado-acidentalmente-pelo-pai-no-sertao-de-pernambuco","status":"publish","type":"post","link":"https:\/\/imais.online\/portal\/menino-de-1-ano-morre-apos-ser-atropelado-acidentalmente-pelo-pai-no-sertao-de-pernambuco\/","title":{"rendered":"Menino de 1 ano morre ap\u00f3s ser atropelado acidentalmente pelo pai, no Sert\u00e3o de Pernambuco"},"content":{"rendered":"<div class=\"imais-before-content-placement\" id=\"imais-1323800834\"><script async src=\"\/\/pagead2.googlesyndication.com\/pagead\/js\/adsbygoogle.js?client=ca-pub-8787528412751566\" crossorigin=\"anonymous\"><\/script><ins class=\"adsbygoogle\" style=\"display:block;\" data-ad-client=\"ca-pub-8787528412751566\" \ndata-ad-slot=\"\" \ndata-ad-format=\"auto\"><\/ins>\n<script> \n(adsbygoogle = window.adsbygoogle || []).push({}); \n<\/script>\n<\/div>\n<h2 class=\"wp-block-heading\">Segundo informa\u00e7\u00f5es da TV Asa Branca, o pai da crian\u00e7a fez uma manobra e atropelou acidentalmente o filho ao dar r\u00e9 no ve\u00edculo<\/h2>\n\n\n\n<p>Um menino de 1 ano e 3 meses morreu, na segunda-feira (8), ap\u00f3s ser<strong>&nbsp;atropelado de forma acidental pelo pai<\/strong>. O caso aconteceu na cidade de<strong>&nbsp;Iguaraci<\/strong>, no Sert\u00e3o de Pernambuco, localizada a cerca de 358 quil\u00f4metros do Recife.<\/p>\n\n\n\n<p>Segundo informa\u00e7\u00f5es da TV Asa Branca, o pai da crian\u00e7a fez uma manobra e atropelou acidentalmente o filho\u00a0<strong>ao dar r\u00e9 no ve\u00edculo<\/strong>. A crian\u00e7a foi identificada como Miguel.<\/p>\n\n\n\n<p>O menino chegou a ser encaminhado ao hospital da cidade, mas n\u00e3o resistiu aos ferimentos e morreu na unidade de sa\u00fade. Uma per\u00edcia foi feita no local do acidente.&nbsp;<\/p>\n\n\n\n<p>A<strong>\u00a0Pol\u00edcia Civil de Pernambuco<\/strong>\u00a0registrou o caso como<strong>\u00a0homic\u00eddio de tr\u00e2nsito culposo<\/strong>\u00a0quando n\u00e3o h\u00e1 a inten\u00e7\u00e3o de matar. &#8220;O fato segue em apura\u00e7\u00e3o pela Delegacia de Iguaraci&#8221;, afirmou a corpora\u00e7\u00e3o.<\/p>\n\n\n\n<p>Fonte Folha de Pernambuco <\/p>\n","protected":false},"excerpt":{"rendered":"<p>Segundo informa\u00e7\u00f5es da TV Asa Branca, o pai da crian\u00e7a fez uma manobra e atropelou acidentalmente o filho ao dar r\u00e9 no ve\u00edculo Um menino de 1 ano e 3 meses morreu, na segunda-feira (8), ap\u00f3s ser&nbsp;atropelado de forma acidental pelo pai. O caso aconteceu na cidade de&nbsp;Iguaraci, no Sert\u00e3o de Pernambuco, localizada a cerca [&hellip;]<\/p>\n","protected":false},"author":8,"featured_media":21439,"comment_status":"closed","ping_status":"open","sticky":false,"template":"","format":"standard","meta":{"rop_custom_images_group":[],"rop_custom_messages_group":[],"rop_publish_now":"initial","rop_publish_now_accounts":[],"rop_publish_now_history":[],"rop_publish_now_status":"pending","footnotes":""},"categories":[237],"tags":[],"class_list":["post-21438","post","type-post","status-publish","format-standard","has-post-thumbnail","hentry","category-luto"],"amp_enabled":true,"_links":{"self":[{"href":"https:\/\/imais.online\/portal\/wp-json\/wp\/v2\/posts\/21438","targetHints":{"allow":["GET"]}}],"collection":[{"href":"https:\/\/imais.online\/portal\/wp-json\/wp\/v2\/posts"}],"about":[{"href":"https:\/\/imais.online\/portal\/wp-json\/wp\/v2\/types\/post"}],"author":[{"embeddable":true,"href":"https:\/\/imais.online\/portal\/wp-json\/wp\/v2\/users\/8"}],"replies":[{"embeddable":true,"href":"https:\/\/imais.online\/portal\/wp-json\/wp\/v2\/comments?post=21438"}],"version-history":[{"count":1,"href":"https:\/\/imais.online\/portal\/wp-json\/wp\/v2\/posts\/21438\/revisions"}],"predecessor-version":[{"id":21440,"href":"https:\/\/imais.online\/portal\/wp-json\/wp\/v2\/posts\/21438\/revisions\/21440"}],"wp:featuredmedia":[{"embeddable":true,"href":"https:\/\/imais.online\/portal\/wp-json\/wp\/v2\/media\/21439"}],"wp:attachment":[{"href":"https:\/\/imais.online\/portal\/wp-json\/wp\/v2\/media?parent=21438"}],"wp:term":[{"taxonomy":"category","embeddable":true,"href":"https:\/\/imais.online\/portal\/wp-json\/wp\/v2\/categories?post=21438"},{"taxonomy":"post_tag","embeddable":true,"href":"https:\/\/imais.online\/portal\/wp-json\/wp\/v2\/tags?post=21438"}],"curies":[{"name":"wp","href":"https:\/\/api.w.org\/{rel}","templated":true}]}}