{"id":21441,"date":"2024-01-09T10:26:15","date_gmt":"2024-01-09T13:26:15","guid":{"rendered":"https:\/\/imais.online\/portal\/?p=21441"},"modified":"2024-01-09T10:26:15","modified_gmt":"2024-01-09T13:26:15","slug":"sensacao-termica-passa-dos-55c-em-santa-catarina","status":"publish","type":"post","link":"https:\/\/imais.online\/portal\/sensacao-termica-passa-dos-55c-em-santa-catarina\/","title":{"rendered":"Sensa\u00e7\u00e3o t\u00e9rmica passa dos 55\u00b0C em Santa Catarina"},"content":{"rendered":"<div class=\"imais-before-content-placement\" id=\"imais-4091355402\"><script async src=\"\/\/pagead2.googlesyndication.com\/pagead\/js\/adsbygoogle.js?client=ca-pub-8787528412751566\" crossorigin=\"anonymous\"><\/script><ins class=\"adsbygoogle\" style=\"display:block;\" data-ad-client=\"ca-pub-8787528412751566\" \ndata-ad-slot=\"\" \ndata-ad-format=\"auto\"><\/ins>\n<script> \n(adsbygoogle = window.adsbygoogle || []).push({}); \n<\/script>\n<\/div>\n<p>O estado de Santa Catarina registrou sensa\u00e7\u00e3o t\u00e9rmica superior a 55\u00baC nesta segunda-feira (8). De acordo com dados do&nbsp;<a rel=\"noreferrer noopener\" href=\"https:\/\/ciram.epagri.sc.gov.br\/\" target=\"_blank\">Epagri\/ Ciram<\/a>, algumas regi\u00f5es tiveram temperaturas pr\u00f3ximas dos 40\u00baC no term\u00f4metro, por\u00e9m, devido a umidade relativa na atmosfera, a sensa\u00e7\u00e3o de calor para os catarinenses foi ainda maior.<\/p>\n\n\n\n<p>Em cidades do Litoral Sul de Santa Catarina, a m\u00e1xima registrada foi de 39,8\u00b0C em Gravatal e 38,8\u00b0C em Crici\u00fama. Entretanto, a sensa\u00e7\u00e3o t\u00e9rmica nestes munic\u00edpios ultrapassou os 55\u00baC.<\/p>\n\n\n\n<p>J\u00e1 em outras cidades mais ao norte, como Joinville e Jaragu\u00e1 do Sul, a m\u00e1xima no term\u00f4metro bateu 37,1\u00baC. Por\u00e9m, a sensa\u00e7\u00e3o t\u00e9rmica tamb\u00e9m chegou na casa dos 50\u00b0C.<\/p>\n\n\n\n<p>Segundo o ClimaTempo, a sensa\u00e7\u00e3o de calor e desconforto foram potencializadas pela grande quantidade de umidade relativa na atmosfera, com valores entre 60% a 89%.<\/p>\n\n\n\n<p>Fonte Ric<\/p>\n","protected":false},"excerpt":{"rendered":"<p>O estado de Santa Catarina registrou sensa\u00e7\u00e3o t\u00e9rmica superior a 55\u00baC nesta segunda-feira (8). De acordo com dados do&nbsp;Epagri\/ Ciram, algumas regi\u00f5es tiveram temperaturas pr\u00f3ximas dos 40\u00baC no term\u00f4metro, por\u00e9m, devido a umidade relativa na atmosfera, a sensa\u00e7\u00e3o de calor para os catarinenses foi ainda maior. Em cidades do Litoral Sul de Santa Catarina, a [&hellip;]<\/p>\n","protected":false},"author":8,"featured_media":21442,"comment_status":"closed","ping_status":"open","sticky":false,"template":"","format":"standard","meta":{"rop_custom_images_group":[],"rop_custom_messages_group":[],"rop_publish_now":"initial","rop_publish_now_accounts":[],"rop_publish_now_history":[],"rop_publish_now_status":"pending","footnotes":""},"categories":[189],"tags":[],"class_list":["post-21441","post","type-post","status-publish","format-standard","has-post-thumbnail","hentry","category-brasil"],"amp_enabled":true,"_links":{"self":[{"href":"https:\/\/imais.online\/portal\/wp-json\/wp\/v2\/posts\/21441","targetHints":{"allow":["GET"]}}],"collection":[{"href":"https:\/\/imais.online\/portal\/wp-json\/wp\/v2\/posts"}],"about":[{"href":"https:\/\/imais.online\/portal\/wp-json\/wp\/v2\/types\/post"}],"author":[{"embeddable":true,"href":"https:\/\/imais.online\/portal\/wp-json\/wp\/v2\/users\/8"}],"replies":[{"embeddable":true,"href":"https:\/\/imais.online\/portal\/wp-json\/wp\/v2\/comments?post=21441"}],"version-history":[{"count":1,"href":"https:\/\/imais.online\/portal\/wp-json\/wp\/v2\/posts\/21441\/revisions"}],"predecessor-version":[{"id":21443,"href":"https:\/\/imais.online\/portal\/wp-json\/wp\/v2\/posts\/21441\/revisions\/21443"}],"wp:featuredmedia":[{"embeddable":true,"href":"https:\/\/imais.online\/portal\/wp-json\/wp\/v2\/media\/21442"}],"wp:attachment":[{"href":"https:\/\/imais.online\/portal\/wp-json\/wp\/v2\/media?parent=21441"}],"wp:term":[{"taxonomy":"category","embeddable":true,"href":"https:\/\/imais.online\/portal\/wp-json\/wp\/v2\/categories?post=21441"},{"taxonomy":"post_tag","embeddable":true,"href":"https:\/\/imais.online\/portal\/wp-json\/wp\/v2\/tags?post=21441"}],"curies":[{"name":"wp","href":"https:\/\/api.w.org\/{rel}","templated":true}]}}