{"id":21444,"date":"2024-01-10T06:49:04","date_gmt":"2024-01-10T09:49:04","guid":{"rendered":"https:\/\/imais.online\/portal\/?p=21444"},"modified":"2024-01-10T06:49:06","modified_gmt":"2024-01-10T09:49:06","slug":"fiec-abre-inscricoes-para-cursos-extracurriculares-no-dia-17-de-janeiro-2","status":"publish","type":"post","link":"https:\/\/imais.online\/portal\/fiec-abre-inscricoes-para-cursos-extracurriculares-no-dia-17-de-janeiro-2\/","title":{"rendered":"Fiec abre inscri\u00e7\u00f5es para cursos extracurriculares no dia 17 de janeiro"},"content":{"rendered":"<div class=\"imais-before-content-placement\" id=\"imais-1135370451\"><script async src=\"\/\/pagead2.googlesyndication.com\/pagead\/js\/adsbygoogle.js?client=ca-pub-8787528412751566\" crossorigin=\"anonymous\"><\/script><ins class=\"adsbygoogle\" style=\"display:block;\" data-ad-client=\"ca-pub-8787528412751566\" \ndata-ad-slot=\"\" \ndata-ad-format=\"auto\"><\/ins>\n<script> \n(adsbygoogle = window.adsbygoogle || []).push({}); \n<\/script>\n<\/div>\n<p class=\"has-text-align-center\"><em>Treze op\u00e7\u00f5es de cursos de curta dura\u00e7\u00e3o que ocorrer\u00e3o aos s\u00e1bados na Fiec<\/em><\/p>\n\n\n\n<p>A Funda\u00e7\u00e3o Indaiatubana de Educa\u00e7\u00e3o e Cultura (Fiec) abre as inscri\u00e7\u00f5es no dia 17 de janeiro para os&nbsp;cursos&nbsp;extracurriculares&nbsp;de Administra\u00e7\u00e3o do Tempo, AutoCAD Constru\u00e7\u00e3o Civil, tr\u00eas turmas para o m\u00f3dulo 2 de \u201cAromaterapia: O poder das plantas e \u00f3leos essenciais\u201d, Escrita Fiscal, &nbsp;tr\u00eas turmas para \u201cLideran\u00e7a: O desafio do l\u00edder com a diversidade de gera\u00e7\u00f5es\u201d, Introdu\u00e7\u00e3o \u00e0 Administra\u00e7\u00e3o de Recursos Humanos, Maquete Eletr\u00f4nica, Metrologia Dimensional e Operador de Empilhadeira. Ao todo ser\u00e3o disponibilizadas 350 vagas e os interessados poder\u00e3o se candidatar at\u00e9 o dia 15 de fevereiro pelo site da&nbsp;<a href=\"https:\/\/www.fiec.com.br\/site\/index.do\">Fiec<\/a>.<\/p>\n\n\n\n<p>As inscri\u00e7\u00f5es devem ser realizadas atrav\u00e9s dos links de cada curso no site da Fiec. A distribui\u00e7\u00e3o das vagas ser\u00e1 feita por ordem de inscri\u00e7\u00e3o e a efetiva\u00e7\u00e3o da matr\u00edcula realizada ap\u00f3s o pagamento da taxa do curso, via boleto banc\u00e1rio. &nbsp;<\/p>\n\n\n\n<p>Em meio a um cen\u00e1rio de crescente competitividade profissional, a Fiec assume a miss\u00e3o junto \u00e0 Prefeitura de Indaiatuba de impulsionar a educa\u00e7\u00e3o na comunidade, preparando-a para os desafios do mercado de trabalho. A institui\u00e7\u00e3o oferece n\u00e3o apenas oportunidades, mas tamb\u00e9m uma infraestrutura de qualidade e professores altamente capacitados, e neste contexto, ganha destaque a import\u00e2ncia dos cursos extracurriculares promovidos pela Fiec. Esses cursos, em geral, t\u00eam \u00eanfase na forma\u00e7\u00e3o r\u00e1pida dos alunos, e a perspectiva que n\u00e3o se limita somente a capacita\u00e7\u00e3o, mas o desenvolvimento pessoal dos indiv\u00edduos.<\/p>\n\n\n\n<p><strong><u>ESCRITA FISCAL<\/u><\/strong><strong>&nbsp;(24h)<\/strong><\/p>\n\n\n\n<p><strong>Datas do curso:&nbsp;<\/strong>17 e 24\/02, 02, 09, 16 e 23\/03.<\/p>\n\n\n\n<p><strong>Investimento:&nbsp;<\/strong>R$ 275,00<\/p>\n\n\n\n<p><strong>Objetivo do curso:<\/strong>&nbsp;Desenvolver uma vis\u00e3o geral de todos os procedimentos da escritura\u00e7\u00e3o fiscal, utilizando a legisla\u00e7\u00e3o para enfatizar os conceitos gerais dos impostos e suas disposi\u00e7\u00f5es legais, bem como proporcionar-lhes os caminhos de pesquisas da mat\u00e9ria.<\/p>\n\n\n\n<p><strong>Conte\u00fado:&nbsp;<\/strong>Procedimentos das emiss\u00f5es dos docs. fiscais, classifica\u00e7\u00f5es, identifica\u00e7\u00e3o dos c\u00f3digos das escritura\u00e7\u00f5es, apura\u00e7\u00e3o dos impostos; procedimentos para produtos adquiridos e comercializados no mercado interno e externo; utiliza\u00e7\u00e3o adequada das legisla\u00e7\u00f5es (ICM\u00b4S, IPI e ISS); procedimentos fiscais gerais, opera\u00e7\u00f5es com bens do ativo fixo, substitui\u00e7\u00e3o tribut\u00e1ria, reten\u00e7\u00e3o de impostos e declara\u00e7\u00f5es obrigat\u00f3rias.<\/p>\n\n\n\n<p><strong><u>INTRODU\u00c7\u00c3O A ADMINISTRA\u00c7\u00c3O DE RECURSOS HUMANOS<\/u><\/strong><strong>&nbsp;(24h)<\/strong><\/p>\n\n\n\n<p><strong>Datas do curso:&nbsp;<\/strong>17 e 24\/02, 02, 09, 16 e 23\/03.<\/p>\n\n\n\n<p><strong>Investimento:&nbsp;<\/strong>R$ 275,00<\/p>\n\n\n\n<p><strong>Objetivo do curso:<\/strong>&nbsp;&nbsp;Obter conhecimentos b\u00e1sicos da \u00e1rea de Recursos Humanos, conceitos e rotinas essenciais para empresas de todos os portes.<\/p>\n\n\n\n<p><strong>Conte\u00fado:&nbsp;<\/strong>Recrutamento e Sele\u00e7\u00e3o: tipos de recrutamento, compara\u00e7\u00f5es entre recrutamento interno e externo, fontes de recrutamento. Sele\u00e7\u00e3o Pessoal: Triagem, entrevistas, conceitos roteiros, testes, din\u00e2micas; Treinamento e Desenvolvimento de Pessoas: Defini\u00e7\u00e3o de treinar e desenvolver pessoas, tipos de treinamento, levantamento de necessidade de treinamento. Programa de Treinamento; objetivos, p\u00fablico, dura\u00e7\u00e3o, avalia\u00e7\u00e3o, resultados; Defini\u00e7\u00f5es, fun\u00e7\u00f5es, descri\u00e7\u00f5es, benef\u00edcios legais e espont\u00e2neos de Cargos e Sal\u00e1rios; Introdu\u00e7\u00e3o ao processo de admiss\u00e3o, controle de jornada, c\u00e1lculo de folha de pagamento, f\u00e9rias e rescis\u00e3o.<\/p>\n\n\n\n<p><strong><u>ADMINISTRA\u00c7\u00c3O DO TEMPO<\/u><\/strong><strong>&nbsp;(16h)<\/strong><\/p>\n\n\n\n<p><strong>Datas do curso:&nbsp;<\/strong>17 e 24\/02, 02 e 09\/03.<\/p>\n\n\n\n<p><strong>Investimento:&nbsp;<\/strong>R$185,00<\/p>\n\n\n\n<p><strong>Objetivo do curso:&nbsp;<\/strong>Apresentar t\u00e9cnicas e ferramentas aplic\u00e1veis no trabalho e na vida pessoal, facilitando um uso racional do tempo. Propor principais conceitos de organiza\u00e7\u00e3o pessoal conforme princ\u00edpios gerenciais cl\u00e1ssicos. Mostrar t\u00e9cnicas e ferramentas aderentes \u00e0 vida profissional e vida pessoal. Reflex\u00f5es sobre prioriza\u00e7\u00e3o de assuntos, planejamento, delega\u00e7\u00e3o de tarefas e organiza\u00e7\u00e3o da agenda.<\/p>\n\n\n\n<p><strong>Conte\u00fado:&nbsp;<\/strong>Uma abordagem do tempo a partir de Teorias de administra\u00e7\u00e3o; &nbsp;Sobre o tempo (recurso finito) frente a seus desperdi\u00e7adores; &nbsp;Defini\u00e7\u00e3o de prioridades: desenvolvendo h\u00e1bitos pessoais na administra\u00e7\u00e3o do tempo; &nbsp;O (bom) uso do tempo: fator de sucesso profissional, equil\u00edbrio e a qualidade de vida; &nbsp;Alguns nomes de gestores: pr\u00e1ticas do uso do tempo e melhorias de produtividade; &nbsp;Desenvolvendo habilidades, pr\u00e1ticas, medidas objetivas e produtivas de gest\u00e3o; Ferramentas: agendas, recursos, comunica\u00e7\u00e3o eficaz, reuni\u00f5es objetivas etc.<\/p>\n\n\n\n<p><strong><u>MAQUETE ELETR\u00d4NICA<\/u><\/strong><strong>&nbsp;(24h)<\/strong><\/p>\n\n\n\n<p><strong>Datas do curso:&nbsp;<\/strong>17 e 24\/02, 02, 09, 16 e 23\/03.<\/p>\n\n\n\n<p><strong>Investimento:&nbsp;<\/strong>R$ 275,00<\/p>\n\n\n\n<p><strong>Objetivo do curso:<\/strong>&nbsp;&nbsp;Desenvolver uma vis\u00e3o geral de todos os procedimentos da modelagem 3D, utilizando os conceitos gerais do software&nbsp;<em>Sketchup<\/em>, bem como proporcionar-lhes os caminhos para aprimoramento da \u00e1rea com foco em maquete eletr\u00f4nica de arquitetura.<\/p>\n\n\n\n<p><strong>Conte\u00fado:&nbsp;<\/strong>Procedimento de modelagem 3D e no\u00e7\u00e3o espacial; Utiliza\u00e7\u00e3o do&nbsp;<em>Sketchup&nbsp;<\/em>como ferramenta digital para modelagem 3D, conceitos b\u00e1sicos e passo a passo da sua utiliza\u00e7\u00e3o; modelagem de uma resid\u00eancia unifamiliar; modelando fachada e ambientes internos; exportar imagens de apresenta\u00e7\u00e3o para clientes.<\/p>\n\n\n\n<p><strong><u>METROLOGIA DIMENSIONAL<\/u><\/strong><strong>&nbsp;(24h)<\/strong><\/p>\n\n\n\n<p><strong>Link de Inscri\u00e7\u00e3o:&nbsp;<\/strong>Ser\u00e1 disponibilizado no site da FIEC a partir do dia 17\/01\/2024.<\/p>\n\n\n\n<p><strong>Datas do curso:&nbsp;<\/strong>17 e 24\/02, 02, 09, 16 e 23\/03.<\/p>\n\n\n\n<p><strong>Investimento:&nbsp;<\/strong>R$ 275,00<\/p>\n\n\n\n<p>|<div>Objetivo do curso:  Praticar os fundamentos da Metrologia dentro de um laborat\u00f3rio manuseando em sala de aula instrumentos utilizados na medi\u00e7\u00e3o dimensional e demonstrar a utiliza\u00e7\u00e3o de instrumentos de medi\u00e7\u00e3o da fam\u00edlia do paqu\u00edmetro, micr\u00f4metro e rel\u00f3gio comprador.<\/div><\/p>\n\n\n\n<p><strong>Conte\u00fado:&nbsp;<\/strong>Principais express\u00f5es utilizadas na metrologia dimensional; Medi\u00e7\u00e3o com Paqu\u00edmetros anal\u00f3gicos (resolu\u00e7\u00f5es de 0,05 mm e 0,02mm); Conceito de desvio padr\u00e3o; Medi\u00e7\u00e3o com Micr\u00f4metros externos anal\u00f3gicos com faixa de medi\u00e7\u00e3o de 0 a 25mm, resolu\u00e7\u00e3o 0,01; Uso da planilha Excel para c\u00e1lculo do Desvio Padr\u00e3o; Conceitos de CPK; Crit\u00e9rios para sele\u00e7\u00e3o de instrumentos de medi\u00e7\u00e3o;; Demonstra\u00e7\u00f5es de Micr\u00f4metro externo anal\u00f3gico, com arco profundo; Micr\u00f4metro para medir a parede de tubo e engrenagens, Rel\u00f3gio comparador e rel\u00f3gio para medir espessura; Uso de blocos padr\u00e3o e tra\u00e7adores de altura.<\/p>\n\n\n\n<p><strong><u>AUTOCAD CONSTRU\u00c7\u00c3O CIVIL<\/u><\/strong><strong>&nbsp;(24h)<\/strong><\/p>\n\n\n\n<p><strong>Datas do curso:&nbsp;<\/strong>17 e 24\/02, 02, 09, 16 e 23\/03.<\/p>\n\n\n\n<p><strong>Investimento:&nbsp;<\/strong>R$ 275,00<\/p>\n\n\n\n<p><strong>Objetivo do curso:<\/strong>&nbsp;Potencializar a utiliza\u00e7\u00e3o do AutoCAD como instrumento de concep\u00e7\u00e3o e representa\u00e7\u00e3o de projetos de arquitetura voltado para o ramo da constru\u00e7\u00e3o civil.<\/p>\n\n\n\n<p><strong>Conte\u00fado:&nbsp;<\/strong>Desenho por Coordenadas; Comandos de Edi\u00e7\u00e3o B\u00e1sicos; Projeto Simplificado, Desenho de Plantas baixas e confec\u00e7\u00e3o de linha de corte; Cotas e Dimensionamento de \u00e1reas e per\u00edmetros; edi\u00e7\u00e3o de textos, elabora\u00e7\u00e3o de&nbsp;<em>Layers<\/em>, Propriedades das entidades, Escalas das folhas e do desenho, visualiza\u00e7\u00e3o e impress\u00e3o.<\/p>\n\n\n\n<p><strong><u>OPERADOR DE EMPILHADEIRA&nbsp;<\/u><\/strong><strong>(24h)<\/strong><\/p>\n\n\n\n<p><strong>Datas do curso:&nbsp;<\/strong>17 e 24\/02, 02, 09, 16 e 23\/03.<\/p>\n\n\n\n<p><strong>Requisitos:&nbsp;<\/strong>Ter acima de 18 anos de idade e CNH nas categorias B, C, D ou E.<\/p>\n\n\n\n<p><strong>Investimento:&nbsp;<\/strong>R$ 475,00<\/p>\n\n\n\n<p><strong>Objetivo do curso:&nbsp;<\/strong>Desenvolver as capacidades necess\u00e1rias para opera\u00e7\u00e3o de empilhadeiras, tendo em vista a movimenta\u00e7\u00e3o de cargas, seguran\u00e7a, preservar as boas condi\u00e7\u00f5es da m\u00e1quina para uso. &nbsp;<\/p>\n\n\n\n<p><strong>Conte\u00fado:&nbsp;<\/strong>Legisla\u00e7\u00e3o pertinente; Armazenagem e estocagem; Postura do Operador de Empilhadeira, Defini\u00e7\u00e3o de Empilhadeira, Controles, Instrumento, Dispositivos; Seguran\u00e7a do Trabalho.<\/p>\n\n\n\n<p>Os alunos do curso de Operador de Empilhadeira est\u00e3o utilizando a empilhadeira STILL \u2013 RC44-25, fornecida pela empresa KION South Am\u00e9rica, atrav\u00e9s de parceria realizada com a Fiec.<\/p>\n\n\n\n<p><strong><u>LIDERAN\u00c7A: O DESAFIO DO L\u00cdDER COM A DIVERSIDADE DE GERA\u00c7\u00d5ES<\/u><\/strong><strong>&nbsp;(4h)<\/strong><\/p>\n\n\n\n<p><strong>Datas do curso:&nbsp;<\/strong>&nbsp;TURMA 1 (17\/02); TURMA 2 (02\/03); TURMA 3 (16\/03).<\/p>\n\n\n\n<p><strong>Investimento:&nbsp;<\/strong>R$ 100,00<\/p>\n\n\n\n<p><strong>Objetivo do curso:<\/strong>&nbsp;Conhecer as principais caracter\u00edsticas de cada gera\u00e7\u00e3o no ambiente de trabalho, desenvolvendo estrat\u00e9gias e habilidades de lideran\u00e7a.<\/p>\n\n\n\n<p><strong>Conte\u00fado:&nbsp;<\/strong>Caracter\u00edsticas das Gera\u00e7\u00f5es Baby Boomer; X, Y, Z e Alfa. Aspectos positivos e negativos de cada gera\u00e7\u00e3o; Desafios do gestor com cada gera\u00e7\u00e3o; O que motiva e envolve cada gera\u00e7\u00e3o.<\/p>\n\n\n\n<p><strong><u>AROMATERAPIA: O PODER DAS PLANTAS E \u00d3LEOS ESSENCIAIS \u2013 M\u00d3DULO 2<\/u><\/strong><strong>&nbsp;(8h)<\/strong><\/p>\n\n\n\n<p><strong>Datas do curso:&nbsp;<\/strong>&nbsp;TURMA 1 (17\/02 e 24\/02); TURMA 2 (02\/03 e 09\/03); TURMA 3 (23\/03 e 30\/03).<\/p>\n\n\n\n<p><strong>Investimento:&nbsp;<\/strong>R$ 150,00<\/p>\n\n\n\n<p><strong>Objetivo do curso:<\/strong>&nbsp;Obter conhecimento sobre fitoterapia e o uso de plantas para aplica\u00e7\u00f5es medicinais. &nbsp;<\/p>\n\n\n\n<p><strong>Conte\u00fado:<\/strong><\/p>\n\n\n\n<p><strong>Conceito te\u00f3rico<\/strong><\/p>\n\n\n\n<p>\u00d3leos Essenciais (classifica\u00e7\u00e3o, vias de atua\u00e7\u00e3o dos \u00f3leos essenciais, propriedades especiais e espec\u00edficas dos \u00f3leos essenciais, uso pr\u00e1tico dos \u00f3leos essenciais); Prepara\u00e7\u00e3o de tinturas terap\u00eauticas a partir de plantas frescas; Cria\u00e7\u00f5es e formula\u00e7\u00f5es de perfumes naturais e&nbsp;<em>blends<\/em>; Cria\u00e7\u00f5es e formula\u00e7\u00f5es de velas corporais terap\u00eauticas; &nbsp;No\u00e7\u00f5es de terapias complementares; Cria\u00e7\u00e3o de protocolos espec\u00edficos de Aromaterapia; Legisla\u00e7\u00e3o e \u00f3rg\u00e3os regulamentadores na Aromaterapia: Como montar uma linha de cosm\u00e9ticos naturais.<\/p>\n\n\n\n<p><strong>Conceito pr\u00e1tico no laborat\u00f3rio:&nbsp;<\/strong>&nbsp;&nbsp;&nbsp;&nbsp;&nbsp;&nbsp;&nbsp;&nbsp;&nbsp;&nbsp;&nbsp;&nbsp;&nbsp;&nbsp;&nbsp;&nbsp;&nbsp;&nbsp;<\/p>\n\n\n\n<p>Tinturas; Perfumes naturais; &nbsp;Sabonetes naturais com finalidades terap\u00eauticas; Sinergias oleosas para protocolos espec\u00edficos; Gel para os cabelos.<\/p>\n\n\n\n<p>Os links dos cursos estar\u00e3o dispon\u00edveis a partir do dia 17 de janeiro no site da&nbsp;<a href=\"https:\/\/www.fiec.com.br\/site\/index.do\">Fiec<\/a>.<\/p>\n\n\n\n<p><strong>Servi\u00e7o<\/strong><\/p>\n\n\n\n<p><strong>Cursos Extracurriculares<\/strong><\/p>\n\n\n\n<p><strong>Per\u00edodo de inscri\u00e7\u00e3o:<\/strong>&nbsp;17\/01\/2024 at\u00e9 15\/02\/2024<\/p>\n\n\n\n<p><strong>Local de inscri\u00e7\u00e3o:<\/strong>&nbsp;On-line, no site da Fiec.<\/p>\n\n\n\n<p><strong>In\u00edcio das aulas:<\/strong>&nbsp;17\/02\/2024.<\/p>\n\n\n\n<p><strong>Hor\u00e1rio dos cursos:&nbsp;<\/strong>das 8h \u00e0s 12h.<\/p>\n\n\n\n<p><strong>Local<\/strong>: Fiec &#8211; Av. Engenheiro F\u00e1bio Roberto Barnab\u00e9, 3405 &#8211; Jardim Regina.<\/p>\n","protected":false},"excerpt":{"rendered":"<p>Treze op\u00e7\u00f5es de cursos de curta dura\u00e7\u00e3o que ocorrer\u00e3o aos s\u00e1bados na Fiec A Funda\u00e7\u00e3o Indaiatubana de Educa\u00e7\u00e3o e Cultura (Fiec) abre as inscri\u00e7\u00f5es no dia 17 de janeiro para os&nbsp;cursos&nbsp;extracurriculares&nbsp;de Administra\u00e7\u00e3o do Tempo, AutoCAD Constru\u00e7\u00e3o Civil, tr\u00eas turmas para o m\u00f3dulo 2 de \u201cAromaterapia: O poder das plantas e \u00f3leos essenciais\u201d, Escrita Fiscal, &nbsp;tr\u00eas [&hellip;]<\/p>\n","protected":false},"author":7,"featured_media":21445,"comment_status":"closed","ping_status":"open","sticky":false,"template":"","format":"standard","meta":{"rop_custom_images_group":[],"rop_custom_messages_group":[],"rop_publish_now":"initial","rop_publish_now_accounts":[],"rop_publish_now_history":[],"rop_publish_now_status":"pending","footnotes":""},"categories":[188],"tags":[73],"class_list":["post-21444","post","type-post","status-publish","format-standard","has-post-thumbnail","hentry","category-indaiatuba","tag-featured"],"amp_enabled":true,"_links":{"self":[{"href":"https:\/\/imais.online\/portal\/wp-json\/wp\/v2\/posts\/21444","targetHints":{"allow":["GET"]}}],"collection":[{"href":"https:\/\/imais.online\/portal\/wp-json\/wp\/v2\/posts"}],"about":[{"href":"https:\/\/imais.online\/portal\/wp-json\/wp\/v2\/types\/post"}],"author":[{"embeddable":true,"href":"https:\/\/imais.online\/portal\/wp-json\/wp\/v2\/users\/7"}],"replies":[{"embeddable":true,"href":"https:\/\/imais.online\/portal\/wp-json\/wp\/v2\/comments?post=21444"}],"version-history":[{"count":1,"href":"https:\/\/imais.online\/portal\/wp-json\/wp\/v2\/posts\/21444\/revisions"}],"predecessor-version":[{"id":21446,"href":"https:\/\/imais.online\/portal\/wp-json\/wp\/v2\/posts\/21444\/revisions\/21446"}],"wp:featuredmedia":[{"embeddable":true,"href":"https:\/\/imais.online\/portal\/wp-json\/wp\/v2\/media\/21445"}],"wp:attachment":[{"href":"https:\/\/imais.online\/portal\/wp-json\/wp\/v2\/media?parent=21444"}],"wp:term":[{"taxonomy":"category","embeddable":true,"href":"https:\/\/imais.online\/portal\/wp-json\/wp\/v2\/categories?post=21444"},{"taxonomy":"post_tag","embeddable":true,"href":"https:\/\/imais.online\/portal\/wp-json\/wp\/v2\/tags?post=21444"}],"curies":[{"name":"wp","href":"https:\/\/api.w.org\/{rel}","templated":true}]}}